{"id":13883,"date":"2009-08-22T21:35:01","date_gmt":"2009-08-22T18:35:01","guid":{"rendered":"http:\/\/www.korhanyilmaz.com\/?p=13883"},"modified":"2009-08-22T21:35:01","modified_gmt":"2009-08-22T18:35:01","slug":"asker-katili-ile-devlet-ayni-safta","status":"publish","type":"post","link":"http:\/\/www.korhanyilmaz.com\/?p=13883","title":{"rendered":"Asker katili ile devlet ayn\u0131 safta"},"content":{"rendered":"<p style=\"text-align: center;\"><a href=\"http:\/\/www.korhanyilmaz.com\/wp-content\/uploads\/2009\/08\/2009-08-23_190036.jpg\"  class=\"lightview\"><img loading=\"lazy\" decoding=\"async\" class=\"aligncenter size-full wp-image-13884\" src=\"http:\/\/www.korhanyilmaz.com\/wp-content\/uploads\/2009\/08\/2009-08-23_190036.jpg\" alt=\"\" width=\"393\" height=\"193\" \/><\/a><\/p>\n<p style=\"text-align: justify;\">T\u00fcm \u015eehit Ailelerine Hizmet Derne\u011fi Genel Ba\u015fkan\u0131 Hikmet \u00c7etin, MGK bildirisinin t\u00fcm \u015fehit annelerinin y\u00fcreklerini bir kez daha yakt\u0131\u011f\u0131n\u0131 belirterek, asker katiliyle devletin bir safta oldu\u011funu s\u00f6yledi. \u00c7etin, b\u00f6lme projesini askerin desteklemesinin kayg\u0131 verici oldu\u011funu s\u00f6yledi.<\/p>\n<p style=\"text-align: justify;\"><strong><em>MGK bildirisi \u015fehit ailelerini y\u0131kt\u0131<\/em><\/strong><\/p>\n<p style=\"text-align: justify;\">T\u00fcm \u015eehit Ailelerine Hizmet Derne\u011fi Genel Ba\u015fkan\u0131 Hikmet \u00c7etin,  Milli G\u00fcvenlik Kurulu toplant\u0131s\u0131nda al\u0131nan \u201ca\u00e7\u0131l\u0131ma devam\u201d karar\u0131na sert tepki g\u00f6sterdi. Konuya ili\u015fkin yaz\u0131l\u0131 bir a\u00e7\u0131klama yapan \u00c7etin, MGK bildirisinin \u015fehit ailelerinin \u00fcmitlerini k\u0131rd\u0131\u011f\u0131n\u0131 vurgulad\u0131. B\u00f6lme projesini askerin desteklemesinin kayg\u0131 verici oldu\u011funu ifade eden \u00c7etin  \u201cMGK bildirisi okununca t\u00fcm \u015fehit annelerinin y\u00fcrekleri bir kez daha yand\u0131. Askerden beklenen cevap bizleri \u015fok etti. Beklerdik ki ter\u00f6rle m\u00fccadeleye kararl\u0131 bir \u015fekilde devam edilecek vatan hainleri ile pazarl\u0131k yap\u0131lmaz denilecek.\u201d iadelerini kulland\u0131. \u00c7etin \u015funlar\u0131 kaydetti: <!--more--><\/p>\n<p style=\"text-align: justify;\"><strong><em>\u0130stiklal mar\u015f\u0131 da okunmas\u0131n<\/em><\/strong><\/p>\n<p style=\"text-align: justify;\">\u201cG\u00f6r\u00fcyoruz ki asker katiliyle devlet bir safta. Bu \u00fclkede kan akmaya devam etsin diyen var m\u0131? kan edebiyat\u0131 ile bu i\u015fin \u00fczerine nas\u0131l gidersiniz kan\u0131 ak\u0131tan devlet ya da asker mi? Gencecik \u00e7ocuklar\u0131m\u0131z G\u00fcneydo\u011fu s\u0131n\u0131rlar\u0131nda ni\u00e7in can verdi ve halen de vermeye devam ediyor? Devlete ve millete kar\u0131\u015f duran bir katili nas\u0131l a\u00e7\u0131l\u0131m i\u00e7inde affetmeye \u00e7al\u0131\u015f\u0131rs\u0131n\u0131z? Apo istedi 30 bin Mehmet\u00e7ik \u015fehit edildi. Binlerce K\u00fcrt katledildi. Apo istedi idam\u0131 kald\u0131rd\u0131n\u0131z. Apo istedi, temsilcilerini siyasalla\u015ft\u0131rd\u0131n\u0131z. Apo istedi af haz\u0131rlad\u0131n\u0131z. Apo istedi a\u00e7\u0131l\u0131m \u00e7\u0131kard\u0131n\u0131z. Apo istedi \u00f6zel harekatc\u0131lar\u0131 \u00e7ektiniz. Apo istiyor, Ne mutlu t\u00fcrk\u00fcm denmesin hatta \u0130stiklal Mar\u015f\u0131 da okunmas\u0131n, onu da kald\u0131r\u0131n. Biz de istiyoruz ki devlete millete kar\u015f\u0131 su\u00e7 i\u015fleyenleri beslemeyin, as\u0131n K\u0131z\u0131lay\u2019\u0131n ortas\u0131na da ter\u00f6r nas\u0131l bitiyor.\u201d<\/p>\n<p style=\"text-align: justify;\"><span style=\"color: #888888;\">Haber Kayna\u011f\u0131 : \u00d6nsel \u00dcnal &#8211; <a href=\"http:\/\/www.yenicaggazetesi.com.tr\/haberdetay.php?hit=21973\" target=\"_blank\">yenicaggazetesi.com.tr<\/a><\/span><\/p>\n","protected":false},"excerpt":{"rendered":"<p style=\"text-align: center;\">\n<p style=\"text-align: justify;\">T\u00fcm \u015eehit Ailelerine Hizmet Derne\u011fi Genel Ba\u015fkan\u0131 Hikmet \u00c7etin, MGK bildirisinin t\u00fcm \u015fehit annelerinin y\u00fcreklerini bir kez daha yakt\u0131\u011f\u0131n\u0131 belirterek, asker katiliyle devletin bir safta oldu\u011funu s\u00f6yledi. \u00c7etin, b\u00f6lme projesini askerin desteklemesinin kayg\u0131 verici oldu\u011funu s\u00f6yledi.<\/p>\n<p style=\"text-align: justify;\">MGK bildirisi \u015fehit ailelerini y\u0131kt\u0131<\/p>\n<p style=\"text-align: justify;\">T\u00fcm \u015eehit Ailelerine Hizmet Derne\u011fi <\/p>\n","protected":false},"author":1,"featured_media":0,"comment_status":"open","ping_status":"closed","sticky":false,"template":"","format":"standard","meta":{"footnotes":""},"categories":[105],"tags":[],"class_list":["post-13883","post","type-post","status-publish","format-standard","hentry","category-gundem","odd"],"_links":{"self":[{"href":"http:\/\/www.korhanyilmaz.com\/index.php?rest_route=\/wp\/v2\/posts\/13883","targetHints":{"allow":["GET"]}}],"collection":[{"href":"http:\/\/www.korhanyilmaz.com\/index.php?rest_route=\/wp\/v2\/posts"}],"about":[{"href":"http:\/\/www.korhanyilmaz.com\/index.php?rest_route=\/wp\/v2\/types\/post"}],"author":[{"embeddable":true,"href":"http:\/\/www.korhanyilmaz.com\/index.php?rest_route=\/wp\/v2\/users\/1"}],"replies":[{"embeddable":true,"href":"http:\/\/www.korhanyilmaz.com\/index.php?rest_route=%2Fwp%2Fv2%2Fcomments&post=13883"}],"version-history":[{"count":0,"href":"http:\/\/www.korhanyilmaz.com\/index.php?rest_route=\/wp\/v2\/posts\/13883\/revisions"}],"wp:attachment":[{"href":"http:\/\/www.korhanyilmaz.com\/index.php?rest_route=%2Fwp%2Fv2%2Fmedia&parent=13883"}],"wp:term":[{"taxonomy":"category","embeddable":true,"href":"http:\/\/www.korhanyilmaz.com\/index.php?rest_route=%2Fwp%2Fv2%2Fcategories&post=13883"},{"taxonomy":"post_tag","embeddable":true,"href":"http:\/\/www.korhanyilmaz.com\/index.php?rest_route=%2Fwp%2Fv2%2Ftags&post=13883"}],"curies":[{"name":"wp","href":"https:\/\/api.w.org\/{rel}","templated":true}]}}