{"id":13878,"date":"2009-08-22T21:37:05","date_gmt":"2009-08-22T18:37:05","guid":{"rendered":"http:\/\/www.korhanyilmaz.com\/?p=13878"},"modified":"2009-08-22T21:37:05","modified_gmt":"2009-08-22T18:37:05","slug":"ipini-kopartti","status":"publish","type":"post","link":"http:\/\/www.korhanyilmaz.com\/?p=13878","title":{"rendered":"\u0130pini Kopartt\u0131"},"content":{"rendered":"<p style=\"text-align: center;\"><a href=\"http:\/\/www.korhanyilmaz.com\/wp-content\/uploads\/2009\/08\/ocalan1.jpg\"  class=\"lightview\"><img loading=\"lazy\" decoding=\"async\" class=\"aligncenter size-full wp-image-13879\" src=\"http:\/\/www.korhanyilmaz.com\/wp-content\/uploads\/2009\/08\/ocalan1.jpg\" alt=\"\" width=\"395\" height=\"196\" \/><\/a><\/p>\n<p style=\"text-align: justify;\">AKP\u2019nin teslimiyet\u00e7i tutumundan y\u00fcz bulan \u0130mral\u0131 canisi, t\u0131k\u0131ld\u0131\u011f\u0131 delikten sa\u011fa sola tehdit savurdu.<\/p>\n<p style=\"text-align: justify;\">TER\u00d6R \u00e7etesinin lideri kendisinin muhatap al\u0131nmas\u0131n\u0131 isteyerek, T\u00fcrk Silahl\u0131 Kuvvetleri ile MHP Genel Ba\u015fkan\u0131 Devlet Bah\u00e7eli ve \u00fclk\u00fcc\u00fcleri a\u00e7\u0131k\u00e7a tahrik etmeye kalk\u0131\u015ft\u0131.<\/p>\n<p style=\"text-align: justify;\"><strong><em>Ter\u00f6rist \u00d6calan\u2019\u0131 azd\u0131rd\u0131lar<\/em><\/strong><\/p>\n<p style=\"text-align: justify;\">AKP h\u00fck\u00fcmetinin tak\u0131nd\u0131\u011f\u0131 tavizkar tutum ter\u00f6ristba\u015f\u0131 Abdullah \u00d6calan\u2019\u0131 azd\u0131rd\u0131. Kenya\u2019da yakalan\u0131p T\u00fcrkiye\u2019ye getirildi\u011finde devletin hizmetinde olaca\u011f\u0131n\u0131 s\u00f6yleyen \u00d6calan, avukatlar\u0131yla yapt\u0131\u011f\u0131 son g\u00f6r\u00fc\u015fmede T\u00fcrkiye Cumhuriyeti\u2019ne resmen meydan okuyor. \u2019K\u00fcrt sorunu\u2019nun \u00e7\u00f6z\u00fcm\u00fcnde kendisiyle m\u00fczakere edilmesi gerekti\u011fini dile getiren ter\u00f6ristba\u015f\u0131 \u00d6calan, \u015funlar\u0131 dile getirdi: \u201cBen 10 y\u0131ld\u0131r bu sorunun \u00e7\u00f6z\u00fcm\u00fc i\u00e7in elimden geleni yapt\u0131m. T\u00fcrkiye\u2019de Ya\u015far Kemal dahil hi\u00e7bir ayd\u0131n sorunu tam olarak derinli\u011fine kavrayam\u0131yor.<!--more--><\/p>\n<p style=\"text-align: justify;\"><strong><em>Kar\u015f\u0131lar\u0131nda \u00e7ocuk yok<\/em><\/strong><\/p>\n<p style=\"text-align: justify;\">DTP beni temsil etmiyor, PKK beni temsil etmiyor. Bir ba\u015fkas\u0131 beni temsil etmiyor. Mesela Ahmet T\u00fcrk\u2019le mi \u00e7\u00f6zmek istiyorsunuz. Sizi engelleyen kimse mi var? Kar\u015f\u0131lar\u0131nda \u00e7ocuk yok&#8230;Emniyetle 90 g\u00fcn m\u00fczakere etmem laz\u0131m. 90 g\u00fcn m\u00fczakere ettikten sonra ancak sorunun emniyet y\u00f6n\u00fc \u00e7\u00f6z\u00fcm noktas\u0131na gelebilir. Sorunun askeri boyutunun \u00e7\u00f6z\u00fclebilmesi i\u00e7in benim 45 g\u00fcn m\u00fczakere etmem laz\u0131m.<\/p>\n<p style=\"text-align: justify;\"><strong><em>Bah\u00e7eli \u00e7ok konu\u015fuyor<\/em><\/strong><\/p>\n<p style=\"text-align: justify;\">Bah\u00e7eli \u00e7ok konu\u015fuyor. Bah\u00e7eli neden anlam\u0131yor? G\u00fcc\u00fc de yok, kendisi bunu biliyor. Ne yapmak istedi\u011fi ortada&#8230; Bah\u00e7eli, o kadar g\u00fcc\u00fcn\u00fcz varsa, o kadar kendinize g\u00fcveniyorsan\u0131z sizi ba\u015fkumandan ilan edelim. Topla \u00fclk\u00fcc\u00fc ordunuzu, Kandil\u2019e gidin. Bakay\u0131m ne yapacaks\u0131n\u0131z. \u015eimdi g\u00fcc\u00fcn\u00fcz de yok. Yine de ba\u011f\u0131r\u0131p \u00e7a\u011f\u0131r\u0131yorsunuz. Anlamak zorundas\u0131n\u0131z. Yeri geldi\u011fi zaman ben bunlar\u0131n hesaplar\u0131n\u0131 hepsinden sorar\u0131m.\u201d<\/p>\n<p style=\"text-align: justify;\">Kaynak :<a href=\"http:\/\/www.yenicaggazetesi.com.tr\/haberdetay.php?hit=21974\" target=\"_blank\"> yenicaggazetesi.com.tr<\/a><\/p>\n","protected":false},"excerpt":{"rendered":"<p style=\"text-align: center;\">\n<p style=\"text-align: justify;\">AKP\u2019nin teslimiyet\u00e7i tutumundan y\u00fcz bulan \u0130mral\u0131 canisi, t\u0131k\u0131ld\u0131\u011f\u0131 delikten sa\u011fa sola tehdit savurdu.<\/p>\n<p style=\"text-align: justify;\">TER\u00d6R \u00e7etesinin lideri kendisinin muhatap al\u0131nmas\u0131n\u0131 isteyerek, T\u00fcrk Silahl\u0131 Kuvvetleri ile MHP Genel Ba\u015fkan\u0131 Devlet Bah\u00e7eli ve \u00fclk\u00fcc\u00fcleri a\u00e7\u0131k\u00e7a tahrik etmeye kalk\u0131\u015ft\u0131.<\/p>\n<p style=\"text-align: justify;\">Ter\u00f6rist \u00d6calan\u2019\u0131 azd\u0131rd\u0131lar<\/p>\n<p style=\"text-align: justify;\">AKP h\u00fck\u00fcmetinin tak\u0131nd\u0131\u011f\u0131 tavizkar tutum ter\u00f6ristba\u015f\u0131 <\/p>\n","protected":false},"author":1,"featured_media":0,"comment_status":"open","ping_status":"closed","sticky":false,"template":"","format":"standard","meta":{"footnotes":""},"categories":[105],"tags":[],"class_list":["post-13878","post","type-post","status-publish","format-standard","hentry","category-gundem","odd"],"_links":{"self":[{"href":"http:\/\/www.korhanyilmaz.com\/index.php?rest_route=\/wp\/v2\/posts\/13878","targetHints":{"allow":["GET"]}}],"collection":[{"href":"http:\/\/www.korhanyilmaz.com\/index.php?rest_route=\/wp\/v2\/posts"}],"about":[{"href":"http:\/\/www.korhanyilmaz.com\/index.php?rest_route=\/wp\/v2\/types\/post"}],"author":[{"embeddable":true,"href":"http:\/\/www.korhanyilmaz.com\/index.php?rest_route=\/wp\/v2\/users\/1"}],"replies":[{"embeddable":true,"href":"http:\/\/www.korhanyilmaz.com\/index.php?rest_route=%2Fwp%2Fv2%2Fcomments&post=13878"}],"version-history":[{"count":0,"href":"http:\/\/www.korhanyilmaz.com\/index.php?rest_route=\/wp\/v2\/posts\/13878\/revisions"}],"wp:attachment":[{"href":"http:\/\/www.korhanyilmaz.com\/index.php?rest_route=%2Fwp%2Fv2%2Fmedia&parent=13878"}],"wp:term":[{"taxonomy":"category","embeddable":true,"href":"http:\/\/www.korhanyilmaz.com\/index.php?rest_route=%2Fwp%2Fv2%2Fcategories&post=13878"},{"taxonomy":"post_tag","embeddable":true,"href":"http:\/\/www.korhanyilmaz.com\/index.php?rest_route=%2Fwp%2Fv2%2Ftags&post=13878"}],"curies":[{"name":"wp","href":"https:\/\/api.w.org\/{rel}","templated":true}]}}