{"id":13872,"date":"2009-08-22T22:10:19","date_gmt":"2009-08-22T19:10:19","guid":{"rendered":"http:\/\/www.korhanyilmaz.com\/?p=13872"},"modified":"2009-08-22T22:10:19","modified_gmt":"2009-08-22T19:10:19","slug":"iste-akpnin-acilim-haritasi","status":"publish","type":"post","link":"http:\/\/www.korhanyilmaz.com\/?p=13872","title":{"rendered":"\u0130\u015fte AKP&#039;nin A\u00c7ILIM haritas\u0131"},"content":{"rendered":"<div id=\"attachment_13874\" style=\"width: 282px\" class=\"wp-caption aligncenter\"><a href=\"http:\/\/www.korhanyilmaz.com\/wp-content\/uploads\/2009\/08\/mehmet_sand\u0131r1.jpg\"  class=\"lightview\"><img loading=\"lazy\" decoding=\"async\" aria-describedby=\"caption-attachment-13874\" class=\"size-full wp-image-13874\" title=\"MHP Grup Ba\u015fkanvekili Mehmet \u015eand\u0131r\" src=\"http:\/\/www.korhanyilmaz.com\/wp-content\/uploads\/2009\/08\/mehmet_sand\u0131r1.jpg\" alt=\"MHP Grup Ba\u015fkanvekili Mehmet \u015eand\u0131r\" width=\"272\" height=\"204\" \/><\/a><p id=\"caption-attachment-13874\" class=\"wp-caption-text\">MHP Grup Ba\u015fkanvekili Mehmet \u015eand\u0131r<\/p><\/div>\n<p style=\"text-align: justify;\"><strong><em>Asba\u015fkan Amerika , E\u015fba\u015fkan Erdo\u011fan<\/em><\/strong><\/p>\n<p style=\"text-align: justify;\">MHP Grup Ba\u015fkanvekili Mehmet \u015eand\u0131r, Ba\u015fbakan Erdo\u011fan\u2019\u0131n a\u00e7\u0131l\u0131m \u00e7al\u0131\u015fmalar\u0131n\u0131n temelinde b\u00f6lgeye yeni harita \u00e7izen BOP\u2019un e\u015fba\u015fkanl\u0131\u011f\u0131 g\u00f6revinin gere\u011fini yerine getirme gayreti bulundu\u011funu vurgulad\u0131.<\/p>\n<p style=\"text-align: justify;\"><strong><em>Prof. M\u00fcmtaz Soysal:<\/em><\/strong> AB\u2019nin de plan\u0131 var.<\/p>\n<p style=\"text-align: justify;\"><strong>\u0130P:<\/strong> A\u00e7\u0131l\u0131m BOP\u2019un \u00f6nemli bir par\u00e7as\u0131<\/p>\n<p style=\"text-align: justify;\"><em><strong>A\u00e7\u0131l\u0131m\u0131n ucu BOP\u2019a \u00e7\u0131k\u0131yor<\/strong><\/em><\/p>\n<p style=\"text-align: justify;\">Siyasiler iktidar\u0131n s\u00f6zde K\u00fcrt sorunu a\u00e7\u0131l\u0131m\u0131n\u0131n ABD\u2019nin s\u00f6m\u00fcrgele\u015ftirme plan\u0131 olan B\u00fcy\u00fck Ortado\u011fu Projesi\u2019nin bir par\u00e7as\u0131 oldu\u011funu iddia ediyor.<!--more--><\/p>\n<p style=\"text-align: justify;\">\u0130\u00e7i\u015fleri Bakan\u0131 Be\u015fir Atalay\u2019\u0131n koordinat\u00f6rl\u00fc\u011f\u00fcnde ba\u015flat\u0131lan s\u00f6zde K\u00fcrt sorunu a\u00e7\u0131l\u0131m\u0131n\u0131n B\u00fcy\u00fck Ortado\u011fu Projesi\u2019nin (BOP) bir par\u00e7as\u0131 oldu\u011fu iddia ediliyor. BOP\u2019un, T\u00fcrkiye\u2019nin de aras\u0131nda bulundu\u011fu 22 \u00fclkenin b\u00f6l\u00fcnmesini hedefledi\u011fini belirten siyasiler, haritalar\u0131n\u0131 yay\u0131nlanan projede yer alan K\u00fcrdistan devletine dikkat \u00e7ekiyor. Irak\u2019\u0131n fiili olarak 3\u2019e b\u00f6l\u00fcnd\u00fc\u011f\u00fcn\u00fc ve pe\u015fmergelere K\u00fcrt devleti kurdurtuldu\u011funu dile getiren siyasiler \u201c S\u0131ra T\u00fcrkiye aya\u011f\u0131na geldi. \u0130ktidar, a\u00e7\u0131l\u0131m \u00e7al\u0131\u015fmalar\u0131 ile d\u00fc\u011fmeye bast\u0131\u201d yorumunu yap\u0131yorlar.<\/p>\n<p style=\"text-align: justify;\"><strong><em>\u00dcniter yap\u0131 tehlikede<\/em><\/strong><\/p>\n<p style=\"text-align: justify;\">ABD Ba\u015fkan\u0131 Bush\u2019tan sonra BOP kavram\u0131n\u0131n uluslararas\u0131 literat\u00fcrden \u00e7\u0131kar\u0131ld\u0131\u011f\u0131 y\u00f6n\u00fcnde bir kan\u0131n\u0131n oldu\u011funa dikkat \u00e7eken D\u0131\u015fi\u015fleri eski Bakan\u0131 Prof. Dr. M\u00fcmtaz Soysal, bunun daha erken oldu\u011funu s\u00f6yledi. Soysal \u015funlar\u0131 kaydetti. \u201cHen\u00fcz bu proje rafa kalkmad\u0131. Sadece ABD\u2019nin de\u011fil, Avrupa\u2019n\u0131n da bu y\u00f6nde planlar\u0131 var. Bug\u00fcn T\u00fcrkiye\u2019de ya\u015fananlar\u0131 yorumlad\u0131\u011f\u0131n\u0131z zaman hissedilen de maalesef bu. T\u00fcrkiye\u2019de ya\u015fanan geli\u015fmeleri de irdeledi\u011fimiz de akl\u0131m\u0131za ister istemez \u00fcniter yap\u0131n\u0131n b\u00fct\u00fcnl\u00fc\u011f\u00fcne y\u00f6nelik olarak s\u0131k\u0131nt\u0131lar geliyor\u201d<\/p>\n<p style=\"text-align: justify;\"><strong><em>2. \u0130srail garantiye al\u0131n\u0131yor<\/em><\/strong><\/p>\n<p style=\"text-align: justify;\">\u0130\u015f\u00e7i Partisi Genel Ba\u015fkan yard\u0131mc\u0131s\u0131 Mehmet Cengiz de, K\u00fcrt A\u00e7\u0131l\u0131m\u0131\u2019n\u0131n Irak\u2019tan \u00e7ekilme arifesinde olan ABD\u2019nin T\u00fcrkiye\u2019ye bir dayatmas\u0131 oldu\u011funu kaydetti. Irak\u2019\u0131n kuzeyinde kurulacak olan 2. \u0130srail kukla devleti\u2019nin ya\u015fayabilmesi i\u00e7in T\u00fcrkiye\u2019nin hamili\u011fine ihtiya\u00e7 duyuldu\u011funu anlatan Cengiz, \u201cBu a\u00e7\u0131dan bakt\u0131\u011f\u0131n\u0131z zaman BOP\u2019un kesinlikle bir uzant\u0131s\u0131d\u0131r ve onun i\u00e7eri\u011fini ta\u015f\u0131r. K\u00fcrt A\u00e7\u0131l\u0131m\u0131 BOP\u2019un bir par\u00e7as\u0131 olarak g\u00fcndeme gelmi\u015ftir. Irak\u2019\u0131n kuzeyinde kurulmas\u0131 d\u00fc\u015f\u00fcn\u00fclen 2. \u0130srail\u2019in kukla devletinin ya\u015fayabilmesi i\u00e7in b\u00f6yle bir a\u00e7\u0131l\u0131ma ihtiya\u00e7 bulunmaktad\u0131r. Bu nedenle T\u00fcrkiye\u2019ye de ABD taraf\u0131ndan a\u00e7\u0131l\u0131m dayat\u0131lmaktad\u0131r.\u201d dedi.<\/p>\n<p style=\"text-align: justify;\"><strong><em>B\u00f6l-yut politikas\u0131<\/em><\/strong><\/p>\n<p style=\"text-align: justify;\">T\u00fcrkiye\u2019nin b\u00f6lgesinde ve s\u0131n\u0131rlar\u0131 etraf\u0131nda oynanan oyunun \u00e7ok a\u00e7\u0131k olmas\u0131na ra\u011fmen, hala yanl\u0131\u015f politikalarla u\u011fra\u015f\u0131ld\u0131\u011f\u0131n\u0131 dile getiren \u0130zmir eski B\u00fcy\u00fck\u015fehir belediye Ba\u015fkan\u0131 Burhan \u00d6zfatura ise, hem g\u00fcndemin sapt\u0131r\u0131ld\u0131\u011f\u0131n\u0131, hem de gereksiz yere sorunlar\u0131n yarat\u0131ld\u0131\u011f\u0131n\u0131 kaydetti. Sorunun ad\u0131n\u0131n dahi yanl\u0131\u015f oldu\u011funu belirten \u00d6zfatura \u015funlar\u0131 kaydetti. \u201c T\u00fcrkiye\u2019de sorunun ad\u0131 yanl\u0131\u015f kondu. B\u00f6yle bir hak hukuk sorunu bulunmuyor. Kendi kendimize sorunlar yarat\u0131p, b\u00f6l ve yut politikalar\u0131na alet oluyoruz. Bug\u00fcn T\u00fcrkiye\u2019nin b\u00f6lgesine \u0130srail-ABD-Vatikan-AB \u015fer d\u00f6rtl\u00fcs\u00fc taraf\u0131ndan b\u00f6l-yut politikas\u0131 dayat\u0131l\u0131yor. Bunun tarihte de \u00e7ok \u00f6rnekleri var. Bu \u015fer odaklar\u0131 Kafkaslarda bunu yap\u0131yor, Balkanlarda bunu yap\u0131yor, Ortado\u011fu\u2019da bunu yap\u0131yor. Bug\u00fcn \u00e7ok tehlikeli bir s\u00fcrece girmi\u015f durumday\u0131z. Kuzey Irak\u2019taki Barzani y\u00f6netiminin Yahudi oldu\u011funu bilmeyen mi kald\u0131? Bunlara dikkat ederek uluslar aras\u0131 politikalar belirlenmeli. Ataca\u011f\u0131n\u0131z her ad\u0131m b\u00fcy\u00fck \u00f6nem ta\u015f\u0131yor. Bu t\u00fcr yanl\u0131\u015f ad\u0131mlarla T\u00fcrkiye\u2019nin b\u00f6l\u00fcnmesine gidecek kadar sonu\u00e7larla kar\u015f\u0131la\u015fabiliriz. Allah y\u00f6netenlere basiret versin.\u201d<\/p>\n<p style=\"text-align: justify;\"><em><strong>Pentagon dergisinde yay\u0131nlad\u0131<\/strong><\/em><\/p>\n<p style=\"text-align: justify;\">2006 y\u0131l\u0131nda ABD Silahl\u0131 Kuvvetler dergisinde yay\u0131nlanan bu harita ABD\u2019nin B\u00fcy\u00fck Ortado\u011fu Projesi\u2019nin hedeflerini ortaya koyuyor. Haritada da g\u00f6r\u00fcld\u00fc\u011f\u00fc gibi BOP\u2019da T\u00fcrkiye\u2019nin bir b\u00f6l\u00fcm\u00fcn\u00fc de i\u00e7ine alan B\u00fcy\u00fck K\u00fcrdistan kurulmas\u0131 hedefleniyor.<\/p>\n<p style=\"text-align: justify;\"><a href=\"http:\/\/www.korhanyilmaz.com\/wp-content\/uploads\/2009\/08\/906010.jpg\"  class=\"lightview\"><img loading=\"lazy\" decoding=\"async\" class=\"aligncenter size-full wp-image-13875\" src=\"http:\/\/www.korhanyilmaz.com\/wp-content\/uploads\/2009\/08\/906010.jpg\" alt=\"\" width=\"470\" height=\"309\" \/><\/a><\/p>\n<p style=\"text-align: justify;\"><strong><em>K\u00fcrt devleti kurma i\u015fi Erdo\u011fan\u2019a verildi<\/em><\/strong><\/p>\n<p style=\"text-align: justify;\">S\u00f6zde K\u00fcrt sorunu a\u00e7\u0131l\u0131m\u0131n\u0131n B\u00fcy\u00fck Ortado\u011fu Projesi\u2019nin  bir par\u00e7as\u0131 olu\u011funu iddia edenler aras\u0131nda MHP Grup Ba\u015fkanvekili Mehmet \u015eand\u0131r da var. Ba\u015fbakan Erdo\u011fan\u2019\u0131n MHP\u2019yi ve Bah\u00e7eli\u2019yi hedef alan a\u011f\u0131r s\u00f6zlerini de\u011ferlendirirken s\u00f6z\u00fc BOP\u2019a getiren \u015eand\u0131r \u015funlar\u0131 s\u00f6yledi: \u201cKem s\u00f6z sahibine aittir. Bizi i\u015faret ederek yapt\u0131\u011f\u0131 nitelemeleri kendisine aynen iade ediyoruz. Ve \u015fu soruya millet \u00f6n\u00fcnde a\u00e7\u0131k cevap istiyoruz: Ba\u015fbakan ba\u015flatt\u0131\u011f\u0131 K\u00fcrt a\u00e7\u0131l\u0131m\u0131n\u0131 neden bug\u00fcn yap\u0131yor da 2008\u2019de, 2007\u2019de, 2006\u2019da ve hatta 12 A\u011fustos 2005 tarihinde Diyarbak\u0131r\u2019da yapt\u0131\u011f\u0131 konu\u015fmadan sonra yapmad\u0131? Neden \u015fimdi? Bu B\u00fcy\u00fck Ortado\u011fu Projesi\u2019nin asba\u015fkan\u0131 ABD\u2019nin Irak\u2019tan \u00e7\u0131kma karar\u0131 sonucunda, ger\u00e7ekle\u015ftirilemeyen K\u00fcrt devletini kurma projesinin, BOP\u2019un E\u015fba\u015fkan\u0131 Recep Tayyip Erdo\u011fan\u2019a emanet edildi\u011finin ifadesidir. 2009 y\u0131l\u0131nda b\u00f6yle bir a\u00e7\u0131l\u0131ma giri\u015fmek BOP e\u015fba\u015fkanl\u0131\u011f\u0131n\u0131n gere\u011fini yapmakt\u0131r. Neden \u015fimdi? Ba\u015fbakan bunun cevab\u0131n\u0131 millete vermezse kulland\u0131\u011f\u0131 kelimelerle kendisini itham ediyoruz.\u201d \u015eand\u0131r, Bah\u00e7eli\u2019nin yapt\u0131\u011f\u0131 MGK bildirisiyle ilgili a\u00e7\u0131klamaya \u00c7ankaya K\u00f6\u015fk\u00fc\u2019nden verilen yan\u0131t\u0131 da ele\u015ftirdi.<\/p>\n<p style=\"text-align: justify;\"><strong><em>Su\u00e7\u00fcst\u00fc psikolojisi<\/em><\/strong><\/p>\n<p style=\"text-align: justify;\">\u015eand\u0131r, \u201cSay\u0131n Cumhurba\u015fkan\u0131n\u0131n duyarl\u0131l\u0131\u011f\u0131n\u0131, MHP\u2019ye cevap vermekte g\u00f6sterdi\u011fi aciliyeti su\u00e7\u00fcst\u00fc yakalanman\u0131n d\u0131\u015favurumu olarak alg\u0131l\u0131yoruz. MHP olarak biz \u00fclkemizin birli\u011fini, milletimizin birli\u011fini, devletin b\u00f6l\u00fcnmez b\u00fct\u00fcnl\u00fc\u011f\u00fcn\u00fc ve ba\u011f\u0131ms\u0131zl\u0131\u011f\u0131n\u0131 savunmaktay\u0131z. Bunun bedeli ne olursa olsun sonuna kadar da savunmaya kararl\u0131y\u0131z.\u201d diye konu\u015ftu.<\/p>\n<p style=\"text-align: justify;\"><strong><em>BOP\u2019un e\u015fba\u015fkan\u0131 Erdo\u011fan!&#8230;<\/em><\/strong><\/p>\n<p style=\"text-align: justify;\">Ba\u015fbakan Erdo\u011fan, ABD\u2019nin s\u00f6m\u00fcrgele\u015ftirme projesi olan BOP\u2019un e\u015fba\u015fkanl\u0131\u011f\u0131na se\u00e7ilmi\u015fti. Bug\u00fcn, kap\u0131 kap\u0131 dola\u015farak, kendi yaratt\u0131klar\u0131 s\u00f6zde K\u00fcrt sorununa \u00e7\u00f6z\u00fcm arayan Ba\u015fbakan, BOP kapsam\u0131nda kendine verilen vazifeyi \u015f\u00f6yle dile getiriyordu:<\/p>\n<p style=\"text-align: justify;\">* \u015eu anda Amerika\u2019n\u0131n da \u2019B\u00fcy\u00fck Ortado\u011fu Projesi\u2019var ya \u2019Geni\u015fletilmi\u015f Ortado\u011fu\u2019, yani bu proje i\u00e7erisinde Diyarbak\u0131r bir y\u0131ld\u0131z olabilir. Bunu ba\u015farmam\u0131z laz\u0131m<\/p>\n<p style=\"text-align: justify;\">* \u00dcstlendi\u011fimiz misyon gere\u011fi Ortado\u011fu ve Avrasya \u00fclkelerine y\u00f6nelece\u011fiz&#8230; E\u015fba\u015fkan\u0131 oldu\u011fumuz Geni\u015fletilmi\u015f Ortado\u011fu projesi i\u00e7in&#8230;<\/p>\n<p style=\"text-align: justify;\">* Geni\u015f Ortado\u011fu ve Kuzey Afrika \u00fclkelerinin buraya kat\u0131lmas\u0131&#8230;E\u015fba\u015fkanlar olarak T\u00fcrkiye, \u0130talya, Yemen \u00fczerimize d\u00fc\u015fen g\u00f6revleri yerine getirmeye \u00e7al\u0131\u015faca\u011f\u0131z\u201d.<\/p>\n<p style=\"text-align: justify;\">* Demokratik ortak olarak Geni\u015f Ortado\u011fu ve Kuzey Afrika Projesi i\u00e7inde, bu projenin e\u015fba\u015fkanlar\u0131 aras\u0131nday\u0131m<\/p>\n<p style=\"text-align: justify;\">* Biliyorsunuz GOP, bir alt biriminin e\u015fba\u015fkanl\u0131\u011f\u0131n\u0131 \u00fcstlendi\u011fimiz bu proje. Olay sadece Ortado\u011fu\u2019yu kapsam\u0131yor&#8230;Bu konuda yapaca\u011f\u0131m\u0131z \u00e7al\u0131\u015fmalara kom\u015fu \u00fclkelerden ba\u015flad\u0131k. Suriye, L\u00fcbnan, Fas, Tunus gibi \u00fclkelere geziler d\u00fczenliyoruz. Yak\u0131nda Cezayir\u2019e gidece\u011fiz, \u00dcrd\u00fcn\u2019e gidece\u011fiz.<\/p>\n<p style=\"text-align: justify;\"><span style=\"color: #888888;\">Haber : Fatih Erboz &#8211; <a href=\"http:\/\/www.yenicaggazetesi.com.tr\/haberdetay.php?hit=21979\" target=\"_blank\">yenicaggazetesi.com.tr<\/a><\/span><\/p>\n","protected":false},"excerpt":{"rendered":"<p id=\"caption-attachment-13874\" class=\"wp-caption-text\">MHP Grup Ba\u015fkanvekili Mehmet \u015eand\u0131r<\/p>\n<p style=\"text-align: justify;\">Asba\u015fkan Amerika , E\u015fba\u015fkan Erdo\u011fan<\/p>\n<p style=\"text-align: justify;\">MHP Grup Ba\u015fkanvekili Mehmet \u015eand\u0131r, Ba\u015fbakan Erdo\u011fan\u2019\u0131n a\u00e7\u0131l\u0131m \u00e7al\u0131\u015fmalar\u0131n\u0131n temelinde b\u00f6lgeye yeni harita \u00e7izen BOP\u2019un e\u015fba\u015fkanl\u0131\u011f\u0131 g\u00f6revinin gere\u011fini yerine getirme gayreti bulundu\u011funu vurgulad\u0131.<\/p>\n<p style=\"text-align: justify;\">Prof. M\u00fcmtaz Soysal: AB\u2019nin de plan\u0131 var.<\/p>\n<p style=\"text-align: justify;\">\u0130P: A\u00e7\u0131l\u0131m BOP\u2019un \u00f6nemli bir <\/p>\n","protected":false},"author":1,"featured_media":0,"comment_status":"open","ping_status":"closed","sticky":false,"template":"","format":"standard","meta":{"footnotes":""},"categories":[105],"tags":[],"class_list":["post-13872","post","type-post","status-publish","format-standard","hentry","category-gundem","odd"],"_links":{"self":[{"href":"http:\/\/www.korhanyilmaz.com\/index.php?rest_route=\/wp\/v2\/posts\/13872","targetHints":{"allow":["GET"]}}],"collection":[{"href":"http:\/\/www.korhanyilmaz.com\/index.php?rest_route=\/wp\/v2\/posts"}],"about":[{"href":"http:\/\/www.korhanyilmaz.com\/index.php?rest_route=\/wp\/v2\/types\/post"}],"author":[{"embeddable":true,"href":"http:\/\/www.korhanyilmaz.com\/index.php?rest_route=\/wp\/v2\/users\/1"}],"replies":[{"embeddable":true,"href":"http:\/\/www.korhanyilmaz.com\/index.php?rest_route=%2Fwp%2Fv2%2Fcomments&post=13872"}],"version-history":[{"count":0,"href":"http:\/\/www.korhanyilmaz.com\/index.php?rest_route=\/wp\/v2\/posts\/13872\/revisions"}],"wp:attachment":[{"href":"http:\/\/www.korhanyilmaz.com\/index.php?rest_route=%2Fwp%2Fv2%2Fmedia&parent=13872"}],"wp:term":[{"taxonomy":"category","embeddable":true,"href":"http:\/\/www.korhanyilmaz.com\/index.php?rest_route=%2Fwp%2Fv2%2Fcategories&post=13872"},{"taxonomy":"post_tag","embeddable":true,"href":"http:\/\/www.korhanyilmaz.com\/index.php?rest_route=%2Fwp%2Fv2%2Ftags&post=13872"}],"curies":[{"name":"wp","href":"https:\/\/api.w.org\/{rel}","templated":true}]}}