{"id":13869,"date":"2009-08-23T17:37:09","date_gmt":"2009-08-23T14:37:09","guid":{"rendered":"http:\/\/www.korhanyilmaz.com\/?p=13869"},"modified":"2009-08-23T17:37:09","modified_gmt":"2009-08-23T14:37:09","slug":"fenerbahce-sercan-ile-ilgilenmiyoruz","status":"publish","type":"post","link":"http:\/\/www.korhanyilmaz.com\/?p=13869","title":{"rendered":"Fenerbah\u00e7e: Sercan ile ilgilenmiyoruz"},"content":{"rendered":"<p><a href=\"http:\/\/www.korhanyilmaz.com\/wp-content\/uploads\/2009\/08\/SERCAN1.jpg\"  class=\"lightview\"><img loading=\"lazy\" decoding=\"async\" class=\"aligncenter size-full wp-image-13870\" src=\"http:\/\/www.korhanyilmaz.com\/wp-content\/uploads\/2009\/08\/SERCAN1.jpg\" alt=\"\" width=\"292\" height=\"204\" \/><\/a><\/p>\n<p style=\"text-align: justify;\">Fenerbah\u00e7e kul\u00fcb\u00fc, Bursaspor&#8217;un gen\u00e7 golc\u00fcs\u00fc Sercan Y\u0131ld\u0131r\u0131m ile ilgili bir transfer \u00e7al\u0131\u015fmas\u0131n\u0131n olmad\u0131\u011f\u0131n\u0131 a\u00e7\u0131klad\u0131.<\/p>\n<p style=\"text-align: justify;\">Kul\u00fcb\u00fcn resmi internet sitesinde yap\u0131lan a\u00e7\u0131klamada, baz\u0131 menajerlerin kamuoyunu yan\u0131ltt\u0131\u011f\u0131 belirtilerek, &#8221;Kul\u00fcb\u00fcm\u00fcz\u00fcn Bursasporlu Sercan Y\u0131ld\u0131r\u0131m ile ilgili herhangi bir transfer \u00e7al\u0131\u015fmas\u0131 yoktur&#8221; denildi. <!--more--><\/p>\n<p style=\"text-align: justify;\">A\u00e7\u0131klamada \u015fu bilgilere yer verildi:<\/p>\n<p style=\"text-align: justify;\">&#8221;Sercan Y\u0131ld\u0131r\u0131m&#8217;\u0131n transferi ile ilgili yakla\u015f\u0131k iki ay \u00f6nce Bursaspor Kul\u00fcb\u00fc Ba\u015fkan\u0131 \u0130brahim Yaz\u0131c\u0131 ile bir g\u00f6r\u00fc\u015fme yap\u0131lm\u0131\u015ft\u0131r. Fakat Yaz\u0131c\u0131, Sercan Y\u0131ld\u0131r\u0131m&#8217;\u0131 Avrupa&#8217;da bir kul\u00fcbe transfer etmeyi d\u00fc\u015f\u00fcnd\u00fcklerini ve T\u00fcrkiye&#8217;de herhangi bir tak\u0131ma satmay\u0131 planlamad\u0131klar\u0131n\u0131 ifade etmi\u015ftir.<\/p>\n<p style=\"text-align: justify;\">&#8220;Bu yan\u0131t \u00fczerine Sercan Y\u0131ld\u0131r\u0131m&#8217;la ilgili herhangi bir \u00e7al\u0131\u015fmam\u0131z olmam\u0131\u015ft\u0131r. \u00c7e\u015fitli bas\u0131n organlar\u0131nda yaz\u0131ld\u0131\u011f\u0131 gibi kul\u00fcb\u00fcm\u00fcz\u00fcn Sercan Y\u0131ld\u0131r\u0131m i\u00e7in Bursaspor&#8217;a para art\u0131 futbolcu teklifi s\u00f6z konusu de\u011fildir.&#8221;<\/p>\n<p style=\"text-align: justify;\"><span style=\"color: #888888;\">CNN T\u00dcRK<\/span><\/p>\n","protected":false},"excerpt":{"rendered":"<\/p>\n<p style=\"text-align: justify;\">Fenerbah\u00e7e kul\u00fcb\u00fc, Bursaspor&#8217;un gen\u00e7 golc\u00fcs\u00fc Sercan Y\u0131ld\u0131r\u0131m ile ilgili bir transfer \u00e7al\u0131\u015fmas\u0131n\u0131n olmad\u0131\u011f\u0131n\u0131 a\u00e7\u0131klad\u0131.<\/p>\n<p style=\"text-align: justify;\">Kul\u00fcb\u00fcn resmi internet sitesinde yap\u0131lan a\u00e7\u0131klamada, baz\u0131 menajerlerin kamuoyunu yan\u0131ltt\u0131\u011f\u0131 belirtilerek, &#8221;Kul\u00fcb\u00fcm\u00fcz\u00fcn Bursasporlu Sercan Y\u0131ld\u0131r\u0131m ile ilgili herhangi bir transfer \u00e7al\u0131\u015fmas\u0131 yoktur&#8221; denildi. <\/p>\n","protected":false},"author":1,"featured_media":0,"comment_status":"open","ping_status":"closed","sticky":false,"template":"","format":"standard","meta":{"footnotes":""},"categories":[42],"tags":[],"class_list":["post-13869","post","type-post","status-publish","format-standard","hentry","category-spor","odd"],"_links":{"self":[{"href":"http:\/\/www.korhanyilmaz.com\/index.php?rest_route=\/wp\/v2\/posts\/13869","targetHints":{"allow":["GET"]}}],"collection":[{"href":"http:\/\/www.korhanyilmaz.com\/index.php?rest_route=\/wp\/v2\/posts"}],"about":[{"href":"http:\/\/www.korhanyilmaz.com\/index.php?rest_route=\/wp\/v2\/types\/post"}],"author":[{"embeddable":true,"href":"http:\/\/www.korhanyilmaz.com\/index.php?rest_route=\/wp\/v2\/users\/1"}],"replies":[{"embeddable":true,"href":"http:\/\/www.korhanyilmaz.com\/index.php?rest_route=%2Fwp%2Fv2%2Fcomments&post=13869"}],"version-history":[{"count":0,"href":"http:\/\/www.korhanyilmaz.com\/index.php?rest_route=\/wp\/v2\/posts\/13869\/revisions"}],"wp:attachment":[{"href":"http:\/\/www.korhanyilmaz.com\/index.php?rest_route=%2Fwp%2Fv2%2Fmedia&parent=13869"}],"wp:term":[{"taxonomy":"category","embeddable":true,"href":"http:\/\/www.korhanyilmaz.com\/index.php?rest_route=%2Fwp%2Fv2%2Fcategories&post=13869"},{"taxonomy":"post_tag","embeddable":true,"href":"http:\/\/www.korhanyilmaz.com\/index.php?rest_route=%2Fwp%2Fv2%2Ftags&post=13869"}],"curies":[{"name":"wp","href":"https:\/\/api.w.org\/{rel}","templated":true}]}}