{"id":13866,"date":"2009-08-23T15:52:34","date_gmt":"2009-08-23T12:52:34","guid":{"rendered":"http:\/\/www.korhanyilmaz.com\/?p=13866"},"modified":"2009-08-23T15:52:34","modified_gmt":"2009-08-23T12:52:34","slug":"yargi-reformu-taslagi-yarin-karara-baglanacak","status":"publish","type":"post","link":"http:\/\/www.korhanyilmaz.com\/?p=13866","title":{"rendered":"Yarg\u0131 reformu tasla\u011f\u0131 yar\u0131n karara ba\u011flanacak"},"content":{"rendered":"<p><a href=\"http:\/\/www.korhanyilmaz.com\/wp-content\/uploads\/2009\/08\/cemil_cicek.jpg\"  class=\"lightview\"><img loading=\"lazy\" decoding=\"async\" class=\"aligncenter size-full wp-image-13867\" src=\"http:\/\/www.korhanyilmaz.com\/wp-content\/uploads\/2009\/08\/cemil_cicek.jpg\" alt=\"\" width=\"292\" height=\"195\" \/><\/a><\/p>\n<p style=\"text-align: justify;\">Bakanlar Kurulu yar\u0131n toplan\u0131yor. K\u00fcrt a\u00e7\u0131l\u0131m\u0131 kapsam\u0131nda \u0130\u00e7i\u015fleri Bakan\u0131&#8217;n\u0131n yapt\u0131\u011f\u0131 temaslar Kurul&#8217;un g\u00fcndeminde. Ama bir ba\u015fka dikkat \u00e7ekici ba\u015fl\u0131k daha var: Yarg\u0131 reformu&#8230; Toplant\u0131da tasla\u011f\u0131n nihai \u015fekli g\u00f6r\u00fc\u015f\u00fclecek ve karara ba\u011flanacak. G\u00f6zler tarafs\u0131zl\u0131k tart\u0131\u015fmalar\u0131 ile g\u00fcndemden hi\u00e7 d\u00fc\u015fmeyen Hakimler ve Savc\u0131lar Y\u00fcksek Kurulu&#8217;nun yap\u0131s\u0131nda nas\u0131l bir de\u011fi\u015fiklik \u00f6ng\u00f6r\u00fcld\u00fc\u011f\u00fcne \u00e7evrildi.<\/p>\n<p style=\"text-align: justify;\">H\u00fck\u00fcmet S\u00f6zc\u00fcs\u00fc Cemil \u00c7i\u00e7ek, &#8220;\u00d6n\u00fcm\u00fczdeki Bakanlar Kurulu toplant\u0131s\u0131na konu getirilecek. H\u00fck\u00fcmette de m\u00fczakere edildikten sonra a\u00e7\u0131klanacak&#8221; demi\u015fti.<\/p>\n<p style=\"text-align: justify;\">Cemil \u00c7i\u00e7ek&#8217;in &#8220;a\u00e7\u0131klanacak&#8221; dedi\u011fi konu yarg\u0131 reformu strateji tasla\u011f\u0131. <!--more--><\/p>\n<p style=\"text-align: justify;\">O g\u00fcn geldi&#8230; Bakanlar Kurulu Adalet Bakanl\u0131\u011f\u0131&#8217;n\u0131n \u00fczerindeki \u00e7al\u0131\u015fmay\u0131 tamamlad\u0131\u011f\u0131 yarg\u0131 reformu tasla\u011f\u0131na son \u015feklini verecek. Yarg\u0131 reformu, AB&#8217;ye uyum \u00e7er\u00e7evesenide  bu y\u0131l i\u00e7inde ger\u00e7ekle\u015ftirilecek \u00f6ncelikli ba\u015fl\u0131klardan biri.<\/p>\n<p style=\"text-align: justify;\">Uzun s\u00fcredir Adalet Bakanl\u0131\u011f\u0131&#8217;n\u0131n \u00fczerinde \u00e7al\u0131\u015ft\u0131\u011f\u0131 reform tasla\u011f\u0131 i\u00e7in y\u00fcksek yarg\u0131 temsilcilerinden tek tek g\u00f6r\u00fc\u015f al\u0131nd\u0131. Reform kapsam\u0131nda en \u00e7ok tart\u0131\u015f\u0131lan konu ise Hakimler Savc\u0131lar Y\u00fcksek Kurulu&#8217;nun yap\u0131s\u0131 oldu.<\/p>\n<p style=\"text-align: justify;\">Yarg\u0131tay, Bakanl\u0131\u011fa sundu\u011fu  36 sayfal\u0131k g\u00f6r\u00fc\u015f\u00fcnde de Adalet Bakan\u0131 ile m\u00fcste\u015far\u0131n\u0131n Kurul b\u00fcnyesinde yer almas\u0131na itiraz\u0131n\u0131 dile getirmi\u015fti. Ayn\u0131 itiraz Dan\u0131\u015ftay&#8217;\u0131n g\u00f6r\u00fc\u015f\u00fcnde de yer alm\u0131\u015ft\u0131.<\/p>\n<p style=\"text-align: justify;\">Eski Adalet Bakan\u0131 Mehmet Ali \u015eahin, &#8220;Ben bu yakla\u015f\u0131m\u0131 do\u011fru bulmuyorum. HSYK anayasada kendisine verilen g\u00f6revleri yerine getiriyor&#8221; diye konu\u015fmu\u015ftu.<\/p>\n<p style=\"text-align: justify;\">D\u00f6nemin Adalet Bakan\u0131 bu s\u00f6zlerle HSYK&#8217;da bakan ve m\u00fcste\u015far\u0131n bulunmas\u0131n\u0131 savunmu\u015ftu. Tart\u0131\u015fma y\u00fcksek yarg\u0131 organlar\u0131n\u0131n ba\u015fkanlar\u0131yla yap\u0131lan toplant\u0131da da g\u00fcndemin ilk s\u0131ras\u0131ndayd\u0131.<\/p>\n<p style=\"text-align: justify;\">Son olarak  haftalarca yaz kararnamesini g\u00f6r\u00fc\u015f ayr\u0131l\u0131klar\u0131 nedeniyle yay\u0131mlayamayan ve &#8220;siyasi bask\u0131 var&#8221; tart\u0131\u015fmalar\u0131 ile g\u00fcndeme gelen Hakimler ve Savc\u0131lar Y\u00fcksek Kurulu&#8217;nun reform kapsam\u0131nda nas\u0131l bir yap\u0131ya kavu\u015fturulaca\u011f\u0131 \u015fimdi merakla bekleniyor.<\/p>\n<p style=\"text-align: justify;\">Adli T\u0131p kurumunun \u00f6zerk olmas\u0131, y\u00fcce divan g\u00f6revinin Yarg\u0131tay&#8217;a verilmesi, yarg\u0131 kararlar\u0131na idarenin mutlak suretle uymas\u0131n\u0131 sa\u011flayacak \u00f6nlemlerin al\u0131nmas\u0131 gibi taleplerin taslakta ne \u015fekilde de\u011ferlendirildi\u011fi de Bakanlar Kurulu&#8217;ndan sonra belli olacak.<\/p>\n<p style=\"text-align: justify;\"><span style=\"color: #888888;\">CNN T\u00dcRK<\/span><\/p>\n","protected":false},"excerpt":{"rendered":"<\/p>\n<p style=\"text-align: justify;\">Bakanlar Kurulu yar\u0131n toplan\u0131yor. K\u00fcrt a\u00e7\u0131l\u0131m\u0131 kapsam\u0131nda \u0130\u00e7i\u015fleri Bakan\u0131&#8217;n\u0131n yapt\u0131\u011f\u0131 temaslar Kurul&#8217;un g\u00fcndeminde. Ama bir ba\u015fka dikkat \u00e7ekici ba\u015fl\u0131k daha var: Yarg\u0131 reformu&#8230; Toplant\u0131da tasla\u011f\u0131n nihai \u015fekli g\u00f6r\u00fc\u015f\u00fclecek ve karara ba\u011flanacak. G\u00f6zler tarafs\u0131zl\u0131k tart\u0131\u015fmalar\u0131 ile g\u00fcndemden hi\u00e7 d\u00fc\u015fmeyen Hakimler ve Savc\u0131lar Y\u00fcksek Kurulu&#8217;nun yap\u0131s\u0131nda nas\u0131l bir de\u011fi\u015fiklik \u00f6ng\u00f6r\u00fcld\u00fc\u011f\u00fcne \u00e7evrildi.<\/p>\n<p style=\"text-align: justify;\">H\u00fck\u00fcmet <\/p>\n","protected":false},"author":1,"featured_media":0,"comment_status":"open","ping_status":"closed","sticky":false,"template":"","format":"standard","meta":{"footnotes":""},"categories":[105],"tags":[],"class_list":["post-13866","post","type-post","status-publish","format-standard","hentry","category-gundem","odd"],"_links":{"self":[{"href":"http:\/\/www.korhanyilmaz.com\/index.php?rest_route=\/wp\/v2\/posts\/13866","targetHints":{"allow":["GET"]}}],"collection":[{"href":"http:\/\/www.korhanyilmaz.com\/index.php?rest_route=\/wp\/v2\/posts"}],"about":[{"href":"http:\/\/www.korhanyilmaz.com\/index.php?rest_route=\/wp\/v2\/types\/post"}],"author":[{"embeddable":true,"href":"http:\/\/www.korhanyilmaz.com\/index.php?rest_route=\/wp\/v2\/users\/1"}],"replies":[{"embeddable":true,"href":"http:\/\/www.korhanyilmaz.com\/index.php?rest_route=%2Fwp%2Fv2%2Fcomments&post=13866"}],"version-history":[{"count":0,"href":"http:\/\/www.korhanyilmaz.com\/index.php?rest_route=\/wp\/v2\/posts\/13866\/revisions"}],"wp:attachment":[{"href":"http:\/\/www.korhanyilmaz.com\/index.php?rest_route=%2Fwp%2Fv2%2Fmedia&parent=13866"}],"wp:term":[{"taxonomy":"category","embeddable":true,"href":"http:\/\/www.korhanyilmaz.com\/index.php?rest_route=%2Fwp%2Fv2%2Fcategories&post=13866"},{"taxonomy":"post_tag","embeddable":true,"href":"http:\/\/www.korhanyilmaz.com\/index.php?rest_route=%2Fwp%2Fv2%2Ftags&post=13866"}],"curies":[{"name":"wp","href":"https:\/\/api.w.org\/{rel}","templated":true}]}}