{"id":13851,"date":"2009-08-22T19:20:47","date_gmt":"2009-08-22T16:20:47","guid":{"rendered":"http:\/\/www.korhanyilmaz.com\/?p=13851"},"modified":"2009-08-22T19:20:47","modified_gmt":"2009-08-22T16:20:47","slug":"71%e2%80%99deki-9-mart-darbe-bildirisi-de-ergenekon-iddianamesine-girdi","status":"publish","type":"post","link":"http:\/\/www.korhanyilmaz.com\/?p=13851","title":{"rendered":"71\u2019deki 9 Mart darbe bildirisi de Ergenekon iddianamesine girdi"},"content":{"rendered":"<p style=\"text-align: center;\"><a href=\"http:\/\/www.korhanyilmaz.com\/wp-content\/uploads\/2009\/08\/ergonakon.jpg\"  class=\"lightview\"><img loading=\"lazy\" decoding=\"async\" class=\"aligncenter size-full wp-image-13852\" src=\"http:\/\/www.korhanyilmaz.com\/wp-content\/uploads\/2009\/08\/ergonakon.jpg\" alt=\"\" width=\"329\" height=\"210\" \/><\/a><\/p>\n<p style=\"text-align: justify;\">Ergenekon iddianamesinin ek klas\u00f6rlerinde 1971\u2019de solcu subaylar taraf\u0131ndan planlanan 9 Mart darbesinin radyodan okunacak bildirisi de yer ald\u0131.<\/p>\n<p style=\"text-align: justify;\">Ergenekon operasyonu kapsam\u0131nda g\u00f6zalt\u0131na al\u0131nd\u0131ktan sonra serbest b\u0131rak\u0131lan eski M\u0130T \u00e7al\u0131\u015fan\u0131 Emekli K\u0131demli Albay H\u00fcseyin Vural Vural\u2019dan ele ge\u00e7irilen \u201cdarbe t\u00fcz\u00fc\u011f\u00fc\u201d de ek delil klas\u00f6rleri aras\u0131nda yer ald\u0131.<\/p>\n<p style=\"text-align: justify;\">Ge\u00e7ti\u011fimiz Ocak ay\u0131nda ger\u00e7ekle\u015ftirilen 9. Dalga Operasyonu kapsam\u0131nda \u0130stanbul\u2019da g\u00f6zalt\u0131na al\u0131nan Vural, soru\u015fturma savc\u0131s\u0131 Zekeriya \u00d6z taraf\u0131ndan sorguland\u0131ktan sonra tutuklanma talebiyle mahkemeye sevkedilmi\u015fti. <!--more--><\/p>\n<p style=\"text-align: justify;\">13. A\u011f\u0131r Ceza Mahkamesi\u2019nde hakim kar\u015f\u0131s\u0131nda \u00e7\u0131kan Vural, tutuksuz yarg\u0131lanmak \u00fczere serbest b\u0131rak\u0131ld\u0131. Ge\u00e7ti\u011fimiz g\u00fcnlerde kabul edilen 3. \u0130ddianame\u2019de \u201cErgenekon silahl\u0131 ter\u00f6r \u00f6rg\u00fct\u00fc yap\u0131lanmas\u0131nda fikri ve ideolojik olarak \u00f6rg\u00fct \u00fcyelerinin e\u011fitimiyle g\u00f6revli\u201d ki\u015fi olarak g\u00f6sterilen Vural\u2019\u0131n \u0130stanbul\u2019daki evinde yap\u0131lan aramalar s\u0131ras\u0131nda ele ge\u00e7irilen belgeler 83 Nolu klas\u00f6rde yer ald\u0131.<\/p>\n<p style=\"text-align: justify;\">\u00c7o\u011funlu\u011funu 75 ya\u015f\u0131ndaki H\u00fcseyin Vural Vural\u2019\u0131n kaleme ald\u0131\u011f\u0131 belgeler aras\u0131nda yer alan 14 sayfal\u0131k belge, 1971\u2019de solcu subaylar taraf\u0131ndan planlanan 9 Mart darbe giri\u015fminin \u201cdarbe t\u00fcz\u00fc\u011f\u00fc\u201d.<\/p>\n<p style=\"text-align: justify;\">Daktilo ile yaz\u0131lm\u0131\u015f \u201cDevrim Kurulu \u0130\u015fleyi\u015fi ve \u00c7al\u0131\u015fmalar\u0131n\u0131 D\u00fczenleyen T\u00fcz\u00fck\u201d adl\u0131 belgede, darbe yap\u0131ld\u0131ktan sonra y\u00f6netimi devralacak Devrim Kurulu\u2019nun (D.K.) neler yapaca\u011f\u0131 ve \u00fclke y\u00f6netiminin nas\u0131l \u015fekillenece\u011fi t\u00fcm ayr\u0131nt\u0131lar\u0131yla anlat\u0131l\u0131yor.<\/p>\n<p style=\"text-align: justify;\"><strong><em>23 Maddeli Darbe T\u00fcz\u00fc\u011f\u00fc<\/em><\/strong><\/p>\n<p style=\"text-align: justify;\"><a href=\"http:\/\/www.korhanyilmaz.com\/wp-content\/uploads\/2009\/08\/tuzuk1.jpg\"  class=\"lightview\"><img loading=\"lazy\" decoding=\"async\" class=\"alignleft size-full wp-image-13854\" style=\"margin: 2px 10px;\" title=\"tuzuk\" src=\"http:\/\/www.korhanyilmaz.com\/wp-content\/uploads\/2009\/08\/tuzuk1.jpg\" alt=\"tuzuk\" width=\"300\" height=\"321\" \/><\/a>\u00c7\u0131kt\u0131s\u0131 al\u0131nd\u0131ktan sonra \u00fczerinde t\u00fckenmez kalemle baz\u0131 d\u00fczeltmelerin de yap\u0131ld\u0131\u011f\u0131 belge \u201cGiri\u015f\u201d, \u201cKurulun Ana G\u00f6rev ve Yetkileri\u201d, \u201cD.K.\u2019n\u0131n \u00c7al\u0131\u015fmalar\u0131\u201d, \u201c\u00dcyelerin G\u00f6rev ve Yetkileri\u201d ve \u201cSon H\u00fck\u00fcmler\u201d adl\u0131 b\u00f6l\u00fcmlerden ve 23 ayr\u0131 maddeden olu\u015fuyor.<\/p>\n<p style=\"text-align: justify;\">Giri\u015f b\u00f6l\u00fcm\u00fcnde darbenin, \u201cHalk e\u011femenli\u011fini yokeden, devlet iradesini gaspeden, T\u00fcrkiye\u2019yi bug\u00fcnk\u00fc bozuk d\u00fczen i\u00e7ine s\u00fcr\u00fckleyen, s\u0131n\u0131fsal g\u00fc\u00e7leri ve fiili tekelleri k\u00f6ken ve dayanaklar\u0131yla yok ederek, ger\u00e7ekten halka dayanan demokrasi d\u00fczenini kurmak\u201d amac\u0131yla ger\u00e7ekle\u015ftirilece\u011fine vurgu yap\u0131l\u0131yor.<\/p>\n<p style=\"text-align: justify;\">Daha sonra y\u00f6netime el koyacak Devrim Kurulu\u2019nun hangi g\u00f6rev ve yetkilerle donat\u0131laca\u011f\u0131 detayl\u0131 bir bi\u00e7imde anlat\u0131ld\u0131ktan sonra Yasama, Y\u00fcr\u00fctme ve Yarg\u0131 erklerinin nas\u0131l olu\u015fturulaca\u011f\u0131 da anlat\u0131l\u0131yor. Belgede, Devrim Kurulu\u2019nun Y\u00fcr\u00fctme erkini, kendi \u00fcyeleri aras\u0131nda ya da d\u0131\u015far\u0131dan atayaca\u011f\u0131 bir Ba\u015fbakan ve Bakanlar Kurulu ile kullanaca\u011f\u0131 belirtiliyor. Belgeye g\u00f6re Ba\u015fbakan ve Bakanlar\u2019\u0131 g\u00f6revden alma yetkisi darbeyi ger\u00e7ekle\u015ftiren Devrim Kurulu\u2019nda olarak g\u00f6steriliyor.<\/p>\n<p style=\"text-align: justify;\">Belgenin son b\u00f6l\u00fcm\u00fcnde, \u201cBu t\u00fcz\u00fck, Devrim Kurulu\u2019nun \u00e7al\u0131\u015fmalar\u0131 i\u00e7in bir \u00f6n belge h\u00fckm\u00fcnde olup teferruata ili\u015fkin konularda, i\u015fbu t\u00fcz\u00fc\u011f\u00fcn ilkeleri ve ruhu i\u00e7inde, B\u00fcy\u00fck Millet Meclisi\u2019nin 1945\u2019ten \u00f6nceki gelenekleri ge\u00e7erli say\u0131l\u0131r\u201d deniliyor.<\/p>\n<p style=\"text-align: justify;\"><strong><em>Darbe bildirileri<\/em><\/strong><\/p>\n<p style=\"text-align: justify;\">\u201cDarbe t\u00fcz\u00fc\u011f\u00fc\u201d adl\u0131 belgenin en ilgin\u00e7 b\u00f6l\u00fcmleri de 7 ayr\u0131 darbe bildirisinden olu\u015fuyor. 1 Nolu Bildiri\u2019de, darbe yap\u0131ld\u0131ktan sonra okunacak olan metin var. \u201cB\u00fcy\u00fck T\u00fcrk Ulusu\u201d diye ba\u015flayan ve radyodan okunmas\u0131 planlanan bildiride darbe yap\u0131ld\u0131\u011f\u0131 halka \u015f\u00f6yle duyuruluyor:<\/p>\n<p style=\"text-align: justify;\"><strong><em>\u201cB\u00fcy\u00fck T\u00fcrk Ulusu; sana, bekledi\u011fin T\u00fcrk Silahl\u0131 Kuvvetleri hitapediyor. <\/em><\/strong><\/p>\n<p style=\"text-align: justify;\">Y\u0131llardan bu yana sahipsiz ve ba\u015fs\u0131z kalan \u00fclkemizin i\u00e7ine d\u00fc\u015fm\u00fc\u015f bulundu\u011fu anar\u015fi ve ekonomik bunal\u0131mlara son vererek, m\u00fcmk\u00fcn olan en k\u0131sa bir zamanda, yurdumuzu \u00e7a\u011fda\u015f uygarl\u0131k d\u00fczeyine ula\u015ft\u0131rabilmek, ortada duran b\u00fct\u00fcn sorunlar\u0131n \u00e7\u00f6z\u00fcmlenebilmesi amac\u0131yla, bu andan itibaren Kara, Deniz ve Jandarma kuvvetleri, y\u00f6netimde tam bir acze d\u00fc\u015fm\u00fc\u015f olan siyasi iktidara el koymu\u015f bulunmaktad\u0131r.<\/p>\n<p style=\"text-align: justify;\"><strong><em>Aziz T\u00fcrk Ulusu;<\/em><\/strong><\/p>\n<p style=\"text-align: justify;\">Senin \u00f6z evlatlar\u0131n, her t\u00fcrl\u00fc siyasi hesap ve \u015fahsi \u00e7\u0131kar d\u00fc\u015f\u00fcncesinden uzak olarak; yine senin alt\u0131nda ezildi\u011fin say\u0131s\u0131z dertlere \u00e7are bulmak karar\u0131 ile huzuruna gelmi\u015f ve bu kutsal hizmete ba\u015flam\u0131\u015ft\u0131r. Size bug\u00fcn i\u00e7in huzur ve emniyet, yar\u0131n i\u00e7in ayd\u0131nl\u0131k ve refah vaadiyle heppinizi sayg\u0131 ile selaml\u0131yorum\u201d Bildirinin sonunda ise \u201cRadyolar\u0131n\u0131z\u0131n ba\u015f\u0131ndan ayr\u0131lmay\u0131n\u0131z ve gelecek yay\u0131nlar\u0131 bekleyiniz\u201d deniliyor. Alt\u0131nda imza olarak da T\u00fcrk Silahl\u0131 Kuvvetleri ad\u0131 yer al\u0131yor.<\/p>\n<p style=\"text-align: justify;\"><em><strong>Bildiri \u00fcst\u00fcne bildiri<\/strong><\/em><\/p>\n<p style=\"text-align: justify;\">\u0130kinci bildiride ise \u201cBug\u00fcn saat&#8230; \u2019itibariyle soka\u011fa \u00e7\u0131kma yasa\u011f\u0131 konmu\u015ftur\u201d deniliyor. \u00dc\u00e7\u00fcnc\u00fc ve en uzun bildiride de \u201cDevrim Kurulu Ba\u015fkan\u0131\u201d lider s\u0131fat\u0131yla halka hitaben konu\u015fma yap\u0131yor. D\u00f6rt nolu bildiride devrilen h\u00fck\u00fcmetin ba\u015fbakan\u0131n\u0131n ad\u0131n\u0131n yeri bo\u015f b\u0131rak\u0131larak \u201ctevkif edilmi\u015ftir\u201d deniliyor.<\/p>\n<p style=\"text-align: justify;\">Be\u015f nolu bildiride t\u00fcm yurtd\u0131\u015f\u0131 \u00e7\u0131k\u0131\u015flar\u0131n\u0131n yasakland\u0131\u011f\u0131 belirtiliyor. Alt\u0131 nolu bildiride ise b\u00fct\u00fcn il, il\u00e7e ve bu\u00e7aklardaki garnizon komutanlar\u0131na ve askeri \u015fah\u0131slara ithafen, m\u00fclki idareye el konulaca\u011f\u0131 emri veriliyor.<\/p>\n<p style=\"text-align: justify;\">Yedinci bildiride de darbeye kar\u015f\u0131 gelenlerin devrim mahkemelerinde yarg\u0131lanaca\u011f\u0131 bildiriliyor.<\/p>\n<p style=\"text-align: justify;\"><strong><em>9 Mart 71\u2019de ne oldu?<\/em><\/strong><\/p>\n<p style=\"text-align: justify;\">9 Mart 1971\u2019de TSK\u2019da emir-komuta zinciri d\u0131\u015f\u0131nda geli\u015fen \u2019sol\u2019bir darbe te\u015febb\u00fcs\u00fc ya\u015fand\u0131. Planlanan darbe, M\u0130T\u2019in durumu d\u00f6nemin Genel Kurmay Ba\u015fkan\u0131 Memduh Ta\u011fma\u00e7 ve 1. Ordu Komutan\u0131 Faik T\u00fcr\u00fcn\u2019e haber vermesiyle ba\u015far\u0131s\u0131z oldu. 1. Ordu Komutan\u0131 T\u00fcr\u00fcn darbeye ad\u0131 kar\u0131\u015fanlar\u0131 Ziverbey K\u00f6\u015fk\u00fc\u2019nde M\u0130T vas\u0131tas\u0131yla sorguya \u00e7ekti. Bu sorgularda Kara Kuvvetleri Komutan\u0131 Faruk G\u00fcrler ve Hava Kuvvetleri Komutan\u0131 Muhsin Batur\u2019un da darbe te\u015febb\u00fcs\u00fcne \u00f6nce destek verdi\u011fi ama sonra desteklerini geri \u00e7ekti\u011fi ortaya \u00e7\u0131kt\u0131. 9 Mart 1971 Milli Demokratik Devrimi\u2019ne ad\u0131 kar\u0131\u015fan ba\u015fta T\u00fcmgeneral Celil G\u00fcrkan olmak \u00fczere t\u00fcm subaylar\u0131 re\u2019sen emekliye sevk edildi.<\/p>\n<p style=\"text-align: justify;\"><strong><em>1971\u2019deki \u2018Ergenakon\u2019un kimlik kart\u0131 bile var<\/em><\/strong><\/p>\n<p style=\"text-align: justify;\">Emekl\u0130 K\u0131demli Albay H\u00fcseyin Vural Vural\u2019dan ele ge\u00e7irilen \u201cErgenekon Kimlik Kart\u0131\u201d da ek delil klas\u00f6rleri aras\u0131nda yer ald\u0131. \u00dczerinde \u201cErgenekon\u201d yaz\u0131s\u0131 bulunan kartta, \u201cKara-Deniz-Hava\u201d ile \u201cSadece G\u00f6revlilere Verilmi\u015ftir\u201d yaz\u0131s\u0131 da dikkat \u00e7ekiyor.<\/p>\n<p style=\"text-align: justify;\">Ocak 2009\u2019da ger\u00e7ekle\u015ftirilen operasyon s\u0131ras\u0131nda ele ge\u00e7irilen bu karttan Vural, 4 Nisan 2008\u2019de Erol M\u00fctercimler ile yapt\u0131\u011f\u0131 bir telefon g\u00f6r\u00fc\u015fmesinde bahsetmi\u015fti. Teknik takibe tak\u0131lan bu g\u00f6r\u00fc\u015fmede Vural, \u201cBende Ergenekon kart\u0131 var\u201d demi\u015fti.<\/p>\n<p style=\"text-align: justify;\"><strong><em>4 Nisan 2008\u2019de Erol M\u00fctercimler ile H\u00fcseyin Vural Vural aras\u0131nda ge\u00e7en telefon konu\u015fmas\u0131: <\/em><\/strong><\/p>\n<p style=\"text-align: justify;\"><strong><em>H\u00fcseyin Vural Vural :<\/em><\/strong> Ergenekon nedir biliyor musun.<\/p>\n<p style=\"text-align: justify;\"><em><strong>Erol M\u00fctercimler <\/strong><\/em>: Yo hay\u0131r siz s\u00f6yleyin belli ki bi \u015fey var kritik bi \u015fey var<\/p>\n<p style=\"text-align: justify;\"><strong><em>H\u00fcseyin Vural Vural : <\/em><\/strong>Kritik de diii Dokuz Mart\u00e7\u0131lar\u0131n \u0130stanbul grubunun koydu\u011fu isimdir o parolad\u0131r.<\/p>\n<p style=\"text-align: justify;\"><strong><em>Erol M\u00fctercimler : <\/em><\/strong>Onu bilmiyorum onu ilk defa \u00f6\u011freniyorum.<\/p>\n<p style=\"text-align: justify;\"><strong><em>H\u00fcseyin Vural Vural :<\/em><\/strong> Aaaa ya bak bende onun kart\u0131 da var be.<\/p>\n<p style=\"text-align: justify;\"><strong><em>Erol M\u00fctercimler :<\/em><\/strong> Allah\u0131m\u0131z a\u015fk\u0131na. Ya bunu kimse bilmiyor.<\/p>\n<p style=\"text-align: justify;\"><strong><em>Ergenekon de\u011fil, Ergenakon<\/em><\/strong><\/p>\n<p style=\"text-align: justify;\">Vural\u2019a, savc\u0131l\u0131k sorgusu s\u0131ras\u0131nda bu kart ve telefon g\u00f6r\u00fc\u015fmesi soruldu. 3. \u0130ddianame\u2019de yer alan bilgilere g\u00f6re Vural\u2019\u0131n, Erol M\u00fctercimler ile yapt\u0131\u011f\u0131 bu telefon g\u00f6r\u00fc\u015fmesinde ge\u00e7en \u201cErgenekon\u201dun bug\u00fcnk\u00fc soru\u015fturmayla ilgili olmad\u0131\u011f\u0131n\u0131 belirterek, \u201c1971 y\u0131l\u0131nda TSK b\u00fcnyesinde yap\u0131lan bir soru\u015fturma ile ilgili. Bunun tam ismi de Ergenakon\u201d dedi\u011fi belirtildi.<\/p>\n<p style=\"text-align: justify;\"><span style=\"color: #888888;\">Kaynak : Vatan<\/span><\/p>\n","protected":false},"excerpt":{"rendered":"<p style=\"text-align: center;\">\n<p style=\"text-align: justify;\">Ergenekon iddianamesinin ek klas\u00f6rlerinde 1971\u2019de solcu subaylar taraf\u0131ndan planlanan 9 Mart darbesinin radyodan okunacak bildirisi de yer ald\u0131.<\/p>\n<p style=\"text-align: justify;\">Ergenekon operasyonu kapsam\u0131nda g\u00f6zalt\u0131na al\u0131nd\u0131ktan sonra serbest b\u0131rak\u0131lan eski M\u0130T \u00e7al\u0131\u015fan\u0131 Emekli K\u0131demli Albay H\u00fcseyin Vural Vural\u2019dan ele ge\u00e7irilen \u201cdarbe t\u00fcz\u00fc\u011f\u00fc\u201d de ek delil klas\u00f6rleri aras\u0131nda yer ald\u0131.<\/p>\n<p style=\"text-align:  \n\n","protected":false},"author":1,"featured_media":0,"comment_status":"open","ping_status":"closed","sticky":false,"template":"","format":"standard","meta":{"footnotes":""},"categories":[105],"tags":[],"class_list":["post-13851","post","type-post","status-publish","format-standard","hentry","category-gundem","odd"],"_links":{"self":[{"href":"http:\/\/www.korhanyilmaz.com\/index.php?rest_route=\/wp\/v2\/posts\/13851","targetHints":{"allow":["GET"]}}],"collection":[{"href":"http:\/\/www.korhanyilmaz.com\/index.php?rest_route=\/wp\/v2\/posts"}],"about":[{"href":"http:\/\/www.korhanyilmaz.com\/index.php?rest_route=\/wp\/v2\/types\/post"}],"author":[{"embeddable":true,"href":"http:\/\/www.korhanyilmaz.com\/index.php?rest_route=\/wp\/v2\/users\/1"}],"replies":[{"embeddable":true,"href":"http:\/\/www.korhanyilmaz.com\/index.php?rest_route=%2Fwp%2Fv2%2Fcomments&post=13851"}],"version-history":[{"count":0,"href":"http:\/\/www.korhanyilmaz.com\/index.php?rest_route=\/wp\/v2\/posts\/13851\/revisions"}],"wp:attachment":[{"href":"http:\/\/www.korhanyilmaz.com\/index.php?rest_route=%2Fwp%2Fv2%2Fmedia&parent=13851"}],"wp:term":[{"taxonomy":"category","embeddable":true,"href":"http:\/\/www.korhanyilmaz.com\/index.php?rest_route=%2Fwp%2Fv2%2Fcategories&post=13851"},{"taxonomy":"post_tag","embeddable":true,"href":"http:\/\/www.korhanyilmaz.com\/index.php?rest_route=%2Fwp%2Fv2%2Ftags&post=13851"}],"curies":[{"name":"wp","href":"https:\/\/api.w.org\/{rel}","templated":true}]}}