{"id":13838,"date":"2009-08-23T11:54:16","date_gmt":"2009-08-23T09:54:16","guid":{"rendered":"http:\/\/www.korhanyilmaz.com\/?p=13838"},"modified":"2009-08-23T11:54:16","modified_gmt":"2009-08-23T09:54:16","slug":"turkiye-ortulu-fasizme-gidiyor","status":"publish","type":"post","link":"http:\/\/www.korhanyilmaz.com\/?p=13838","title":{"rendered":"T\u00fcrkiye \u00f6rt\u00fcl\u00fc fa\u015fizme gidiyor"},"content":{"rendered":"<p><a href=\"http:\/\/www.korhanyilmaz.com\/wp-content\/uploads\/2009\/08\/230820091212126772378.jpg\"  class=\"lightview\"><img loading=\"lazy\" decoding=\"async\" class=\"aligncenter size-full wp-image-13839\" src=\"http:\/\/www.korhanyilmaz.com\/wp-content\/uploads\/2009\/08\/230820091212126772378.jpg\" alt=\"\" width=\"320\" height=\"100\" \/><\/a><\/p>\n<p style=\"text-align: justify;\">\u0130ZM\u0130R&#8217;in Fo\u00e7a \u0130l\u00e7esi&#8217;nde `Siyasette Ahlak&#8217; konulu konferansa kat\u0131lan CHP Grup Ba\u015fkanvekili \u0130stanbul Milletvekili Kemal K\u0131l\u0131\u00e7daro\u011flu, T\u00fcrkiye&#8217;nin ad\u0131m ad\u0131m \u00f6rt\u00fcl\u00fc fa\u015fime do\u011fru gitti\u011fini s\u00f6yledi.<\/p>\n<p style=\"text-align: justify;\">Fo\u00e7a&#8217;da CHP \u0130l\u00e7e Ba\u015fkanl\u0131\u011f\u0131&#8217;n\u0131n d\u00fczenledi\u011fi `Siyasette Ahlak&#8217; konulu panele konu\u015fmac\u0131 olarak kat\u0131lan K\u0131l\u0131\u00e7daro\u011flu, Ba\u015fbakan Recep Tayyip Erdo\u011fan ve AKP h\u00fck\u00fcmetine ele\u015ftirilerde bulundu. Panele kat\u0131lmadan \u00f6nce Fo\u00e7a Belediye Ba\u015fkan\u0131 CHP&#8217;li G\u00f6khan Demira\u011f&#8217;\u0131 da makam\u0131nda ziyaret eden K\u0131l\u0131\u00e7daro\u011flu&#8217;na vatanda\u015flar yo\u011fun sevgi g\u00f6sterisinde bulundu. Reha Midilli K\u00fclt\u00fcr Merkezi&#8217;nde d\u00fczenlenmesi planlanan panel, a\u015f\u0131r\u0131 kalabal\u0131k nedeniyle a\u00e7\u0131k havada yap\u0131ld\u0131. <!--more--><\/p>\n<p style=\"text-align: justify;\">Siyaset\u00e7inin her t\u00fcrl\u00fc ele\u015ftiriye a\u00e7\u0131k olmas\u0131 gerekti\u011fini belirten K\u0131l\u0131\u00e7daro\u011flu \u015funlar\u0131 s\u00f6yledi:<\/p>\n<p style=\"text-align: justify;\">&#8220;D\u00fcnyan\u0131n hi\u00e7bir \u00fclkesinde bir Ba\u015fbakan, be\u011fenmedi\u011fi ele\u015ftiriler kar\u015f\u0131s\u0131nda, \u00f6z\u00fcr dileyerek ifade ediyorum `namussuz ve al\u00e7ak&#8217; s\u00f6zc\u00fc\u011f\u00fcn\u00fc kullanamaz. Say\u0131n Ba\u015fbakan televizyonlara \u00e7\u0131kt\u0131\u011f\u0131 zaman, ekrana 18 ya\u015f \u00fcst\u00fc uyar\u0131 logosu koymak laz\u0131m. Say\u0131n ba\u015fbakan\u0131n kendisine y\u00f6nelik ele\u015ftirilere belden a\u015fa\u011f\u0131 yan\u0131t vermesi do\u011fru de\u011fildir. Sevelim veya sevmeyelim bir politikac\u0131ya b\u00f6yle bir ifadeyi kulland\u0131\u011f\u0131n\u0131z zaman, siyasette ahlak dedi\u011fimiz normdan uzakla\u015fm\u0131\u015f oluruz.&#8221;<\/p>\n<p style=\"text-align: justify;\"><strong>`YOKSULLU\u011eU S\u00d6M\u00dcR\u00dcYORLAR&#8217; <\/strong><\/p>\n<p style=\"text-align: justify;\">Kemal K\u0131l\u0131\u00e7daro\u011flu, yoksullu\u011fu ac\u0131mas\u0131zca kulland\u0131\u011f\u0131n\u0131 ileri s\u00fcrd\u00fc\u011f\u00fc AKP&#8217;nin, \u00fclkenin baz\u0131 b\u00f6lgelerinde ya\u015fayan insanlar\u0131n gelir d\u00fczeyinin artmas\u0131n\u0131 istemedi\u011fini de \u00f6ne s\u00fcrerek, &#8220;`Onlar hep yoksul kals\u0131n, benim da\u011f\u0131tt\u0131\u011f\u0131m makarnaya muhta\u00e7 kals\u0131n. Ben onlar\u0131n yoksullu\u011funu s\u00f6m\u00fcreyim&#8217; d\u00fc\u015f\u00fcncesi insan haklar\u0131na ayk\u0131r\u0131d\u0131r. `M\u00fcsl\u00fcman\u0131z&#8217; diyorlar. Yoksulun yoksullu\u011funu te\u015fhir etmek hangi dinde, kitapta vard\u0131r. `Sa\u011f elin verdi\u011fini sol eliniz g\u00f6rmeyecek&#8217; diyen bizim y\u00fcce dinimiz de\u011fil mi?&#8221; diye sordu.<\/p>\n<p style=\"text-align: justify;\">\u0130nsanlar\u0131n telefonlar\u0131yla \u00f6zg\u00fcrce konu\u015famad\u0131klar\u0131, y\u00f6netenlerinden korktuklar\u0131 bir \u00fclkede demokrasiden s\u00f6z edilemeyece\u011fini belirten K\u0131l\u0131\u00e7daro\u011flu, T\u00fcrkiye&#8217;nin ad\u0131m ad\u0131m \u00f6rt\u00fcl\u00fc fa\u015fizme do\u011fru gitti\u011fini de iddia etti.<\/p>\n<p style=\"text-align: justify;\"><span style=\"color: #888888;\">Kaynak : Vatan<\/span><\/p>\n","protected":false},"excerpt":{"rendered":"<\/p>\n<p style=\"text-align: justify;\">\u0130ZM\u0130R&#8217;in Fo\u00e7a \u0130l\u00e7esi&#8217;nde `Siyasette Ahlak&#8217; konulu konferansa kat\u0131lan CHP Grup Ba\u015fkanvekili \u0130stanbul Milletvekili Kemal K\u0131l\u0131\u00e7daro\u011flu, T\u00fcrkiye&#8217;nin ad\u0131m ad\u0131m \u00f6rt\u00fcl\u00fc fa\u015fime do\u011fru gitti\u011fini s\u00f6yledi.<\/p>\n<p style=\"text-align: justify;\">Fo\u00e7a&#8217;da CHP \u0130l\u00e7e Ba\u015fkanl\u0131\u011f\u0131&#8217;n\u0131n d\u00fczenledi\u011fi `Siyasette Ahlak&#8217; konulu panele konu\u015fmac\u0131 olarak kat\u0131lan K\u0131l\u0131\u00e7daro\u011flu, Ba\u015fbakan Recep Tayyip Erdo\u011fan ve AKP h\u00fck\u00fcmetine ele\u015ftirilerde bulundu. Panele kat\u0131lmadan \u00f6nce Fo\u00e7a Belediye <\/p>\n","protected":false},"author":1,"featured_media":0,"comment_status":"open","ping_status":"closed","sticky":false,"template":"","format":"standard","meta":{"footnotes":""},"categories":[105],"tags":[],"class_list":["post-13838","post","type-post","status-publish","format-standard","hentry","category-gundem","odd"],"_links":{"self":[{"href":"http:\/\/www.korhanyilmaz.com\/index.php?rest_route=\/wp\/v2\/posts\/13838","targetHints":{"allow":["GET"]}}],"collection":[{"href":"http:\/\/www.korhanyilmaz.com\/index.php?rest_route=\/wp\/v2\/posts"}],"about":[{"href":"http:\/\/www.korhanyilmaz.com\/index.php?rest_route=\/wp\/v2\/types\/post"}],"author":[{"embeddable":true,"href":"http:\/\/www.korhanyilmaz.com\/index.php?rest_route=\/wp\/v2\/users\/1"}],"replies":[{"embeddable":true,"href":"http:\/\/www.korhanyilmaz.com\/index.php?rest_route=%2Fwp%2Fv2%2Fcomments&post=13838"}],"version-history":[{"count":0,"href":"http:\/\/www.korhanyilmaz.com\/index.php?rest_route=\/wp\/v2\/posts\/13838\/revisions"}],"wp:attachment":[{"href":"http:\/\/www.korhanyilmaz.com\/index.php?rest_route=%2Fwp%2Fv2%2Fmedia&parent=13838"}],"wp:term":[{"taxonomy":"category","embeddable":true,"href":"http:\/\/www.korhanyilmaz.com\/index.php?rest_route=%2Fwp%2Fv2%2Fcategories&post=13838"},{"taxonomy":"post_tag","embeddable":true,"href":"http:\/\/www.korhanyilmaz.com\/index.php?rest_route=%2Fwp%2Fv2%2Ftags&post=13838"}],"curies":[{"name":"wp","href":"https:\/\/api.w.org\/{rel}","templated":true}]}}