{"id":13833,"date":"2009-08-22T00:35:58","date_gmt":"2009-08-21T21:35:58","guid":{"rendered":"http:\/\/www.korhanyilmaz.com\/?p=13833"},"modified":"2009-08-22T00:35:58","modified_gmt":"2009-08-21T21:35:58","slug":"o-mudur-utandi-ya-vali","status":"publish","type":"post","link":"http:\/\/www.korhanyilmaz.com\/?p=13833","title":{"rendered":"O M\u00fcd\u00fcr Utand\u0131 Ya Vali?"},"content":{"rendered":"<p><a href=\"http:\/\/www.korhanyilmaz.com\/wp-content\/uploads\/2009\/08\/actuel_1250937441.jpg\"  class=\"lightview\"><img loading=\"lazy\" decoding=\"async\" class=\"aligncenter size-full wp-image-13834\" src=\"http:\/\/www.korhanyilmaz.com\/wp-content\/uploads\/2009\/08\/actuel_1250937441.jpg\" alt=\"\" width=\"300\" height=\"230\" \/><\/a><\/p>\n<p style=\"text-align: justify;\">\u0130zmit\u2019te ya\u015fad\u0131klar\u0131 deprem konutlar\u0131n\u0131 b\u00fcrokratlara terketmedikleri i\u00e7in g\u00fcna\u015f\u0131r\u0131 polis \u015fiddetiyle y\u00fcz y\u00fcze gelen depremzedelerin, \u201cSana ev mi yok. Utan biraz\u201d diye ba\u011f\u0131rd\u0131\u011f\u0131  Kocaeli \u0130l Milli E\u011fitim M\u00fcd\u00fcr\u00fc Nevzat \u0130spirli konu\u015ftu: \u201cLojman\u0131 yak\u0131nda bo\u015faltaca\u011f\u0131m\u201d<\/p>\n<p style=\"text-align: justify;\">\u0130stanbul \u015ei\u015fli\u2019de de lojmanda e\u015fyas\u0131n\u0131n bulundu\u011fu ileri s\u00fcr\u00fclen \u0130spirli, tepkinin kendisini \u00e7ok \u00fczd\u00fc\u011f\u00fcn\u00fc belirterek, \u201c\u015eu anda kendime kiral\u0131k ev ar\u0131yorum. Hem \u0130zmit Ar\u0131zl\u0131\u2019daki, hem de \u0130stanbul \u015ei\u015fli&#8217;deki daireyi bo\u015faltaca\u011f\u0131m\u201d dedi.<\/p>\n<p style=\"text-align: justify;\">\u0130zmit Ar\u0131zl\u0131 Mevkii\u2019nde Irak\u2019\u0131n yard\u0131m\u0131yla yap\u0131lan deprem konutlar\u0131ndan, depremzedelere bo\u015faltt\u0131r\u0131lan evlerin b\u00fcrokratlara lojman olarak verilmesini protesto edenler, g\u00f6steriler s\u0131ras\u0131nda burada oturan baz\u0131 vali yard\u0131mc\u0131lar\u0131 ile Milli E\u011fitim M\u00fcd\u00fcr\u00fc Nevzat \u0130spirli\u2019ye de s\u00f6zl\u00fc tepki g\u00f6stermi\u015fti.<!--more--><\/p>\n<p style=\"text-align: justify;\">Protesto g\u00f6sterileri s\u0131ras\u0131nda \u00e7ekilen foto\u011fraf ve g\u00f6r\u00fcnt\u00fcleri gazetelerde ve televizyonlarda yer alan ve 9 ay \u00f6nce \u0130stanbul\u2019dan Kocaeli\u2019ne atanan Milli E\u011fitim M\u00fcd\u00fcr\u00fc Nevzat \u0130spirli&#8217;nin \u0130stanbul \u015ei\u015fli&#8217;de Milli E\u011fitim M\u00fcd\u00fcrl\u00fc\u011f\u00fc&#8217;ne ait lojmanda da e\u015fyalar\u0131 bulundu\u011fu belirlendi. Nevzat \u0130spirli, \u015ei\u015fli\u2019deki lojman\u0131n s\u00fcresinin A\u011fustos sonunda bitece\u011fini s\u00f6yledi. \u0130spirli, geli\u015fmelerle ilgili \u015funlar\u0131 s\u00f6yledi:<\/p>\n<p style=\"text-align: justify;\">\u201c\u0130zmit Ar\u0131zl\u0131\u2019daki konuta 225 TL kira \u00f6d\u00fcyorum. Oras\u0131 lojman de\u011fil. \u0130stanbul \u015ei\u015fli\u2019deki lojmanda oturmak i\u00e7in a\u011fustos sonuna kadar s\u00fcre istemi\u015ftim. \u015ei\u015fli\u2019deki lojman\u0131 da bo\u015falt\u0131yorum. Kendime \u015fimdi ev ar\u0131yorum. \u0130ki evi de bo\u015falt\u0131yorum. \u015ei\u015fli\u2019deki lojman\u0131 haks\u0131z yere kullanmad\u0131m. \u0130l Milli E\u011fitim M\u00fcd\u00fcr\u00fc olarak m\u00fcsaadeli oturdum. \u015eimdi ikisini de bo\u015falt\u0131yorum.\u201d<\/p>\n<p style=\"text-align: justify;\"><strong>\u015e\u0130\u015eL\u0130 LOJMANI&#8217;NDA DA \u015eA\u0130BE VAR<\/strong><\/p>\n<p style=\"text-align: justify;\">Ayr\u0131ca; Milli E\u011fitim M\u00fcd\u00fcr\u00fc \u0130spirli\u2019nin  \u0130stanbul\u2019da ba\u015fka bir lojman\u0131 haks\u0131z yere y\u0131llard\u0131r kulland\u0131\u011f\u0131 da iddia ediliyor.<\/p>\n<p style=\"text-align: justify;\">\u0130ddiaya g\u00f6re \u0130spirli, Kocaeli\u2019ndeki deprem konutlar\u0131nda oturdu\u011fu lojman d\u0131\u015f\u0131nda, 2006\u2019dan bu yana g\u00f6rev yapmad\u0131\u011f\u0131 \u0130stanbul \u015ei\u015fli\u2019deki bir ilk\u00f6\u011fretim okulunun bah\u00e7esindeki lojman\u0131 da kullan\u0131yor.<\/p>\n<p style=\"text-align: justify;\">\u0130spirli\u2019nin \u0130stanbul \u015ei\u015fli\u2019deki lojman\u0131 bo\u015faltmad\u0131\u011f\u0131, hakk\u0131nda bakanl\u0131\u011fa birden fazla \u015fik\u00e2yet dilek\u00e7esi yaz\u0131lmas\u0131na ra\u011fmen, \u0130spirli\u2019nin lojman\u0131 bo\u015faltmad\u0131\u011f\u0131 da \u00f6ne s\u00fcr\u00fcld\u00fc.<\/p>\n<p style=\"text-align: justify;\">Oysa \u2018Kamu Konutlar\u0131 Y\u00f6netmeli\u011fi\u2019ne g\u00f6re konutlarda oturma s\u00fcresi olduk\u00e7a a\u00e7\u0131k. Madde 20\u2019de \u201c\u00d6zel, g\u00f6rev ve hizmet tahsisli konutlarda, tahsise esas olan g\u00f6rev veya hizmetin devam\u0131 s\u00fcresince oturulabilir\u201d deniliyor.<\/p>\n<p style=\"text-align: justify;\">Kocaeli \u0130l Milli E\u011fitim M\u00fcd\u00fcr\u00fc \u0130spirli\u2019nin \u0130stanbul\u2019daki g\u00f6revi 2006 y\u0131l\u0131nda son buldu. Yani \u0130spirli, 2006 y\u0131l\u0131nda ayr\u0131ld\u0131\u011f\u0131 g\u00f6revin ard\u0131ndan en ge\u00e7 \u00fc\u00e7 ay i\u00e7inde bo\u015faltmas\u0131 gereken lojmanda y\u00f6netmeli\u011fi \u00e7i\u011fneyerek hala oturuyor.<\/p>\n<p style=\"text-align: justify;\"><strong>H\u0130BE MALINDA K\u0130RACI MUAMELES\u0130<\/strong><\/p>\n<p style=\"text-align: justify;\">Irak K\u0131z\u0131lay\u0131 kanal\u0131yla yap\u0131lan 10 milyon dolarl\u0131k yard\u0131mla in\u015fa ettirilen ve \u2018Ar\u0131zl\u0131 Irak Deprem Konutlar\u0131\u2019 ad\u0131 verilen b\u00f6lgede 237 daire bulunuyor. Bunlara depremin ard\u0131ndan kal\u0131c\u0131 konutlardan hak sahibi olamayan ancak, ailelerinden birden fazla ki\u015fiyi kaybetmi\u015f depremzedeler yerle\u015ftirildi. \u0130lerleylen y\u0131llarda depremzedelere, \u201cBuraya 5 y\u0131ll\u0131\u011f\u0131na yerle\u015ftirildiniz. Bu binalar devlet memurlar\u0131 i\u00e7in lojman olarak kullan\u0131lacak\u201d denilerek bo\u015faltt\u0131r\u0131lmaya ba\u015fland\u0131. Bug\u00fcne kadar yakla\u015f\u0131k 80 daire bo\u015faltt\u0131r\u0131l\u0131rken ve buralara vali yard\u0131mc\u0131lar\u0131, polis m\u00fcd\u00fcrleri, aralar\u0131nda \u00d6zel \u0130dare ve Milli E\u011fitim M\u00fcd\u00fcr\u00fc\u2019n\u00fcn de bulundu\u011fu bir\u00e7ok kamu kurulu\u015funun y\u00f6neticisi yerle\u015ftirildi.<\/p>\n<p style=\"text-align: justify;\">\u00c7o\u011funun gidece\u011fi bir yer olmayan depremzedeler, evlerini bo\u015faltmak i\u00e7in direndikleri i\u00e7in g\u00fcnlerdir polis daya\u011f\u0131 yerken, Kocaeli Valisi, depremzederle ilgili yapt\u0131\u011f\u0131 a\u00e7\u0131klamada, \u201cOnlar hak sahibi de\u011fil, \u00fcstelik devletin onlardan bekledi\u011fi \u00fc\u00e7 kuru\u015f paray\u0131 da vermediler\u201d demi\u015fti.<\/p>\n<p style=\"text-align: justify;\"><span style=\"color: #888888;\">BirG\u00fcn<\/span><\/p>\n","protected":false},"excerpt":{"rendered":"<\/p>\n<p style=\"text-align: justify;\">\u0130zmit\u2019te ya\u015fad\u0131klar\u0131 deprem konutlar\u0131n\u0131 b\u00fcrokratlara terketmedikleri i\u00e7in g\u00fcna\u015f\u0131r\u0131 polis \u015fiddetiyle y\u00fcz y\u00fcze gelen depremzedelerin, \u201cSana ev mi yok. Utan biraz\u201d diye ba\u011f\u0131rd\u0131\u011f\u0131 Kocaeli \u0130l Milli E\u011fitim M\u00fcd\u00fcr\u00fc Nevzat \u0130spirli konu\u015ftu: \u201cLojman\u0131 yak\u0131nda bo\u015faltaca\u011f\u0131m\u201d<\/p>\n<p style=\"text-align: justify;\">\u0130stanbul \u015ei\u015fli\u2019de de lojmanda e\u015fyas\u0131n\u0131n bulundu\u011fu ileri s\u00fcr\u00fclen \u0130spirli, tepkinin kendisini \u00e7ok \u00fczd\u00fc\u011f\u00fcn\u00fc belirterek, \u201c\u015eu anda kendime <\/p>\n","protected":false},"author":1,"featured_media":0,"comment_status":"open","ping_status":"closed","sticky":false,"template":"","format":"standard","meta":{"footnotes":""},"categories":[105],"tags":[],"class_list":["post-13833","post","type-post","status-publish","format-standard","hentry","category-gundem","odd"],"_links":{"self":[{"href":"http:\/\/www.korhanyilmaz.com\/index.php?rest_route=\/wp\/v2\/posts\/13833","targetHints":{"allow":["GET"]}}],"collection":[{"href":"http:\/\/www.korhanyilmaz.com\/index.php?rest_route=\/wp\/v2\/posts"}],"about":[{"href":"http:\/\/www.korhanyilmaz.com\/index.php?rest_route=\/wp\/v2\/types\/post"}],"author":[{"embeddable":true,"href":"http:\/\/www.korhanyilmaz.com\/index.php?rest_route=\/wp\/v2\/users\/1"}],"replies":[{"embeddable":true,"href":"http:\/\/www.korhanyilmaz.com\/index.php?rest_route=%2Fwp%2Fv2%2Fcomments&post=13833"}],"version-history":[{"count":0,"href":"http:\/\/www.korhanyilmaz.com\/index.php?rest_route=\/wp\/v2\/posts\/13833\/revisions"}],"wp:attachment":[{"href":"http:\/\/www.korhanyilmaz.com\/index.php?rest_route=%2Fwp%2Fv2%2Fmedia&parent=13833"}],"wp:term":[{"taxonomy":"category","embeddable":true,"href":"http:\/\/www.korhanyilmaz.com\/index.php?rest_route=%2Fwp%2Fv2%2Fcategories&post=13833"},{"taxonomy":"post_tag","embeddable":true,"href":"http:\/\/www.korhanyilmaz.com\/index.php?rest_route=%2Fwp%2Fv2%2Ftags&post=13833"}],"curies":[{"name":"wp","href":"https:\/\/api.w.org\/{rel}","templated":true}]}}