{"id":13825,"date":"2009-08-22T20:26:07","date_gmt":"2009-08-22T17:26:07","guid":{"rendered":"http:\/\/www.korhanyilmaz.com\/?p=13825"},"modified":"2009-08-22T20:26:07","modified_gmt":"2009-08-22T17:26:07","slug":"gul-kosk%e2%80%99e-cagirdi-bahceli-reddetti","status":"publish","type":"post","link":"http:\/\/www.korhanyilmaz.com\/?p=13825","title":{"rendered":"G\u00fcl K\u00f6\u015fk\u2019e \u00e7a\u011f\u0131rd\u0131 Bah\u00e7eli reddetti"},"content":{"rendered":"<p><a href=\"http:\/\/www.korhanyilmaz.com\/wp-content\/uploads\/2009\/08\/g\u00fcle_red1.jpg\"  class=\"lightview\"><img loading=\"lazy\" decoding=\"async\" class=\"aligncenter size-full wp-image-13827\" src=\"http:\/\/www.korhanyilmaz.com\/wp-content\/uploads\/2009\/08\/g\u00fcle_red1.jpg\" alt=\"\" width=\"320\" height=\"100\" \/><\/a><\/p>\n<p style=\"text-align: justify;\">MHP lideri, Cumhurba\u015fkan\u0131 G\u00fcl&#8217;\u00fcn uzatt\u0131\u011f\u0131 zeytindal\u0131na olumsuz yan\u0131t verdi.<\/p>\n<p style=\"text-align: justify;\">Bah\u00e7eli, K\u00fcrt a\u00e7\u0131l\u0131m\u0131 nedeniyle sadece Erdo\u011fan ile de\u011fil, Cumhurba\u015fkan\u0131 G\u00fcl ile de k\u00f6pr\u00fcleri att\u0131. G\u00fcl\u2019\u00fcn MGK\u2019ya sert \u00e7\u0131kan Bah\u00e7eli\u2019yi K\u00f6\u015fk\u2019e davet etti\u011fi, MHP liderinin bu daveti reddetti\u011fi ortaya \u00e7\u0131kt\u0131. G\u00fcl de bu ret \u00fczerine Bah\u00e7eli\u2019nin s\u00f6zleri i\u00e7in \u2018yak\u0131\u015f\u0131ks\u0131z\u2019 a\u00e7\u0131klamas\u0131 yapt\u0131.<\/p>\n<p style=\"text-align: justify;\">ANKARA &#8211; MHP lideri Devlet Bah\u00e7eli \u2019K\u00fcrt a\u00e7\u0131l\u0131m\u0131\u2019 nedeniyle Ba\u015fbakan Erdo\u011fan\u2019\u0131n yan\u0131 s\u0131ra Cumhurba\u015fkan\u0131 Abdullah G\u00fcl ve Milli G\u00fcvenlik Kurulu\u2019na da a\u011f\u0131r ele\u015ftiriler y\u00f6neltiyor. Kar\u015f\u0131l\u0131kl\u0131 sert a\u00e7\u0131klamalarla s\u00fcren gerginli\u011fin perde ard\u0131nda ilgin\u00e7 bir ayr\u0131nt\u0131 yat\u0131yor. Cuma g\u00fcn\u00fc toplanan MGK\u2019dan h\u00fck\u00fcmetin \u2019K\u00fcrt a\u00e7\u0131l\u0131m\u0131\u2019na destek veren bir bildiri \u00e7\u0131kmas\u0131 \u00fczerine MHP lideri kurulun kendi yasas\u0131n\u0131 \u00e7i\u011fnedi\u011fini s\u00f6yleyen bir a\u00e7\u0131klama yapt\u0131. Bah\u00e7eli \u201cMGK\u2019n\u0131n devletin ve milletin bekas\u0131n\u0131 halel getirecek tavsiye kararlar\u0131 almas\u0131 kabul edilemez\u201d dedi. <!--more--><\/p>\n<p style=\"text-align: justify;\">Bah\u00e7eli\u2019nin devletin en tepedeki kurumlar\u0131n\u0131 da \u00fclke b\u00fct\u00fcnl\u00fc\u011f\u00fc konusunda hassas olmamakla su\u00e7lamas\u0131 \u00fczerine \u00c7ankaya K\u00f6\u015fk\u00fc\u2019nden bir a\u00e7\u0131klama yap\u0131ld\u0131 ve MHP liderinin s\u00f6zleri \u2019yak\u0131\u015f\u0131ks\u0131z\u2019olarak de\u011ferlendirildi.<\/p>\n<p style=\"text-align: justify;\"><strong><em>G\u00fcl K\u00f6\u015fk\u2019e \u00e7a\u011f\u0131rm\u0131\u015f <\/em><\/strong><\/p>\n<p style=\"text-align: justify;\">Bu a\u00e7\u0131klama yap\u0131lmadan \u00f6nce G\u00fcl\u2019\u00fcn MHP lideri Bah\u00e7eli\u2019yi K\u00fcrt a\u00e7\u0131l\u0131m\u0131 konusunda bilgilendirmek i\u00e7in \u00c7ankaya K\u00f6\u015fk\u00fc\u2019ne davet etti\u011fi ortaya \u00e7\u0131kt\u0131. G\u00fcl\u2019\u00fcn daveti \u00d6zel Kalem M\u00fcd\u00fcr\u00fc H\u00fcseyin Avni Karsl\u0131o\u011flu ile MHP Bah\u00e7eli\u2019nin \u00f6zel kalem m\u00fcd\u00fcr\u00fcne iletildi. Ancak Bah\u00e7eli Cumhurba\u015fkan\u0131 ile \u2019bu konuda\u2019 g\u00f6r\u00fc\u015fmek istemedi\u011fini bildirdi. Bah\u00e7eli\u2019nin daveti reddetmesi \u00fczerine K\u00f6\u015fk\u2019ten MHP liderinin MGK karar\u0131 ile ilgili yap\u0131lan a\u00e7\u0131klamalar\u0131n\u0131n \u201cyak\u0131\u015f\u0131ks\u0131z\u201d de\u011ferlendirilmesi yap\u0131ld\u0131. Bah\u00e7eli, G\u00fcl\u2019\u00fcn bu a\u00e7\u0131klamaya da d\u00fcn yine bir yaz\u0131l\u0131 a\u00e7\u0131klamayla cevap verdi. MGK\u2019n\u0131n son toplant\u0131s\u0131nda yap\u0131lan a\u00e7\u0131klama hakk\u0131ndaki g\u00f6r\u00fc\u015flerinin b\u00fct\u00fcn a\u00e7\u0131kl\u0131\u011f\u0131yla milletle payla\u015f\u0131ld\u0131\u011f\u0131n\u0131 ifade eden Bah\u00e7eli, MHP\u2019nin bu g\u00f6r\u00fc\u015flerin b\u00fct\u00fcn\u00fcyle arkas\u0131nda durdu\u011funu belirtti.<\/p>\n<p style=\"text-align: justify;\"><em><strong>Bah\u00e7eli, \u015f\u00f6yle devam etti:<\/strong><\/em><\/p>\n<p style=\"text-align: justify;\">\u201cBu konuda Cumhurba\u015fkanl\u0131\u011f\u0131 taraf\u0131ndan yap\u0131lan a\u00e7\u0131klama hakk\u0131nda s\u00f6yleyece\u011fimiz \u015fudur; ter\u00f6r \u00f6rg\u00fct\u00fcn\u00fcn ve etnik b\u00f6l\u00fcc\u00fcl\u00fc\u011f\u00fcn taleplerini kar\u015f\u0131layacak bir s\u00fcrece girilmesini T\u00fcrkiye Cumhuriyeti devletine yak\u0131\u015ft\u0131ranlar\u0131n, Anayasal g\u00f6rev ve sorumluluklar\u0131 hakk\u0131ndaki beyanlar\u0131m\u0131z\u0131 yak\u0131\u015f\u0131ks\u0131z bulmalar\u0131n\u0131n asl\u0131nda fazla yad\u0131rganacak bir y\u00f6n\u00fc bulunmamaktad\u0131r. T\u00fcrkiye hayati bir kav\u015fak noktas\u0131na gelmi\u015ftir. H\u00fck\u00fcmetin ter\u00f6rle m\u00fccadele iradesi ve siyasetinde \u00e7ok vahim bir sapma ve kayma ya\u015fand\u0131\u011f\u0131, b\u00f6l\u00fcc\u00fc emellerin \u015fekillendirdi\u011fi bir teslimiyet s\u00fcrecinin ba\u015flat\u0131lmas\u0131n\u0131n ama\u00e7land\u0131\u011f\u0131 g\u00f6r\u00fclmektedir. Herkes ve her kurum \u015fimdi tarih ve millet \u00f6n\u00fcnde sorumluluklar\u0131yla ba\u015f ba\u015fad\u0131r.\u201d<\/p>\n<p style=\"text-align: justify;\"><span style=\"color: #888888;\">Kaynak : Vatan<\/span><\/p>\n","protected":false},"excerpt":{"rendered":"<\/p>\n<p style=\"text-align: justify;\">MHP lideri, Cumhurba\u015fkan\u0131 G\u00fcl&#8217;\u00fcn uzatt\u0131\u011f\u0131 zeytindal\u0131na olumsuz yan\u0131t verdi.<\/p>\n<p style=\"text-align: justify;\">Bah\u00e7eli, K\u00fcrt a\u00e7\u0131l\u0131m\u0131 nedeniyle sadece Erdo\u011fan ile de\u011fil, Cumhurba\u015fkan\u0131 G\u00fcl ile de k\u00f6pr\u00fcleri att\u0131. G\u00fcl\u2019\u00fcn MGK\u2019ya sert \u00e7\u0131kan Bah\u00e7eli\u2019yi K\u00f6\u015fk\u2019e davet etti\u011fi, MHP liderinin bu daveti reddetti\u011fi ortaya \u00e7\u0131kt\u0131. G\u00fcl de bu ret \u00fczerine Bah\u00e7eli\u2019nin s\u00f6zleri i\u00e7in \u2018yak\u0131\u015f\u0131ks\u0131z\u2019 a\u00e7\u0131klamas\u0131 yapt\u0131.<\/p>\n<p  \n\n","protected":false},"author":1,"featured_media":0,"comment_status":"open","ping_status":"closed","sticky":false,"template":"","format":"standard","meta":{"footnotes":""},"categories":[105],"tags":[],"class_list":["post-13825","post","type-post","status-publish","format-standard","hentry","category-gundem","odd"],"_links":{"self":[{"href":"http:\/\/www.korhanyilmaz.com\/index.php?rest_route=\/wp\/v2\/posts\/13825","targetHints":{"allow":["GET"]}}],"collection":[{"href":"http:\/\/www.korhanyilmaz.com\/index.php?rest_route=\/wp\/v2\/posts"}],"about":[{"href":"http:\/\/www.korhanyilmaz.com\/index.php?rest_route=\/wp\/v2\/types\/post"}],"author":[{"embeddable":true,"href":"http:\/\/www.korhanyilmaz.com\/index.php?rest_route=\/wp\/v2\/users\/1"}],"replies":[{"embeddable":true,"href":"http:\/\/www.korhanyilmaz.com\/index.php?rest_route=%2Fwp%2Fv2%2Fcomments&post=13825"}],"version-history":[{"count":0,"href":"http:\/\/www.korhanyilmaz.com\/index.php?rest_route=\/wp\/v2\/posts\/13825\/revisions"}],"wp:attachment":[{"href":"http:\/\/www.korhanyilmaz.com\/index.php?rest_route=%2Fwp%2Fv2%2Fmedia&parent=13825"}],"wp:term":[{"taxonomy":"category","embeddable":true,"href":"http:\/\/www.korhanyilmaz.com\/index.php?rest_route=%2Fwp%2Fv2%2Fcategories&post=13825"},{"taxonomy":"post_tag","embeddable":true,"href":"http:\/\/www.korhanyilmaz.com\/index.php?rest_route=%2Fwp%2Fv2%2Ftags&post=13825"}],"curies":[{"name":"wp","href":"https:\/\/api.w.org\/{rel}","templated":true}]}}