{"id":13822,"date":"2009-08-22T20:19:44","date_gmt":"2009-08-22T17:19:44","guid":{"rendered":"http:\/\/www.korhanyilmaz.com\/?p=13822"},"modified":"2009-08-22T20:19:44","modified_gmt":"2009-08-22T17:19:44","slug":"basbakan-haddini-bilsin","status":"publish","type":"post","link":"http:\/\/www.korhanyilmaz.com\/?p=13822","title":{"rendered":"&#039;Ba\u015fbakan haddini bilsin&#039;"},"content":{"rendered":"<p><a href=\"http:\/\/www.korhanyilmaz.com\/wp-content\/uploads\/2009\/08\/haddinibilmeli.jpg\"  class=\"lightview\"><img loading=\"lazy\" decoding=\"async\" class=\"aligncenter size-full wp-image-13823\" src=\"http:\/\/www.korhanyilmaz.com\/wp-content\/uploads\/2009\/08\/haddinibilmeli.jpg\" alt=\"\" width=\"320\" height=\"100\" \/><\/a><\/p>\n<p style=\"text-align: justify;\">Kemal K\u0131l\u0131\u00e7daro\u011flu, Bah\u00e7eli-Erdo\u011fan gerilimini yorumlad\u0131.<\/p>\n<p style=\"text-align: justify;\">CHP TBMM Grup Ba\u015fkanvekili ve \u0130stanbul Milletvekili Kemal K\u0131l\u0131\u00e7daro\u011flu, &#8221;D\u00fcnyan\u0131n hi\u00e7bir \u00fclkesinde bir ba\u015fbakan, be\u011fenmedi\u011fi ele\u015ftiriler kar\u015f\u0131s\u0131nda &#8216;namussuz&#8217; ve &#8216;al\u00e7ak&#8217; s\u00f6zc\u00fc\u011f\u00fcn\u00fc kullanamaz&#8221; dedi.<\/p>\n<p style=\"text-align: justify;\">Kemal K\u0131l\u0131\u00e7daro\u011flu, CHP Fo\u00e7a \u0130l\u00e7e Ba\u015fkanl\u0131\u011f\u0131 taraf\u0131ndan Reha Midilli K\u00fclt\u00fcr Merkezi&#8217;nde d\u00fczenlenen &#8221;Siyasette Ahlak&#8221; konulu konferansa konu\u015fmac\u0131 olarak kat\u0131ld\u0131.<\/p>\n<p style=\"text-align: justify;\">Siyaset kurumunu yalandan ay\u0131rman\u0131n halkla birlikte yap\u0131labilece\u011fini belirten K\u0131l\u0131\u00e7daro\u011flu, siyaset\u00e7iye g\u00fcvenilirli\u011fin sa\u011flanmas\u0131n\u0131n yaln\u0131zca T\u00fcrkiye&#8217;nin de\u011fil, insanl\u0131\u011f\u0131n temel sorunlar\u0131ndan biri oldu\u011funu s\u00f6yledi. <!--more--><\/p>\n<p style=\"text-align: justify;\">Siyasette ahlak konusunun \u00e7ok \u00f6nemli oldu\u011funu dile getiren K\u0131l\u0131\u00e7daro\u011flu, \u015f\u00f6yle konu\u015ftu:<\/p>\n<p style=\"text-align: justify;\">&#8221;Siyasetin temel normlar\u0131ndan birisi, siyaset\u00e7inin ele\u015ftiriye a\u00e7\u0131k olmas\u0131d\u0131r. Y\u00fcz\u00fcne pasta at\u0131lan, yumurta at\u0131lan politikac\u0131d\u0131r. Karikat\u00fcrleri en ac\u0131mas\u0131z \u00e7izilen politikac\u0131d\u0131r. Politikac\u0131lar, sertli\u011fin kar\u015f\u0131s\u0131nda yumu\u015fakl\u0131\u011f\u0131n\u0131 korur. Demokrasinin olmazsa olmazlar\u0131ndan biri budur.<\/p>\n<p style=\"text-align: justify;\">D\u00fcn Say\u0131n Ba\u015fbakan, K\u00fcrt a\u00e7\u0131l\u0131m\u0131yla ilgili televizyonlara a\u00e7\u0131klama yap\u0131yor. D\u00fcnyan\u0131n hi\u00e7bir \u00fclkesinde bir ba\u015fbakan be\u011fenmedi\u011fi ele\u015ftiriler kar\u015f\u0131s\u0131nda &#8216;namussuz&#8217; ve &#8216;al\u00e7ak&#8217; s\u00f6zc\u00fc\u011f\u00fcn\u00fc kullanamaz. Kulland\u0131\u011f\u0131 andan itibaren RT\u00dcK&#8217;e g\u00f6rev d\u00fc\u015f\u00fcyor. Say\u0131n Ba\u015fbakan \u00e7\u0131kt\u0131\u011f\u0131 zaman oraya 18 ya\u015f \u00fcst\u00fc logosu koymas\u0131 laz\u0131m. Bir ba\u015fbakan\u0131n her\u015feyden \u00f6nce haddini bilmesi laz\u0131m. Tabii ki ele\u015ftirilere katlanacaks\u0131n\u0131z. Siz iktidars\u0131n\u0131z, ba\u015fbakan\u0131n belden a\u015fa\u011f\u0131 yan\u0131t vermesi do\u011fru de\u011fildir. Hele bunu Cuma namaz\u0131 \u00e7\u0131k\u0131\u015f\u0131nda yapmas\u0131 daha b\u00fcy\u00fck hatad\u0131r.&#8221;<\/p>\n<p style=\"text-align: justify;\">Ele\u015ftiri nereden gelirse gelsin bir politikac\u0131n\u0131n, bir ba\u015fka politikac\u0131ya bu ifadeleri kullanmamas\u0131 gerekti\u011fini ifade eden K\u0131l\u0131\u00e7daro\u011flu, &#8221;siyasetteki ahlak kurallar\u0131n\u0131 Ba\u015fbakan&#8217;\u0131n elinin tersiyle itti\u011fini&#8221; \u00f6ne s\u00fcrd\u00fc.<\/p>\n<p style=\"text-align: justify;\">K\u0131l\u0131\u00e7daro\u011flu, &#8221;Say\u0131n Ba\u015fbakan, &#8216;Siz AK Parti&#8217;ye AKP diyemezsiniz, sizi adaba davet ediyorum&#8217; diyor. Siz acaba Cuma namaz\u0131 \u00e7\u0131k\u0131\u015f\u0131nda, bizim \u00e7ocuklar\u0131m\u0131za \u00f6\u011fretmek istemedi\u011fimiz o kelimeleri hangi adap anlay\u0131\u015f\u0131yla kulland\u0131n\u0131z, onu \u00e7\u0131k\u0131p T\u00fcrkiye Cumhuriyeti vatanda\u015flar\u0131na anlatman\u0131z laz\u0131m&#8221; dedi.<\/p>\n<p style=\"text-align: justify;\"><strong>&#8216;S\u0130YASETTE AHLAKIN SA\u011eI, SOLU YOKTUR&#8217; <\/strong><\/p>\n<p style=\"text-align: justify;\">Siyasette ahlak\u0131n sa\u011f\u0131 solu olmad\u0131\u011f\u0131n\u0131 belirten K\u0131l\u0131\u00e7daro\u011flu, ahlak\u0131n &#8221;kamu vicdan\u0131&#8221; anlam\u0131na geldi\u011fini vurgulad\u0131.<\/p>\n<p style=\"text-align: justify;\">Siyasette ahlak\u0131n tarihin s\u00fczgecinden ge\u00e7erek bug\u00fcnlere geldi\u011fini ve her toplumda farkl\u0131 uyguland\u0131\u011f\u0131n\u0131 dile getiren K\u0131l\u0131\u00e7daro\u011flu, Japonya&#8217;da 2 saat su kesintisi ya\u015fand\u0131\u011f\u0131 i\u00e7in bir belediye ba\u015fkan\u0131n\u0131n istifa edebilece\u011fini, buna kar\u015f\u0131l\u0131k Ankara&#8217;da 15 g\u00fcn sular\u0131n akmad\u0131\u011f\u0131n\u0131, ancak yine ayn\u0131 belediye ba\u015fkan\u0131n\u0131n se\u00e7ildi\u011fini kaydetti.<\/p>\n<p style=\"text-align: justify;\">K\u0131l\u0131\u00e7daro\u011flu, konu\u015fmas\u0131n\u0131 \u015f\u00f6yle s\u00fcrd\u00fcrd\u00fc:<\/p>\n<p style=\"text-align: justify;\">&#8221;\u015eimdi ona d\u00fc\u015fen bir g\u00f6rev var. 15 g\u00fcn yetmedi, 1 ay daha kesebilir. Uygulama, toplum vicdan\u0131 taraf\u0131ndan kabul edilmiyorsa, toplumun se\u00e7im sand\u0131\u011f\u0131nda gerekli yan\u0131t\u0131 vermesi laz\u0131m. Biz, yolsuzluk yapanlar\u0131 sand\u0131ktan \u00e7\u0131kar\u0131yorsak, toplumun vicdan\u0131nda sorun var demektir. Bu sorunu a\u015fmak zorunday\u0131z. Bu sorun nas\u0131l a\u015f\u0131l\u0131r? Bu sorunu a\u015fman\u0131n yolu, yanl\u0131\u015f s\u00f6yleyen, ahlaks\u0131zl\u0131k yapan politikac\u0131y\u0131 parlamentoya ta\u015f\u0131mamakt\u0131r. H\u0131rs\u0131z h\u0131rs\u0131zd\u0131r. H\u0131rs\u0131z\u0131n sa\u011fc\u0131s\u0131 solcusu olmaz.&#8221;<\/p>\n<p style=\"text-align: justify;\">T\u00fcrkiye&#8217;de kimi &#8221;sendika a\u011falar\u0131&#8221; bulundu\u011funu savunan K\u0131l\u0131\u00e7daro\u011flu, B\u00fclent Ecevit d\u00f6neminde emeklilik ya\u015f\u0131n\u0131n \u00e7\u0131kar\u0131lmas\u0131n\u0131 protesto eden sendikalar\u0131n, son emeklilik ya\u015f\u0131 d\u00fczenlemesini protesto etmediklerini bildirdi.<\/p>\n<p style=\"text-align: justify;\"><strong>&#8216;T\u00dcRK\u0130YE, ADIM ADIM FA\u015e\u0130ZME G\u0130D\u0130YOR&#8217; <\/strong><\/p>\n<p style=\"text-align: justify;\">G\u00fc\u00e7ler ayr\u0131l\u0131\u011f\u0131n\u0131n olmad\u0131\u011f\u0131 bir yerde demokrasiden s\u00f6zedilemeyece\u011fini vurgulayan K\u0131l\u0131\u00e7daro\u011flu, son 20 y\u0131ld\u0131r Hakimler ve Savc\u0131lar Y\u00fcksek Kurulu&#8217;nun yapt\u0131\u011f\u0131 atamalarda hi\u00e7 g\u00fcr\u00fclt\u00fc pat\u0131rt\u0131 ya\u015fanmad\u0131\u011f\u0131n\u0131, ancak atamalarda bir t\u00fcrl\u00fc karar \u00e7\u0131kmad\u0131\u011f\u0131n\u0131 s\u00f6yledi.<\/p>\n<p style=\"text-align: justify;\">O d\u00f6nemde ya\u015fananlar ve bunlar\u0131n kamuoyuna a\u00e7\u0131klanmas\u0131 konusunda h\u00fck\u00fcmeti ele\u015ftiren K\u0131l\u0131\u00e7daro\u011flu, kurulun siyasal ve mali \u00f6zerkli\u011finin bulunmas\u0131 gerekti\u011fini vurgulad\u0131.<\/p>\n<p style=\"text-align: justify;\">Erzincan&#8217;da bir savc\u0131n\u0131n yapt\u0131\u011f\u0131 soru\u015fturmada kimi \u00f6nemli ipu\u00e7lar\u0131na ula\u015ft\u0131\u011f\u0131n\u0131 dile getiren K\u0131l\u0131\u00e7daro\u011flu, &#8221;Savc\u0131 bak\u0131yor ki kendisi de dinleniyor. Siz t\u00fcm\u00fcn\u00fcz dinleniyorsunuz. Bu ger\u00e7ek demokrasi mi? Biz \u015fimdi y\u00f6neticilerimizden korkuyoruz. Beni dinliyor mu? Sabaha kar\u015f\u0131 evimizi bas\u0131lacak m\u0131? T\u00fcrkiye ad\u0131m ad\u0131m fa\u015fizme gidiyor&#8221; diye konu\u015ftu.<\/p>\n<p style=\"text-align: justify;\">K\u0131l\u0131\u00e7daro\u011flu, dosyan\u0131n Erzurum&#8217;a getirildi\u011fini belirterek, &#8221;Ama Erzurum&#8217;a ta\u015f\u0131mak i\u00e7in gerek\u00e7e yaratman\u0131z laz\u0131m. Kimlerin telefon etti\u011fini de \u00f6n\u00fcm\u00fczdeki g\u00fcnlerde a\u00e7\u0131klayaca\u011f\u0131z&#8221; dedi.<\/p>\n<p style=\"text-align: justify;\">Son g\u00fcnlerde \u00fclkede K\u00fcrt a\u00e7\u0131l\u0131m\u0131n\u0131n konu\u015fuldu\u011funa de\u011finen K\u0131l\u0131\u00e7daro\u011flu, &#8221;Say\u0131n Ba\u015fbakan, &#8216;kan\u0131n durmas\u0131n\u0131 istiyoruz&#8217; diyor. Bu \u00fclkede kan aks\u0131n diyen var m\u0131? \u00c7at\u0131\u015fma durmas\u0131n diyen var m\u0131? Hepimiz y\u0131llard\u0131r izliyoruz. CHP olarak 1989&#8217;da, 2001&#8217;de s\u00f6yledik. Raporlar\u0131m\u0131z var. Say\u0131n Ba\u015fbakan, &#8216;Siz niye g\u00f6r\u00fc\u015f bildirmiyorsunuz&#8217; diyor. L\u00fctfedip okursan g\u00f6r\u00fc\u015flerimizi \u00f6\u011frenirsin&#8221; diye konu\u015ftu.<\/p>\n<p style=\"text-align: justify;\">K\u0131l\u0131\u00e7daro\u011flu, Ba\u015fbakan Recep Tayyip Erdo\u011fan&#8217;\u0131n, K\u00fcrt a\u00e7\u0131l\u0131m\u0131yla ilgili duygulu bir konu\u015fma yapt\u0131\u011f\u0131n\u0131 hat\u0131rlatarak, iyiniyetinin zamanla anla\u015f\u0131laca\u011f\u0131n\u0131 savundu.<\/p>\n<p style=\"text-align: justify;\">Ergenekon ve Deniz Feneri davalar\u0131yla ilgili de g\u00f6r\u00fc\u015flerini a\u00e7\u0131klayan K\u0131l\u0131\u00e7daro\u011flu, &#8221;Deniz Feneri davas\u0131nda beraat ettirecekler, ettiremiyorlar. Almanlar&#8217;\u0131n y\u00fcz\u00fcne nas\u0131l bakacaklar. Ergenekon&#8217;u da ellerine y\u00fczlerine bula\u015ft\u0131rd\u0131lar. Bir s\u00fcr\u00fc insan\u0131 haketmedi\u011fi halde i\u00e7eri ald\u0131lar&#8221; dedi.<\/p>\n<p style=\"text-align: justify;\"><span style=\"color: #888888;\">Kaynak : Vatan<\/span><\/p>\n","protected":false},"excerpt":{"rendered":"<\/p>\n<p style=\"text-align: justify;\">Kemal K\u0131l\u0131\u00e7daro\u011flu, Bah\u00e7eli-Erdo\u011fan gerilimini yorumlad\u0131.<\/p>\n<p style=\"text-align: justify;\">CHP TBMM Grup Ba\u015fkanvekili ve \u0130stanbul Milletvekili Kemal K\u0131l\u0131\u00e7daro\u011flu, &#8221;D\u00fcnyan\u0131n hi\u00e7bir \u00fclkesinde bir ba\u015fbakan, be\u011fenmedi\u011fi ele\u015ftiriler kar\u015f\u0131s\u0131nda &#8216;namussuz&#8217; ve &#8216;al\u00e7ak&#8217; s\u00f6zc\u00fc\u011f\u00fcn\u00fc kullanamaz&#8221; dedi.<\/p>\n<p style=\"text-align: justify;\">Kemal K\u0131l\u0131\u00e7daro\u011flu, CHP Fo\u00e7a \u0130l\u00e7e Ba\u015fkanl\u0131\u011f\u0131 taraf\u0131ndan Reha Midilli K\u00fclt\u00fcr Merkezi&#8217;nde d\u00fczenlenen &#8221;Siyasette Ahlak&#8221; konulu konferansa konu\u015fmac\u0131 olarak kat\u0131ld\u0131.<\/p>\n<p  \n\n","protected":false},"author":1,"featured_media":0,"comment_status":"open","ping_status":"closed","sticky":false,"template":"","format":"standard","meta":{"footnotes":""},"categories":[105],"tags":[],"class_list":["post-13822","post","type-post","status-publish","format-standard","hentry","category-gundem","odd"],"_links":{"self":[{"href":"http:\/\/www.korhanyilmaz.com\/index.php?rest_route=\/wp\/v2\/posts\/13822","targetHints":{"allow":["GET"]}}],"collection":[{"href":"http:\/\/www.korhanyilmaz.com\/index.php?rest_route=\/wp\/v2\/posts"}],"about":[{"href":"http:\/\/www.korhanyilmaz.com\/index.php?rest_route=\/wp\/v2\/types\/post"}],"author":[{"embeddable":true,"href":"http:\/\/www.korhanyilmaz.com\/index.php?rest_route=\/wp\/v2\/users\/1"}],"replies":[{"embeddable":true,"href":"http:\/\/www.korhanyilmaz.com\/index.php?rest_route=%2Fwp%2Fv2%2Fcomments&post=13822"}],"version-history":[{"count":0,"href":"http:\/\/www.korhanyilmaz.com\/index.php?rest_route=\/wp\/v2\/posts\/13822\/revisions"}],"wp:attachment":[{"href":"http:\/\/www.korhanyilmaz.com\/index.php?rest_route=%2Fwp%2Fv2%2Fmedia&parent=13822"}],"wp:term":[{"taxonomy":"category","embeddable":true,"href":"http:\/\/www.korhanyilmaz.com\/index.php?rest_route=%2Fwp%2Fv2%2Fcategories&post=13822"},{"taxonomy":"post_tag","embeddable":true,"href":"http:\/\/www.korhanyilmaz.com\/index.php?rest_route=%2Fwp%2Fv2%2Ftags&post=13822"}],"curies":[{"name":"wp","href":"https:\/\/api.w.org\/{rel}","templated":true}]}}