{"id":13812,"date":"2009-08-21T19:49:41","date_gmt":"2009-08-21T16:49:41","guid":{"rendered":"http:\/\/www.korhanyilmaz.com\/?p=13812"},"modified":"2009-08-21T19:49:41","modified_gmt":"2009-08-21T16:49:41","slug":"memura-toplu-sozlesme-hakki-geliyor","status":"publish","type":"post","link":"http:\/\/www.korhanyilmaz.com\/?p=13812","title":{"rendered":"Memura toplu s\u00f6zle\u015fme hakk\u0131 geliyor"},"content":{"rendered":"<p><a href=\"http:\/\/www.korhanyilmaz.com\/wp-content\/uploads\/2009\/08\/toplu_sozlesme1.jpg\"  class=\"lightview\"><img loading=\"lazy\" decoding=\"async\" class=\"aligncenter size-full wp-image-13813\" src=\"http:\/\/www.korhanyilmaz.com\/wp-content\/uploads\/2009\/08\/toplu_sozlesme1.jpg\" alt=\"\" width=\"292\" height=\"202\" \/><\/a><\/p>\n<p style=\"text-align: justify;\">Memur-Sen Genel Ba\u015fkan\u0131 Ahmet G\u00fcndo\u011fdu, kamu \u00e7al\u0131\u015fanlar\u0131na toplu s\u00f6zle\u015fme ve grev hakk\u0131 tan\u0131nmas\u0131 talebine ili\u015fkin, &#8220;Say\u0131n Bakan&#8217;\u0131n, &#8216;burada bir zaruret var, bir d\u00fczenleme yapmak gerekiyor, bu d\u00fczenlemeyi yapal\u0131m&#8217; iradesini ileriye d\u00f6n\u00fck \u00fcmitlerimizi art\u0131r\u0131c\u0131 bir ad\u0131m olarak g\u00f6r\u00fcyoruz&#8221; dedi.<\/p>\n<p style=\"text-align: justify;\">G\u00fcndo\u011fdu, Ba\u015fbakanl\u0131k Merkez Bina&#8217;da ger\u00e7ekle\u015ftirilen toplu g\u00f6r\u00fc\u015fmelerin 4. turunun ard\u0131ndan yapt\u0131\u011f\u0131 a\u00e7\u0131klamada, toplu s\u00f6zle\u015fme ve grev hakk\u0131yla ilgili olduk\u00e7a verimli, gelece\u011fe ili\u015fkin \u00fcmitlerini art\u0131ran bir \u00e7al\u0131\u015fma yapt\u0131klar\u0131n\u0131 s\u00f6yledi. <!--more--><\/p>\n<p style=\"text-align: justify;\">Devlet Bakan\u0131 Hayati Yaz\u0131c\u0131&#8217;n\u0131n, konuyla ilgili d\u00fczenleme yap\u0131lmas\u0131nda zaruret bulundu\u011funu ifade etti\u011fini dile getiren G\u00fcndo\u011fdu, &#8220;Say\u0131n Bakan&#8217;\u0131n, &#8216;mutabakat metninde bu talebin y\u00fcr\u00fcrl\u00fc\u011fe girmesine, uygulanabilirli\u011fine dair yer verelim, ancak mutabakat metninde yer verilme bi\u00e7imini de ilgili bakanlarla g\u00f6r\u00fc\u015ferek bir sonraki g\u00f6r\u00fc\u015fmeye daha somut ifadeyle geleyim&#8217; diye bir iyi niyet, diyalog yakla\u015f\u0131m\u0131 var. Bu konunun, masada bug\u00fcn \u00e7\u00f6z\u00fclmeyece\u011fini biliyoruz. 2010&#8217;un ba\u015f\u0131nda ortak bir \u00e7al\u0131\u015ftayla konunun t\u00fcm teferruatlar\u0131yla \u00e7al\u0131\u015fmas\u0131n\u0131 yap\u0131p, ilgili d\u00fczenlemeyi ger\u00e7ekle\u015ftirmek \u00fczere bir konsens\u00fcs olu\u015ftu&#8221; diye konu\u015ftu.<\/p>\n<p style=\"text-align: justify;\">Toplu s\u00f6zle\u015fme talebine s\u0131cak yakla\u015f\u0131m olmaza di\u011ferlerinin hi\u00e7bir anlam\u0131 olmad\u0131\u011f\u0131n\u0131 vurgulad\u0131klar\u0131n\u0131 an\u0131msatan G\u00fcndo\u011fdu, bug\u00fcnk\u00fc yakla\u015f\u0131m\u0131n s\u0131cak oldu\u011funu, \u00fcmitlerini art\u0131rd\u0131\u011f\u0131n\u0131 belirtti.<\/p>\n<p style=\"text-align: justify;\">\u0130lgili kurumlar\u0131n konuyla ilgili birlikte \u00e7al\u0131\u015fmas\u0131n\u0131n \u00f6nemini bildiklerini ifade eden G\u00fcndo\u011fdu, &#8220;\u00d6nemsedi\u011fimiz \u015fey ILO, AB kula\u011f\u0131m\u0131z\u0131 \u00e7ekti\u011finde i\u015f yapmak de\u011fil, \u00fclkemize, halk\u0131m\u0131za, \u00e7al\u0131\u015fanlara gerekli oldu\u011fu i\u00e7in kendimiz yapal\u0131m istemi\u015ftik. Bu \u00e7al\u0131\u015fma anlay\u0131\u015f\u0131n\u0131n y\u00fcr\u00fcrl\u00fc\u011fe girece\u011fine dair inanc\u0131m\u0131z, kanaatimiz artm\u0131\u015ft\u0131r&#8221; dedi.<\/p>\n<p style=\"text-align: justify;\">G\u00fcndo\u011fdu, bas\u0131n mensuplar\u0131n\u0131n sorular\u0131 \u00fczerine \u00e7al\u0131\u015ftay\u0131n gelecek y\u0131l\u0131n Ocak ay\u0131nda ger\u00e7ekle\u015ftirilmesi konusunda uzla\u015ft\u0131klar\u0131n\u0131 bildirdi. \u00dclkedeki demokratikle\u015fme ihtiyac\u0131n\u0131n \u00e7al\u0131\u015fma hayat\u0131na da yans\u0131t\u0131lmas\u0131 d\u00fc\u015f\u00fcncesinde olduklar\u0131n\u0131 anlatan G\u00fcndo\u011fdu, \u015f\u00f6yle konu\u015ftu:<\/p>\n<p style=\"text-align: justify;\">&#8220;Say\u0131n Bakan&#8217;\u0131n, &#8216;evet burada bir zaruret var, bir d\u00fczenleme yapmak gerekiyor, b\u00fct\u00fcn talepler bunu g\u00f6steriyor, bu d\u00fczenlemeyi yapal\u0131m&#8217; iradesini ileriye d\u00f6n\u00fck \u00fcmitlerimizi art\u0131r\u0131c\u0131 bir ad\u0131m olarak g\u00f6r\u00fcyoruz. Toplu g\u00f6r\u00fc\u015fme d\u00fczeni \u00e7al\u0131\u015fanlar\u0131n haklar\u0131n\u0131 korumak i\u00e7in yeterli de\u011fil. Masada de\u011fil, yasada sorun var. yasan\u0131n sorunu \u00e7\u00f6z\u00fcl\u00fcrse, masada \u00e7al\u0131\u015fanlar\u0131n hakk\u0131n\u0131 daha rahat aramam\u0131z sa\u011flanacak diye d\u00fc\u015f\u00fcn\u00fcyoruz.&#8221; G\u00fcndo\u011fdu, bas\u0131n mensuplar\u0131n\u0131n sorular\u0131 \u00fczerine, toplu s\u00f6zle\u015fme ve grev hakk\u0131yla ilgili, taraflar\u0131n kat\u0131l\u0131m\u0131yla yap\u0131lacak \u00e7al\u0131\u015ftay\u0131n Ocak 2010&#8217;da ger\u00e7ekle\u015ftirilece\u011fini bildirdi.<\/p>\n<p style=\"text-align: justify;\"><strong><em>3. tur d\u00fcn yap\u0131ld\u0131<\/em><\/strong><\/p>\n<p style=\"text-align: justify;\">Toplu g\u00f6r\u00fc\u015fmelerin \u00fc\u00e7\u00fcnc\u00fc turu da tamamland\u0131. Ama g\u00f6r\u00fc\u015fme masas\u0131nda sadece Kamu-Sen ve Memur-Sen yer ald\u0131. KSEK g\u00f6r\u00fc\u015fmelere kat\u0131lmad\u0131.<\/p>\n<p style=\"text-align: justify;\">3. tur g\u00f6r\u00fc\u015fmelerinde sendikalar, e\u011fitim, sa\u011fl\u0131k, din hizmetleri, enerji gibi hizmet kollar\u0131ndaki sorun ve taleplerini masaya ta\u015f\u0131d\u0131.<\/p>\n<p style=\"text-align: justify;\">Edinilen bilgilere g\u00f6re, g\u00f6r\u00fc\u015fmelerde k\u0131sa s\u00fcreli bir gerginlik de ya\u015fand\u0131. Memur-Sen&#8217;e ba\u011fl\u0131 sa\u011fl\u0131k sendikas\u0131, sunumunu slaytlarla yapmaya ba\u015flay\u0131nca Kamu-Sen itiraz etti.<\/p>\n<p style=\"text-align: justify;\">Kamu-Sen, ge\u00e7en y\u0131l talep ettikleri halde, bu t\u00fcr teknolojik imkanlarla sunum yapmalar\u0131na izin verilmedi\u011fini \u00f6ne s\u00fcrd\u00fc.<\/p>\n<p style=\"text-align: justify;\">Kamu-Sen&#8217;in bu itiraz\u0131n\u0131 Bakan Hayati Yaz\u0131c\u0131 \u015fa\u015fk\u0131nl\u0131kla kar\u015f\u0131lad\u0131. &#8220;Teknolojiye kar\u015f\u0131 m\u0131 \u00e7\u0131kay\u0131m&#8221; diyen Yaz\u0131c\u0131, sa\u011fl\u0131k sendikas\u0131n\u0131n sunumuna devam etmesini istedi. Bunun \u00fczerine Kamu-Sen, slaytl\u0131 sunum bitinceye kadar toplant\u0131 salonunun d\u0131\u015f\u0131nda bekledi.<\/p>\n<p style=\"text-align: justify;\">G\u00f6r\u00fc\u015fmelerin \u00fc\u00e7\u00fcnc\u00fc turundan da somut bir sonu\u00e7 \u00e7\u0131kmad\u0131. H\u00fck\u00fcmet konfederasyonlara sadece s\u00f6z verdi.<\/p>\n<p style=\"text-align: justify;\">Asl\u0131nda konfederasyonlar\u0131n iste\u011fi mali konular\u0131n g\u00f6r\u00fc\u015f\u00fclece\u011fi 25 A\u011fustos&#8217;tan \u00f6nce h\u00fck\u00fcmetin  zam teklifini a\u00e7\u0131klamas\u0131. Ama konfederasyonlara g\u00f6re, h\u00fck\u00fcmet son g\u00fcne kadar bekleyece\u011finin sinyalini veriyor.<\/p>\n<p style=\"text-align: justify;\"><span style=\"color: #888888;\">CNN T\u00dcRK<\/span><\/p>\n","protected":false},"excerpt":{"rendered":"<\/p>\n<p style=\"text-align: justify;\">Memur-Sen Genel Ba\u015fkan\u0131 Ahmet G\u00fcndo\u011fdu, kamu \u00e7al\u0131\u015fanlar\u0131na toplu s\u00f6zle\u015fme ve grev hakk\u0131 tan\u0131nmas\u0131 talebine ili\u015fkin, &#8220;Say\u0131n Bakan&#8217;\u0131n, &#8216;burada bir zaruret var, bir d\u00fczenleme yapmak gerekiyor, bu d\u00fczenlemeyi yapal\u0131m&#8217; iradesini ileriye d\u00f6n\u00fck \u00fcmitlerimizi art\u0131r\u0131c\u0131 bir ad\u0131m olarak g\u00f6r\u00fcyoruz&#8221; dedi.<\/p>\n<p style=\"text-align: justify;\">G\u00fcndo\u011fdu, Ba\u015fbakanl\u0131k Merkez Bina&#8217;da ger\u00e7ekle\u015ftirilen toplu g\u00f6r\u00fc\u015fmelerin 4. turunun ard\u0131ndan yapt\u0131\u011f\u0131 a\u00e7\u0131klamada, <\/p>\n","protected":false},"author":1,"featured_media":0,"comment_status":"open","ping_status":"closed","sticky":false,"template":"","format":"standard","meta":{"footnotes":""},"categories":[7],"tags":[],"class_list":["post-13812","post","type-post","status-publish","format-standard","hentry","category-ekonomi","odd"],"_links":{"self":[{"href":"http:\/\/www.korhanyilmaz.com\/index.php?rest_route=\/wp\/v2\/posts\/13812","targetHints":{"allow":["GET"]}}],"collection":[{"href":"http:\/\/www.korhanyilmaz.com\/index.php?rest_route=\/wp\/v2\/posts"}],"about":[{"href":"http:\/\/www.korhanyilmaz.com\/index.php?rest_route=\/wp\/v2\/types\/post"}],"author":[{"embeddable":true,"href":"http:\/\/www.korhanyilmaz.com\/index.php?rest_route=\/wp\/v2\/users\/1"}],"replies":[{"embeddable":true,"href":"http:\/\/www.korhanyilmaz.com\/index.php?rest_route=%2Fwp%2Fv2%2Fcomments&post=13812"}],"version-history":[{"count":0,"href":"http:\/\/www.korhanyilmaz.com\/index.php?rest_route=\/wp\/v2\/posts\/13812\/revisions"}],"wp:attachment":[{"href":"http:\/\/www.korhanyilmaz.com\/index.php?rest_route=%2Fwp%2Fv2%2Fmedia&parent=13812"}],"wp:term":[{"taxonomy":"category","embeddable":true,"href":"http:\/\/www.korhanyilmaz.com\/index.php?rest_route=%2Fwp%2Fv2%2Fcategories&post=13812"},{"taxonomy":"post_tag","embeddable":true,"href":"http:\/\/www.korhanyilmaz.com\/index.php?rest_route=%2Fwp%2Fv2%2Ftags&post=13812"}],"curies":[{"name":"wp","href":"https:\/\/api.w.org\/{rel}","templated":true}]}}