{"id":13808,"date":"2009-08-22T16:39:38","date_gmt":"2009-08-22T13:39:38","guid":{"rendered":"http:\/\/www.korhanyilmaz.com\/?p=13808"},"modified":"2009-08-22T16:39:38","modified_gmt":"2009-08-22T13:39:38","slug":"15-bin-cydd-kursiyerine-teror-incelemesi","status":"publish","type":"post","link":"http:\/\/www.korhanyilmaz.com\/?p=13808","title":{"rendered":"15 bin \u00c7YDD kursiyerine &quot;ter\u00f6r&quot; incelemesi"},"content":{"rendered":"<p><a href=\"http:\/\/www.korhanyilmaz.com\/wp-content\/uploads\/2009\/08\/T\u00dcRKANSAYLAN.jpg\"  class=\"lightview\"><img loading=\"lazy\" decoding=\"async\" class=\"aligncenter size-full wp-image-13809\" src=\"http:\/\/www.korhanyilmaz.com\/wp-content\/uploads\/2009\/08\/T\u00dcRKANSAYLAN.jpg\" alt=\"\" width=\"292\" height=\"198\" \/><\/a><\/p>\n<p style=\"text-align: justify;\">Ergenekon soru\u015fturmas\u0131n\u0131 y\u00fcr\u00fcten \u0130stanbul Cumhuriyet Ba\u015fsavc\u0131 Vekilli\u011fi&#8217;nin, \u00c7a\u011fda\u015f Ya\u015fam\u0131 Destekleme Derne\u011fi&#8217;nden (\u00c7YDD) burs alan \u00f6\u011frencilerin ter\u00f6r \u00f6rg\u00fctleriyle ba\u011flant\u0131lar\u0131n\u0131n ara\u015ft\u0131r\u0131lmas\u0131 i\u00e7in emniyete talimat g\u00f6nderdi\u011fi ortaya \u00e7\u0131kt\u0131. Emniyetin de, 15 bin \u00f6\u011frenci i\u00e7in gizli bir rapor haz\u0131rlad\u0131\u011f\u0131 bildirildi.<\/p>\n<p style=\"text-align: justify;\">Milliyet gazetesinin haberine g\u00f6re emniyet, bursiyerlerin DHKP-C, PKK, MLKP gibi \u00f6rg\u00fctlerle ili\u015fkisini ara\u015ft\u0131rd\u0131.<\/p>\n<p style=\"text-align: justify;\">Emniyet b\u00fcnyesinde sadece bu konuyla ilgili \u00f6zel bir inceleme komisyonu olu\u015fturuldu.<\/p>\n<p style=\"text-align: justify;\">Ara\u015ft\u0131r\u0131lacak isim say\u0131s\u0131 \u00e7ok oldu\u011fu i\u00e7in g\u00fcvenlik, Ter\u00f6rle M\u00fccadele ve \u0130stihbarat Dairesi&#8217;nde g\u00f6revli amir ve memurlar da komisyonda g\u00f6revlendirildi. <!--more--><\/p>\n<p style=\"text-align: justify;\">Habere g\u00f6re bursiyerlerin a\u00e7\u0131k kimlikleri \u00fczerinden yap\u0131lan ara\u015ft\u0131rma 6 hafta s\u00fcrd\u00fc.<\/p>\n<p style=\"text-align: justify;\">Hafta ba\u015f\u0131nda tamamlanan ve &#8220;gizli&#8221; ibaresi konulan raporun savc\u0131l\u0131\u011fa g\u00f6nderildi\u011fi belirtildi.<\/p>\n<p style=\"text-align: justify;\">Bir s\u00fcre \u00f6nce vefat eden \u00c7a\u011fda\u015f Ya\u015fam\u0131 Destekleme Derne\u011fi Ba\u015fkan\u0131 T\u00fcrkan Saylan&#8217;\u0131n evinin de arand\u0131\u011f\u0131 soru\u015fturman\u0131n 12. dalgas\u0131nda bursiyer listelerine el konulmas\u0131, tepkiyle kar\u015f\u0131lanm\u0131\u015ft\u0131.<\/p>\n<p style=\"text-align: justify;\"><em><strong>Milliyet gazetesinin haberi: <\/strong><\/em><\/p>\n<p style=\"text-align: justify;\">Ergenekon savc\u0131lar\u0131 emir verdi, Emniyet Genel M\u00fcd\u00fcrl\u00fc\u011f\u00fc \u00f6zel komisyon kurarak, \u00c7a\u011fda\u015f Ya\u015fam\u0131 Destekleme Derne\u011fi\u2019nden (\u00c7YDD) burs alan 15 bin \u00f6\u011frencinin ter\u00f6r \u00f6rg\u00fctleriyle ba\u011flant\u0131s\u0131 olup olmad\u0131\u011f\u0131n\u0131 ara\u015ft\u0131rd\u0131.<\/p>\n<p style=\"text-align: justify;\">Ergenekon soru\u015fturmas\u0131n\u0131 y\u00fcr\u00fcten \u0130stanbul Cumhuriyet Ba\u015fsavc\u0131 Vekilli\u011fi\u2019nin, \u00c7a\u011fda\u015f Ya\u015fam\u0131 Destekleme Derne\u011fi\u2019nden (\u00c7YDD) burs alan \u00f6\u011frencilerin ter\u00f6r \u00f6rg\u00fctleriyle ba\u011flant\u0131lar\u0131n\u0131n ara\u015ft\u0131r\u0131lmas\u0131 i\u00e7in emniyete talimat g\u00f6nderdi\u011fi, bu talimat \u00fczerine, Emniyet Genel M\u00fcd\u00fcrl\u00fc\u011f\u00fc (EGM) b\u00fcnyesinde, sadece bu konuyla ilgilenilmesi amac\u0131yla \u00f6zel bir inceleme komisyonu olu\u015fturuldu\u011fu ortaya \u00e7\u0131kt\u0131.<\/p>\n<p style=\"text-align: justify;\"><em><strong>\u00d6zel komisyon olu\u015fturuldu <\/strong><\/em><\/p>\n<p style=\"text-align: justify;\">Soru\u015fturmay\u0131 y\u00fcr\u00fcten savc\u0131lar, operasyonun 12. dalgas\u0131 \u00e7er\u00e7evesinde \u00c7YDD Genel Merkezi\u2019ndeki aramalarda el konulan \u201cdernekten burs alan \u00f6\u011frenciler\u201d listesindeki bursiyerler hakk\u0131nda inceleme ba\u015flatt\u0131.<\/p>\n<p style=\"text-align: justify;\">Savc\u0131l\u0131k, soru\u015fturma \u00e7er\u00e7evesinde \u00c7YDD\u2019nin bilgisayarlar\u0131 ile dok\u00fcmanlar\u0131nda yapt\u0131\u011f\u0131 incelemelerde ortaya \u00e7\u0131kar\u0131lan yakla\u015f\u0131k 15 bin ki\u015filik bursiyer isim listesini EGM\u2019ye g\u00f6nderdi. Savc\u0131l\u0131k, CD ortam\u0131nda g\u00f6nderilen listede ad\u0131 ge\u00e7en bursiyerlerle ilgili olarak \u201cter\u00f6r \u00f6rg\u00fctleriyle ba\u011flant\u0131lar\u0131n\u0131n bulunup bulunmad\u0131\u011f\u0131n\u0131n\u201d ara\u015ft\u0131r\u0131lmas\u0131 talimat\u0131n\u0131 verdi.<\/p>\n<p style=\"text-align: justify;\">Savc\u0131l\u0131\u011f\u0131n talimat\u0131 \u00fczerine, EGM b\u00fcnyesinde, sadece bu konuyla ilgilenilmesi amac\u0131yla \u00f6zel bir inceleme komisyonu olu\u015fturuldu. EGM y\u00f6netimi, listelerdeki isimlerin say\u0131s\u0131n\u0131n \u00e7ok olmas\u0131 nedeniyle \u00e7\u00f6z\u00fcm\u00fc geni\u015f kapsaml\u0131 \u00e7al\u0131\u015fma grubu olu\u015fturmakla buldu. Savc\u0131l\u0131\u011f\u0131n sonu\u00e7lar\u0131n m\u00fcmk\u00fcn oldu\u011funca \u00e7abuk g\u00f6nderilmesini istedi\u011fi ar\u015fiv ara\u015ft\u0131rmas\u0131 i\u00e7in olu\u015fturulan inceleme komisyonu olu\u015fturuldu. EGM\u2019deki G\u00fcvenlik Dairesi, Ter\u00f6rle M\u00fccadele Dairesi ve \u0130stihbarat Dairesi\u2019nde g\u00f6rev yapan m\u00fcd\u00fcr, amir ve memurlar komisyonda g\u00f6revlendirildi.<\/p>\n<p style=\"text-align: justify;\"><strong><em>Rapor savc\u0131lara g\u00f6nderildi <\/em><\/strong><\/p>\n<p style=\"text-align: justify;\">EGM\u2019de \u00f6zel bir b\u00f6l\u00fcm tahsis edilen komisyonun \u00e7al\u0131\u015fmalar\u0131n\u0131n yakla\u015f\u0131k 6 hafta s\u00fcrd\u00fc\u011f\u00fc belirtildi. Bu s\u00fcre i\u00e7inde savc\u0131l\u0131ktan gelen listelerde yer alan bursiyerlerin a\u00e7\u0131k kimlikleri \u00fczerinden tek tek ter\u00f6r su\u00e7u ar\u015fiv taramas\u0131 ger\u00e7ekle\u015ftirildi. Bursiyerler, ba\u015fta DHKP-C, PKK, MLKP, T\u0130KB olmak \u00fczere T\u00fcrkiye\u2019de faaliyet g\u00f6steren t\u00fcm \u00f6rg\u00fctler \u00fczerinden ara\u015ft\u0131r\u0131ld\u0131.<\/p>\n<p style=\"text-align: justify;\">Komisyonun \u00e7al\u0131\u015fmas\u0131n\u0131 hafta ba\u015f\u0131nda tamamlad\u0131\u011f\u0131, haz\u0131rlanan \u201cgizli\u201d sonu\u00e7 raporunun, savc\u0131lara g\u00f6nderildi\u011fi \u00f6\u011frenildi.<\/p>\n<p style=\"text-align: justify;\"><strong><em>Bask\u0131n tepki \u00e7ekmi\u015fti <\/em><\/strong><\/p>\n<p style=\"text-align: justify;\">Soru\u015fturman\u0131n 12. dalgas\u0131 \u00e7er\u00e7evesinde \u00c7YDD\u2019nin de aralar\u0131nda bulundu\u011fu sivil toplum \u00f6rg\u00fctlerine y\u00f6nelik yap\u0131lan operasyonlarda, s\u00f6z konusu dernekten destek alan bursiyerlerin isim listelerine el konulmas\u0131, gerek dernek y\u00f6netiminden gerekse kamuoyundan tepki g\u00f6rm\u00fc\u015ft\u00fc.<\/p>\n<p style=\"text-align: justify;\">Savc\u0131l\u0131\u011f\u0131n soru\u015fturma kapsam\u0131nda bilgisayar ortam\u0131 ve defter kayd\u0131 olarak bursiyerlere ait bilgilere el koymas\u0131 \u00fczerine yap\u0131lan a\u00e7\u0131klamalar nedeniyle savc\u0131lar ele\u015ftirilmi\u015fti. \u00c7YDD\u2019ye y\u00f6nelik operasyon \u00e7er\u00e7evesinde, dernekten burs alan \u00f6\u011frenciler aras\u0131nda ter\u00f6r \u00f6rg\u00fctleriyle ba\u011flant\u0131l\u0131 olanlar\u0131n bulundu\u011fu iddialar\u0131 g\u00fcndemine gelmi\u015fti.<\/p>\n<p style=\"text-align: justify;\">Operasyon kapsam\u0131nda, bir s\u00fcre \u00f6nce ya\u015fam\u0131n\u0131 yitiren \u00c7YDD Ba\u015fkan\u0131 T\u00fcrkan Saylan\u2019\u0131n evinin aranmas\u0131 ve tedavisinin olumsuz etkilenmesi b\u00fcy\u00fck tepkiye yol a\u00e7m\u0131\u015ft\u0131.<\/p>\n<p style=\"text-align: justify;\"><span style=\"color: #888888;\">CNN T\u00dcRK<\/span><\/p>\n","protected":false},"excerpt":{"rendered":"<\/p>\n<p style=\"text-align: justify;\">Ergenekon soru\u015fturmas\u0131n\u0131 y\u00fcr\u00fcten \u0130stanbul Cumhuriyet Ba\u015fsavc\u0131 Vekilli\u011fi&#8217;nin, \u00c7a\u011fda\u015f Ya\u015fam\u0131 Destekleme Derne\u011fi&#8217;nden (\u00c7YDD) burs alan \u00f6\u011frencilerin ter\u00f6r \u00f6rg\u00fctleriyle ba\u011flant\u0131lar\u0131n\u0131n ara\u015ft\u0131r\u0131lmas\u0131 i\u00e7in emniyete talimat g\u00f6nderdi\u011fi ortaya \u00e7\u0131kt\u0131. Emniyetin de, 15 bin \u00f6\u011frenci i\u00e7in gizli bir rapor haz\u0131rlad\u0131\u011f\u0131 bildirildi.<\/p>\n<p style=\"text-align: justify;\">Milliyet gazetesinin haberine g\u00f6re emniyet, bursiyerlerin DHKP-C, PKK, MLKP gibi \u00f6rg\u00fctlerle ili\u015fkisini ara\u015ft\u0131rd\u0131.<\/p>\n<p  \n\n","protected":false},"author":1,"featured_media":0,"comment_status":"open","ping_status":"closed","sticky":false,"template":"","format":"standard","meta":{"footnotes":""},"categories":[105],"tags":[],"class_list":["post-13808","post","type-post","status-publish","format-standard","hentry","category-gundem","odd"],"_links":{"self":[{"href":"http:\/\/www.korhanyilmaz.com\/index.php?rest_route=\/wp\/v2\/posts\/13808","targetHints":{"allow":["GET"]}}],"collection":[{"href":"http:\/\/www.korhanyilmaz.com\/index.php?rest_route=\/wp\/v2\/posts"}],"about":[{"href":"http:\/\/www.korhanyilmaz.com\/index.php?rest_route=\/wp\/v2\/types\/post"}],"author":[{"embeddable":true,"href":"http:\/\/www.korhanyilmaz.com\/index.php?rest_route=\/wp\/v2\/users\/1"}],"replies":[{"embeddable":true,"href":"http:\/\/www.korhanyilmaz.com\/index.php?rest_route=%2Fwp%2Fv2%2Fcomments&post=13808"}],"version-history":[{"count":0,"href":"http:\/\/www.korhanyilmaz.com\/index.php?rest_route=\/wp\/v2\/posts\/13808\/revisions"}],"wp:attachment":[{"href":"http:\/\/www.korhanyilmaz.com\/index.php?rest_route=%2Fwp%2Fv2%2Fmedia&parent=13808"}],"wp:term":[{"taxonomy":"category","embeddable":true,"href":"http:\/\/www.korhanyilmaz.com\/index.php?rest_route=%2Fwp%2Fv2%2Fcategories&post=13808"},{"taxonomy":"post_tag","embeddable":true,"href":"http:\/\/www.korhanyilmaz.com\/index.php?rest_route=%2Fwp%2Fv2%2Ftags&post=13808"}],"curies":[{"name":"wp","href":"https:\/\/api.w.org\/{rel}","templated":true}]}}