{"id":13800,"date":"2009-08-22T16:33:10","date_gmt":"2009-08-22T14:33:10","guid":{"rendered":"http:\/\/www.korhanyilmaz.com\/?p=13800"},"modified":"2009-08-22T16:33:10","modified_gmt":"2009-08-22T14:33:10","slug":"bahceli-yine-cok-sert-ahlakdisi-beyanlar","status":"publish","type":"post","link":"http:\/\/www.korhanyilmaz.com\/?p=13800","title":{"rendered":"Bah\u00e7eli yine \u00e7ok sert: &#039;Ahlakd\u0131\u015f\u0131 beyanlar&#8230;&#039;"},"content":{"rendered":"<p style=\"text-align: center;\"><a href=\"http:\/\/www.korhanyilmaz.com\/wp-content\/uploads\/2009\/08\/acilim1.jpg\"  class=\"lightview\"><img loading=\"lazy\" decoding=\"async\" class=\"aligncenter size-full wp-image-13801\" src=\"http:\/\/www.korhanyilmaz.com\/wp-content\/uploads\/2009\/08\/acilim1.jpg\" alt=\"\" width=\"307\" height=\"218\" \/><\/a><\/p>\n<p style=\"text-align: justify;\">Tansiyon d\u00fc\u015fm\u00fcyor, giderek y\u00fckseliyor. MHP lideri Devlet Bah\u00e7eli, bug\u00fcn bir kez daha yaz\u0131l\u0131 a\u00e7\u0131klama yapt\u0131; hem \u00c7ankaya K\u00f6\u015fk\u00fc&#8217;ne hem Ba\u015fbakan Recep Tayyip Erdo\u011fan&#8217;a yan\u0131t verdi. Bah\u00e7eli, a\u00e7\u0131l\u0131mla ilgili Milli G\u00fcvenlik Kurulu&#8217;nun ald\u0131\u011f\u0131 tavsiye karar\u0131na kar\u015f\u0131 olduklar\u0131n\u0131 s\u00f6yledi, &#8220;Biz g\u00f6r\u00fc\u015flerimizin arkas\u0131nday\u0131z&#8221; dedi. MHP liderine g\u00f6re Ba\u015fbakan&#8217;\u0131n kendilerine y\u00f6nelik s\u00f6zleri ise &#8220;ahlakd\u0131\u015f\u0131.&#8221;<\/p>\n<p style=\"text-align: justify;\">MHP ile h\u00fck\u00fcmet aras\u0131ndaki K\u00fcrt a\u00e7\u0131l\u0131m\u0131 tart\u0131\u015fmas\u0131na art\u0131k \u00c7ankaya K\u00f6\u015fk\u00fc de kat\u0131ld\u0131.<\/p>\n<p style=\"text-align: justify;\">Bah\u00e7eli, Milli G\u00fcvenlik Kurulu&#8217;nun tavsiye karar\u0131 almas\u0131n\u0131 sert s\u00f6zlerle ele\u015ftirince, \u00c7ankaya K\u00f6\u015fk\u00fc&#8217;nden &#8221; Yak\u0131\u015f\u0131ks\u0131z beyan&#8221; cevab\u0131n\u0131 ald\u0131 ve K\u00f6\u015fk&#8217;\u00fcn bu s\u00f6zlerine MHP lideri yan\u0131t verdi. <!--more--><\/p>\n<p style=\"text-align: justify;\">Yine yaz\u0131l\u0131 a\u00e7\u0131klama yapan Bah\u00e7eli, &#8220;Milli G\u00fcvenlik Kurulu&#8217;yla ilgili g\u00f6r\u00fc\u015flerimizin arkas\u0131nday\u0131z&#8221; dedi:<\/p>\n<p style=\"text-align: justify;\">&#8220;Bu konuda Cumhurba\u015fkanl\u0131\u011f\u0131 taraf\u0131ndan yap\u0131lan a\u00e7\u0131klama hakk\u0131nda s\u00f6yleyece\u011fimiz \u015fudur: Ter\u00f6r \u00f6rg\u00fct\u00fcn\u00fcn ve etnik b\u00f6l\u00fcc\u00fcl\u00fc\u011f\u00fcn taleplerini kar\u015f\u0131layacak bir s\u00fcrece girilmesini T\u00fcrkiye Cumhuriyeti devletine yak\u0131\u015ft\u0131ranlar\u0131n, anayasal g\u00f6rev ve sorumluluklar\u0131 hakk\u0131ndaki beyanlar\u0131m\u0131z\u0131 yak\u0131\u015f\u0131ks\u0131z bulmalar\u0131n\u0131n asl\u0131nda fazla yad\u0131rganacak bir y\u00f6n\u00fc bulunmamaktad\u0131r. T\u00fcrkiye hayati bir kav\u015fak noktas\u0131na gelmi\u015ftir. Herkes ve her kurum \u015fimdi tarih ve millet \u00f6n\u00fcnde sorumluluklar\u0131yla ba\u015f ba\u015fad\u0131r.&#8221;<\/p>\n<p style=\"text-align: justify;\"><strong><em>Erdo\u011fan&#8217;a da yan\u0131t gecikmedi <\/em><\/strong><\/p>\n<p style=\"text-align: justify;\">Bah\u00e7eli sadece K\u00f6\u015fk&#8217;e de\u011fil, Ba\u015fbakan Erdo\u011fan&#8217;a da yan\u0131t verdi. Erdo\u011fan, MHP&#8217;den y\u00f6neltilen &#8220;K\u00fcrt a\u00e7\u0131l\u0131m\u0131 ABD projesidir&#8221; su\u00e7lamas\u0131na sert tepki g\u00f6stermi\u015f; &#8220;\u0130spat ederlerse her \u015feye var\u0131m. \u0130spat edemezlerse al\u00e7aklard\u0131r, namussuzlard\u0131r&#8221; demi\u015fti.<\/p>\n<p style=\"text-align: justify;\">\u0130\u015fte bu s\u00f6zler de MHP liderinin g\u00fcndemindeydi. Bah\u00e7eli, &#8220;Bu projenin ABD&#8217;nin stratejik hesaplar\u0131n\u0131n gere\u011fi oldu\u011fu sabittir &#8221; dedi; sonra da Erdo\u011fan&#8217;\u0131 ele\u015ftirdi:<\/p>\n<p style=\"text-align: justify;\">&#8220;Ba\u015fbakan Erdo\u011fan&#8217;\u0131n Milliyet\u00e7i Hareket&#8217;i hedef alan seviyesiz beyanlar\u0131 ve ahlak d\u0131\u015f\u0131 sald\u0131r\u0131lar\u0131, hezeyan batakl\u0131\u011f\u0131nda \u00e7\u0131rp\u0131nan bir ruh halinin yans\u0131malar\u0131d\u0131r. Namus ve \u015feref gibi ulvi kavramlar, yak\u0131\u015fmayan a\u011f\u0131zlarda de\u011ferini kaybeder. Haddini a\u015farak alt\u0131ndan kalkamayaca\u011f\u0131 s\u00f6zler s\u00f6yleyen ve \u00e7ukurda siyaset yapan Ba\u015fbakan Erdo\u011fan&#8217;a bu ger\u00e7e\u011fi hat\u0131rlat\u0131r\u0131z.&#8221;<\/p>\n<p style=\"text-align: justify;\">MHP lideri Ba\u015fbakan&#8217;\u0131n Abdullah \u00d6calan ile kuryeler arac\u0131l\u0131\u011f\u0131yla pazarl\u0131k s\u00fcrecini ba\u015flatmaya \u00e7al\u0131\u015ft\u0131\u011f\u0131n\u0131 da ileri s\u00fcrd\u00fc:<\/p>\n<p style=\"text-align: justify;\">&#8220;Etnik b\u00f6l\u00fcc\u00fcl\u00fck konusundaki siyasi sicili ve e\u011filimleri \u00e7ok iyi bilinen Ba\u015fbakan ve h\u00fck\u00fcmeti T\u00fcrkiye&#8217;yi ayr\u0131\u015ft\u0131rma ve b\u00f6lme projelerini \u0130mral\u0131, Kandil ve Barzani&#8217;nin deste\u011fiyle hayata ge\u00e7irmek i\u00e7in \u00e7\u0131kt\u0131\u011f\u0131 gaflet ve ihanet yolculu\u011funda su\u00e7\u00fcst\u00fc yakalanm\u0131\u015f, ger\u00e7ek niyetler a\u00e7\u0131\u011fa \u00e7\u0131kmaya ba\u015flam\u0131\u015ft\u0131r. Ba\u015fbakan&#8217;\u0131n siyasi proje olarak sahip \u00e7\u0131kt\u0131\u011f\u0131 ve topluma maletmeye \u00e7al\u0131\u015ft\u0131\u011f\u0131 bu s\u00fcrecin etnik b\u00f6l\u00fcc\u00fclerin taleplerini taksit taksit kar\u015f\u0131lama amac\u0131na y\u00f6nelik oldu\u011fu g\u00fcn gibi ortadad\u0131r.&#8221;<\/p>\n<p style=\"text-align: justify;\"><strong><em>MHP&#8217;li \u015eand\u0131r: &#8220;\u00c7\u00f6z\u00fcm de\u011fil \u00e7\u00f6z\u00fclme&#8230;&#8221; <\/em><\/strong><\/p>\n<p style=\"text-align: justify;\">MHP Grup Ba\u015fkanvekili ve Mersin Milletvekili Mehmet \u015eand\u0131r da, &#8220;(Demokratik a\u00e7\u0131l\u0131m) denilen proje, T\u00fcrkiye i\u00e7in ayr\u0131\u015fma ve y\u0131k\u0131md\u0131r. Bunun asla yan\u0131nda olmayaca\u011f\u0131z&#8221; dedi.<\/p>\n<p style=\"text-align: justify;\">\u015eand\u0131r, partisinin Erdemli il\u00e7e te\u015fkilat\u0131 taraf\u0131ndan organize edilen k\u00f6y gezileri kapsam\u0131nda, Sorgun k\u00f6y\u00fcnde halka hitap ederken, &#8220;demokratik a\u00e7\u0131l\u0131m&#8221; \u00e7al\u0131\u015fmalar\u0131nda milliyet\u00e7i hareketin yer almayaca\u011f\u0131n\u0131 belirtti.<\/p>\n<p style=\"text-align: justify;\">&#8220;S\u00fcrecin \u00e7\u00f6z\u00fcm de\u011fil \u00e7\u00f6z\u00fclme oldu\u011funu&#8221; iddia eden \u015eand\u0131r, Ba\u015fbakan Recep Tayyip Erdo\u011fan&#8217;\u0131n &#8220;Bu yoldan d\u00f6nmeyece\u011fiz ve her bedeli \u00f6demeye haz\u0131r\u0131z&#8221; demesinin, kendileri i\u00e7in bir anlam\u0131 ve kar\u015f\u0131l\u0131\u011f\u0131n\u0131n bulunmad\u0131\u011f\u0131n\u0131 belirtti.<\/p>\n<p style=\"text-align: justify;\">H\u00fck\u00fcmetin y\u00fcr\u00fctt\u00fc\u011f\u00fc demokratik a\u00e7\u0131l\u0131m projesinin &#8220;devleti b\u00f6lme ve y\u0131kma projesi&#8221; oldu\u011funu savunan \u015eand\u0131r, T\u00fcrkiye&#8217;nin, ba\u015fta demokrasi alan\u0131nda olmak \u00fczere bir\u00e7ok sorunu bulundu\u011funu, bunlar\u0131n \u00e7\u00f6z\u00fcm\u00fc i\u00e7in etnik k\u00f6kenin \u00f6zne yap\u0131lmamas\u0131 gerekti\u011finin alt\u0131n\u0131 \u00e7izdi.<\/p>\n<p style=\"text-align: justify;\">\u015eand\u0131r, &#8220;\u00d6ncelikle etnik kimli\u011fi \u00f6zne yaparak sorun tart\u0131\u015f\u0131lmaya ba\u015flan\u0131rsa bulunacak \u00e7\u00f6z\u00fcm ayr\u0131\u015fmad\u0131r, bulunacak \u00e7\u00f6z\u00fcm par\u00e7alanmad\u0131r. Bu nedenle, demokratik a\u00e7\u0131l\u0131m denilen proje, T\u00fcrkiye i\u00e7in ayr\u0131\u015fma ve y\u0131k\u0131md\u0131r. Temel yanl\u0131\u015fl\u0131k buradad\u0131r. Milliyet\u00e7i Hareket Partisi olarak biz ne bir tek insan\u0131m\u0131zdan ne de bir tek \u00e7ak\u0131l ta\u015f\u0131m\u0131zdan vazge\u00e7eriz. H\u00fck\u00fcmeti tekrar uyar\u0131yoruz: Bu yol \u00e7\u0131kmaz sokakt\u0131r&#8221; dedi.<\/p>\n<p style=\"text-align: justify;\">H\u00fck\u00fcmet yetkililerinin &#8220;demokratik a\u00e7\u0131l\u0131m\u0131&#8221; anlatmak ve kendilerine taraf toplamak i\u00e7in siyasi partileri, sendikalar\u0131 ve sivil toplum \u00f6rg\u00fctlerini ziyaret etti\u011fini anlatan \u015eand\u0131r, MHP olarak kendilerinin de yurt geneline da\u011f\u0131larak konunun yanl\u0131\u015fl\u0131\u011f\u0131n\u0131 ve a\u00e7\u0131l\u0131m\u0131n T\u00fcrk milletine ihanet olaca\u011f\u0131n\u0131 halka anlatmak i\u00e7in k\u00f6y k\u00f6y gezdiklerini ve b\u00fcy\u00fck destek g\u00f6rd\u00fcklerini s\u00f6yledi.<\/p>\n<p style=\"text-align: justify;\">&#8220;H\u00fck\u00fcmetin K\u00fcrt a\u00e7\u0131l\u0131m\u0131n\u0131n, Hristiyan Bat\u0131&#8217;n\u0131n, T\u00fcrkleri Anadolu&#8217;dan atma hayallerinin gecikmi\u015f bir plan\u0131 oldu\u011funu&#8221; ileri s\u00fcren \u015eand\u0131r, &#8220;H\u0131ristiyan Bat\u0131 d\u00fcnyas\u0131n\u0131n bin y\u0131ll\u0131k hayali, K\u00fcrt\u00e7e a\u00e7\u0131l\u0131m plan\u0131yla uygulanmak isteniyor. Bizi, bizim i\u00e7imizden, bizim oylar\u0131m\u0131zla iktidar olmu\u015f bir partiyle, yani devlet eliyle bu co\u011frafyadan atmaya \u00e7al\u0131\u015f\u0131yorlar. T\u00fcrkiye, Balkanlar ve Ortado\u011fu gibi par\u00e7alat\u0131lmaya \u00e7al\u0131\u015f\u0131l\u0131yor. Birileri 25 y\u0131ll\u0131k da\u011f m\u00fccadelesiyle bu topraklar\u0131 par\u00e7alama hayalindeyse, MHP&#8217;liler de 50 y\u0131l da\u011fda m\u00fccadeleye haz\u0131r&#8221; dedi.<\/p>\n<p style=\"text-align: justify;\"><strong><em>MHP&#8217;li Vural&#8217;dan G\u00fcl&#8217;e ele\u015ftiri <\/em><\/strong><\/p>\n<p style=\"text-align: justify;\">MHP Grup Ba\u015fkanvekili Oktay Vural da, &#8220;MHP&#8217;nin ele\u015ftirisine &#8216;yak\u0131\u015f\u0131ks\u0131z&#8217; diyen Say\u0131n Cumhurba\u015fkan\u0131 MGK&#8217;y\u0131 kendi b\u00f6l\u00fcc\u00fc emellerine, \u0131rk\u00e7\u0131 yakla\u015f\u0131mlara, siyasal K\u00fcrt\u00e7\u00fcl\u00fc\u011fe mesnet edenlere kar\u015f\u0131 yak\u0131\u015f\u0131ks\u0131z laf\u0131n\u0131 niye kullanm\u0131yor&#8221; dedi.<\/p>\n<p style=\"text-align: justify;\">Eski Elaz\u0131\u011f milletvekili Ahmet K\u00fc\u00e7\u00fckel i\u00e7in Kocatepe Camisi&#8217;nde d\u00fczenlenen cenaze t\u00f6renine kat\u0131lan Vural, gazetecilerin sorular\u0131n\u0131 yan\u0131tlad\u0131.<\/p>\n<p style=\"text-align: justify;\">Vural, &#8220;Abdullah \u00d6calan&#8217;\u0131n Devlet Bah\u00e7eli ile ilgili bug\u00fcn bas\u0131na yans\u0131yan s\u00f6zlerini nas\u0131l de\u011ferlendiriyorsunuz&#8221; sorusunu, &#8220;Bir caninin s\u00f6zlerini muhatap almaya gerek yok. Zaten bu s\u00f6zde a\u00e7\u0131l\u0131m ad\u0131 alt\u0131nda muhatap alanlar var, onun siyasi temsilcileri var. Kim ne s\u00f6ylerse s\u00f6ylesin \u0130mral\u0131&#8217;daki ne derse desin, bu kervan y\u00fcr\u00fcyecek, b\u00f6yle bilinsin&#8221; diye yan\u0131tlad\u0131.<\/p>\n<p style=\"text-align: justify;\">A\u00e7\u0131lan f\u0131rsat penceresinden kimlerin girdi\u011fini, kimlerin konu\u015fturuldu\u011funu milletin ibretle izledi\u011fini ifade eden Vural, &#8220;Umar\u0131m bu f\u0131rsat penceresini a\u00e7anlar bu manzaradan utan\u0131yorlard\u0131r. Ter\u00f6r \u00f6rg\u00fct\u00fcn\u00fc, caniyi cesaretlendiren ve \u0130mral\u0131&#8217;dan T\u00fcrkiye&#8217;ye yol haritas\u0131 sunacak kadar bu noktaya getiren H\u00fck\u00fcmet bu tablodan bence utanmal\u0131d\u0131r&#8221; g\u00f6r\u00fc\u015f\u00fcn\u00fc savundu.<\/p>\n<p style=\"text-align: justify;\">Vural, ter\u00f6r \u00f6rg\u00fct\u00fc ele ba\u015f\u0131n\u0131n muhatap al\u0131nmas\u0131n\u0131n do\u011fru olmad\u0131\u011f\u0131n\u0131 dile getirerek, &#8220;Ter\u00f6r \u00f6rg\u00fct\u00fcn\u00fcn siyasal g\u00f6r\u00fc\u015flerini siyasalla\u015ft\u0131rmak, onun istek ve arzular\u0131n\u0131 yerine getirmek yoluyla ter\u00f6rle m\u00fccadele edemezsiniz. Dolas\u0131yla b\u00f6yle bir kimsenin ifadelerini ger\u00e7ekten dikkate almamak laz\u0131m&#8221; diye konu\u015ftu.<\/p>\n<p style=\"text-align: justify;\">Bir gazetecinin &#8220;\u00c7ankaya K\u00f6\u015fk\u00fc&#8217;nden, MGK g\u00f6r\u00fc\u015fmeleriyle ilgili yak\u0131\u015f\u0131ks\u0131z yorumlar yap\u0131ld\u0131\u011f\u0131 y\u00f6n\u00fcndeki a\u00e7\u0131klamalar\u0131 nas\u0131l de\u011ferlendiriyorsunuz&#8221; sorusunu Vural, &#8220;ger\u00e7ekten bu a\u00e7\u0131klama yak\u0131\u015f\u0131ks\u0131z&#8221; diye yan\u0131tlad\u0131.<\/p>\n<p style=\"text-align: justify;\"><span style=\"color: #888888;\">CNN T\u00dcRK<\/span><\/p>\n","protected":false},"excerpt":{"rendered":"<p style=\"text-align: center;\">\n<p style=\"text-align: justify;\">Tansiyon d\u00fc\u015fm\u00fcyor, giderek y\u00fckseliyor. MHP lideri Devlet Bah\u00e7eli, bug\u00fcn bir kez daha yaz\u0131l\u0131 a\u00e7\u0131klama yapt\u0131; hem \u00c7ankaya K\u00f6\u015fk\u00fc&#8217;ne hem Ba\u015fbakan Recep Tayyip Erdo\u011fan&#8217;a yan\u0131t verdi. Bah\u00e7eli, a\u00e7\u0131l\u0131mla ilgili Milli G\u00fcvenlik Kurulu&#8217;nun ald\u0131\u011f\u0131 tavsiye karar\u0131na kar\u015f\u0131 olduklar\u0131n\u0131 s\u00f6yledi, &#8220;Biz g\u00f6r\u00fc\u015flerimizin arkas\u0131nday\u0131z&#8221; dedi. MHP liderine g\u00f6re Ba\u015fbakan&#8217;\u0131n kendilerine y\u00f6nelik s\u00f6zleri ise &#8220;ahlakd\u0131\u015f\u0131.&#8221;<\/p>\n","protected":false},"author":1,"featured_media":0,"comment_status":"open","ping_status":"closed","sticky":false,"template":"","format":"standard","meta":{"footnotes":""},"categories":[105],"tags":[],"class_list":["post-13800","post","type-post","status-publish","format-standard","hentry","category-gundem","odd"],"_links":{"self":[{"href":"http:\/\/www.korhanyilmaz.com\/index.php?rest_route=\/wp\/v2\/posts\/13800","targetHints":{"allow":["GET"]}}],"collection":[{"href":"http:\/\/www.korhanyilmaz.com\/index.php?rest_route=\/wp\/v2\/posts"}],"about":[{"href":"http:\/\/www.korhanyilmaz.com\/index.php?rest_route=\/wp\/v2\/types\/post"}],"author":[{"embeddable":true,"href":"http:\/\/www.korhanyilmaz.com\/index.php?rest_route=\/wp\/v2\/users\/1"}],"replies":[{"embeddable":true,"href":"http:\/\/www.korhanyilmaz.com\/index.php?rest_route=%2Fwp%2Fv2%2Fcomments&post=13800"}],"version-history":[{"count":0,"href":"http:\/\/www.korhanyilmaz.com\/index.php?rest_route=\/wp\/v2\/posts\/13800\/revisions"}],"wp:attachment":[{"href":"http:\/\/www.korhanyilmaz.com\/index.php?rest_route=%2Fwp%2Fv2%2Fmedia&parent=13800"}],"wp:term":[{"taxonomy":"category","embeddable":true,"href":"http:\/\/www.korhanyilmaz.com\/index.php?rest_route=%2Fwp%2Fv2%2Fcategories&post=13800"},{"taxonomy":"post_tag","embeddable":true,"href":"http:\/\/www.korhanyilmaz.com\/index.php?rest_route=%2Fwp%2Fv2%2Ftags&post=13800"}],"curies":[{"name":"wp","href":"https:\/\/api.w.org\/{rel}","templated":true}]}}