{"id":13791,"date":"2009-08-21T23:31:49","date_gmt":"2009-08-21T20:31:49","guid":{"rendered":"http:\/\/www.korhanyilmaz.com\/?p=13791"},"modified":"2009-08-21T23:31:49","modified_gmt":"2009-08-21T20:31:49","slug":"cankaya%e2%80%99dan-jet-cevap-yakisiksiz","status":"publish","type":"post","link":"http:\/\/www.korhanyilmaz.com\/?p=13791","title":{"rendered":"\u00c7ankaya\u2019dan jet cevap: Yak\u0131\u015f\u0131ks\u0131z"},"content":{"rendered":"<p style=\"text-align: center;\"><a href=\"http:\/\/www.korhanyilmaz.com\/wp-content\/uploads\/2009\/08\/2009-08-22_154628.png\"  class=\"lightview\"><img loading=\"lazy\" decoding=\"async\" class=\"aligncenter size-full wp-image-13792\" src=\"http:\/\/www.korhanyilmaz.com\/wp-content\/uploads\/2009\/08\/2009-08-22_154628.png\" alt=\"\" width=\"393\" height=\"192\" \/><\/a><\/p>\n<p style=\"text-align: justify;\">Abdullah G\u00fcl: A\u00e7\u0131klama yak\u0131\u015f\u0131ks\u0131z!<\/p>\n<p style=\"text-align: justify;\">Cumhurba\u015fkanl\u0131\u011f\u0131 Bas\u0131n Merkezi\u2019nden Abdullah G\u00fcl imzal\u0131 yap\u0131lan a\u00e7\u0131klamada, MGK\u2019n\u0131n bildirisine sert tepki g\u00f6steren MHP Genel Ba\u015fkan\u0131 Devlet Bah\u00e7eli\u2019ye cevap verildi. Yaz\u0131l\u0131 a\u00e7\u0131klamada, MGK toplant\u0131lar\u0131ndaki g\u00f6r\u00fc\u015fmelerin \u201cgizli\u201d oldu\u011fu belirtilerek \u015f\u00f6yle denildi: \u201cBuna ra\u011fmen, MGK Toplant\u0131s\u0131nda yap\u0131lan bir sunumun i\u00e7eri\u011fi ve bu konuyla ilgili \u00e7al\u0131\u015fmalar\u0131n s\u0131n\u0131r ve do\u011frultusu konusunda say\u0131n \u00fcyelerin ifade etti\u011fi g\u00f6r\u00fc\u015f ve tavsiyeler hakk\u0131nda bilgi sahibi olunmadan MGK\u2019y\u0131 ve say\u0131n \u00fcyelerini hedef alarak yap\u0131lm\u0131\u015f olan a\u00e7\u0131klama yak\u0131\u015f\u0131ks\u0131z bulunmu\u015ftur.\u201d<\/p>\n<p style=\"text-align: justify;\">Kaynak : <a href=\"http:\/\/www.yenicaggazetesi.com.tr\/haberdetay.php?hit=21920\" target=\"_blank\">yenicaggazetesi.com.tr<\/a><\/p>\n","protected":false},"excerpt":{"rendered":"<p style=\"text-align: center;\">\n<p style=\"text-align: justify;\">Abdullah G\u00fcl: A\u00e7\u0131klama yak\u0131\u015f\u0131ks\u0131z!<\/p>\n<p style=\"text-align: justify;\">Cumhurba\u015fkanl\u0131\u011f\u0131 Bas\u0131n Merkezi\u2019nden Abdullah G\u00fcl imzal\u0131 yap\u0131lan a\u00e7\u0131klamada, MGK\u2019n\u0131n bildirisine sert tepki g\u00f6steren MHP Genel Ba\u015fkan\u0131 Devlet Bah\u00e7eli\u2019ye cevap verildi. Yaz\u0131l\u0131 a\u00e7\u0131klamada, MGK toplant\u0131lar\u0131ndaki g\u00f6r\u00fc\u015fmelerin \u201cgizli\u201d oldu\u011fu belirtilerek \u015f\u00f6yle denildi: \u201cBuna ra\u011fmen, MGK Toplant\u0131s\u0131nda yap\u0131lan bir sunumun i\u00e7eri\u011fi ve bu konuyla ilgili \u00e7al\u0131\u015fmalar\u0131n s\u0131n\u0131r <\/p>\n","protected":false},"author":1,"featured_media":0,"comment_status":"open","ping_status":"closed","sticky":false,"template":"","format":"standard","meta":{"footnotes":""},"categories":[105],"tags":[],"class_list":["post-13791","post","type-post","status-publish","format-standard","hentry","category-gundem","odd"],"_links":{"self":[{"href":"http:\/\/www.korhanyilmaz.com\/index.php?rest_route=\/wp\/v2\/posts\/13791","targetHints":{"allow":["GET"]}}],"collection":[{"href":"http:\/\/www.korhanyilmaz.com\/index.php?rest_route=\/wp\/v2\/posts"}],"about":[{"href":"http:\/\/www.korhanyilmaz.com\/index.php?rest_route=\/wp\/v2\/types\/post"}],"author":[{"embeddable":true,"href":"http:\/\/www.korhanyilmaz.com\/index.php?rest_route=\/wp\/v2\/users\/1"}],"replies":[{"embeddable":true,"href":"http:\/\/www.korhanyilmaz.com\/index.php?rest_route=%2Fwp%2Fv2%2Fcomments&post=13791"}],"version-history":[{"count":0,"href":"http:\/\/www.korhanyilmaz.com\/index.php?rest_route=\/wp\/v2\/posts\/13791\/revisions"}],"wp:attachment":[{"href":"http:\/\/www.korhanyilmaz.com\/index.php?rest_route=%2Fwp%2Fv2%2Fmedia&parent=13791"}],"wp:term":[{"taxonomy":"category","embeddable":true,"href":"http:\/\/www.korhanyilmaz.com\/index.php?rest_route=%2Fwp%2Fv2%2Fcategories&post=13791"},{"taxonomy":"post_tag","embeddable":true,"href":"http:\/\/www.korhanyilmaz.com\/index.php?rest_route=%2Fwp%2Fv2%2Ftags&post=13791"}],"curies":[{"name":"wp","href":"https:\/\/api.w.org\/{rel}","templated":true}]}}