{"id":13782,"date":"2009-08-21T22:55:25","date_gmt":"2009-08-21T19:55:25","guid":{"rendered":"http:\/\/www.korhanyilmaz.com\/?p=13782"},"modified":"2009-08-21T22:55:25","modified_gmt":"2009-08-21T19:55:25","slug":"13782","status":"publish","type":"post","link":"http:\/\/www.korhanyilmaz.com\/?p=13782","title":{"rendered":""},"content":{"rendered":"<p style=\"text-align: center;\"><a href=\"http:\/\/www.korhanyilmaz.com\/wp-content\/uploads\/2009\/08\/2009-08-22_152900.png\"  class=\"lightview\"><img loading=\"lazy\" decoding=\"async\" class=\"aligncenter size-full wp-image-13781\" src=\"http:\/\/www.korhanyilmaz.com\/wp-content\/uploads\/2009\/08\/2009-08-22_152900.png\" alt=\"\" width=\"454\" height=\"221\" \/><\/a><\/p>\n<p style=\"text-align: justify;\">YAZILI a\u00e7\u0131klama yapan MHP Genel Ba\u015fkan\u0131 Devlet Bah\u00e7eli. \u201cA\u00e7\u0131klamada, h\u00fck\u00fcmetin ba\u015flatm\u0131\u015f oldu\u011fu milletimizi ayr\u0131\u015ft\u0131rma projesinde \u00e7al\u0131\u015fmalara devam\u0131n tavsiye edilmi\u015f oldu\u011fu ifade edilmi\u015ftir. Buna onay verenler vebal alt\u0131nda kal\u0131r. Devlet politikas\u0131 olarak kabul edilemez. Gidilen s\u00fcre\u00e7 Anayasa su\u00e7udur\u201d dedi.<\/p>\n<p style=\"text-align: justify;\"><strong><em>Onay veren vebal alt\u0131nda kal\u0131r<\/em><\/strong><\/p>\n<p style=\"text-align: justify;\">MHP Genel Ba\u015fkan\u0131 Bah\u00e7eli, iktidar\u0131n a\u00e7\u0131l\u0131m\u0131na destek veren MGK \u00fcyelerini uyard\u0131: Bildiri milletimizin kayg\u0131lar\u0131n\u0131 daha da derinle\u015ftirmi\u015ftir.<\/p>\n<p style=\"text-align: justify;\">MHP Genel Ba\u015fkan\u0131 Devlet Bah\u00e7eli, yaz\u0131l\u0131 bir a\u00e7\u0131klama yaparak Milli G\u00fcvenlik Kurulu bildirisini ele\u015ftirdi. T\u00fcrk milli kimli\u011fine y\u00f6nelik y\u0131k\u0131m aray\u0131\u015flar\u0131n\u0131n h\u0131zla devam etti\u011fini vurgulayan Bah\u00e7eli, MGK bildirisinin milletin kayg\u0131lar\u0131n\u0131 daha da derinle\u015ftirdi\u011fini ifaetti. Bah\u00e7eli sat\u0131r ba\u015flar\u0131 ile \u015funlar\u0131 kaydetti:<!--more--><\/p>\n<p style=\"text-align: justify;\"><strong><em>Mondros g\u00f6ndermesi<\/em><\/strong><\/p>\n<p style=\"text-align: justify;\">* Bir konunun Cumhurba\u015fkan\u0131 ve Ba\u015fbakan taraf\u0131ndan savunuluyor ve  y\u00fcksek kurulda konu\u015fuluyor olmas\u0131 da o konuyu milli ve me\u015fru hale getirmeyecektir. Nitekim milletimize esaret dayatan Mondros M\u00fctarekesi\u2019nin de devlet y\u00f6netiminin r\u0131zas\u0131 ile hayat buldu\u011fu bilinen en ac\u0131 ger\u00e7eklerden birisidir.<\/p>\n<p style=\"text-align: justify;\"><strong><em>Kabul edilemez anlay\u0131\u015f<\/em><\/strong><\/p>\n<p style=\"text-align: justify;\">* MGK, kendisine g\u00f6rev, yetki ve sorumluluk veren bir kanunla kurulmu\u015f Anayasal kurulu\u015ftur. Ancak bu kurulu\u015fun, devletin ve milletin bekas\u0131na halel getirecek k\u00f6kl\u00fc ve kal\u0131c\u0131 tavsiye kararlar\u0131n\u0131 almas\u0131 ve buna da devlet politikas\u0131 denilmesi kabul edilemez .<\/p>\n<p style=\"text-align: justify;\"><strong><em>B\u00f6lerek birlik nas\u0131l sa\u011flan\u0131r?<\/em><\/strong><\/p>\n<p style=\"text-align: justify;\">* \u201cBa\u015fbakan Erdo\u011fan\u2019\u0131n tan\u0131m\u0131yla T\u00fcrk milletini 36\u2019ya b\u00f6lerek beraberlik nas\u0131l sa\u011flanacakt\u0131r? T\u00fcrk\u00e7e d\u0131\u015f\u0131ndaki anadillere resmiyet kazand\u0131rarak millet birli\u011finin devam\u0131 nas\u0131l m\u00fcmk\u00fcn olacakt\u0131r?  Bu gidi\u015fat\u0131n sonunda, vatan\u0131m\u0131za T\u00fcrkiye, al bayra\u011f\u0131m\u0131za T\u00fcrk bayra\u011f\u0131, milletimize T\u00fcrk milleti, dilimize T\u00fcrk\u00e7e denilebilecek midir?\u201d<\/p>\n<p style=\"text-align: justify;\"><strong><em>Sorumluluk alt\u0131ndas\u0131n\u0131z<\/em><\/strong><\/p>\n<p style=\"text-align: justify;\">* Bildiride yer alan, h\u00fck\u00fcmet taraf\u0131ndan ba\u015flat\u0131lan s\u00f6zde a\u00e7\u0131l\u0131m denilen y\u0131k\u0131m s\u00fcrecinin \u201cdevletimizin \u00fclkesi ve milletiyle b\u00f6l\u00fcnmez b\u00fct\u00fcnl\u00fc\u011f\u00fcn\u00fc peki\u015ftirmek\u201d olarak tan\u0131mlanma \u00e7abas\u0131 yap\u0131lanla s\u00f6ylenenin taban tabana z\u0131dd\u0131d\u0131r. Bu tarihi sapmaya onay verenler ve ta\u015f\u0131yanlar kadar sessiz duranlar veya ses \u00e7\u0131kmayanlar da a\u011f\u0131r ve tarihi vebal alt\u0131ndan asla kurtulamayacaklard\u0131r.<\/p>\n<p style=\"text-align: justify;\">* Milliyet\u00e7i Hareket, T\u00fcrkiye\u2019nin gelece\u011finde s\u00f6z sahibi olan ve olacak her kurum ve kurulu\u015fu Anayasam\u0131z\u0131n temel ilkelerine,  riayet etmeye \u00e7a\u011f\u0131rmaktad\u0131r. Yap\u0131lanlar ve gidilen s\u00fcre\u00e7 Anayasa su\u00e7u, T\u00fcrk milletinin varl\u0131\u011f\u0131na ve devaml\u0131l\u0131\u011f\u0131na tehdittir.<\/p>\n<p style=\"text-align: justify;\"><strong><em>Deneme-yan\u0131lma tahtas\u0131<\/em><\/strong><\/p>\n<p style=\"text-align: justify;\">* Bug\u00fcn \u00e7e\u015fitli saiklerin etkisi, ideolojik k\u00f6rl\u00fcklerin katk\u0131s\u0131, h\u00fck\u00fcmete ve zihniyetine s\u0131zm\u0131\u015f etnik\u00e7ilerin, a\u015firet\u00e7ilerin y\u00f6nlendirmesi ile olu\u015fan y\u0131k\u0131m s\u00fcrecine ili\u015fkin \u015fimdi al\u0131nan kararlar\u0131n do\u011fru, yerinde, ciddi ve k\u00f6kl\u00fc oldu\u011funun g\u00fcvencesi var m\u0131d\u0131r? T\u00fcrk devleti \u2019\u00f6z\u00fcr dileriz hatal\u0131y\u0131z\u2019denilerek sonradan pi\u015fmanl\u0131k duyulacak k\u0131s\u0131r ve s\u0131\u011f zihniyetlerin deneme-yan\u0131lma tahtas\u0131 de\u011fildir.<\/p>\n<p style=\"text-align: justify;\"><strong><em>Hilmi \u00d6zk\u00f6k\u2019e ele\u015ftiri<\/em><\/strong><\/p>\n<p style=\"text-align: justify;\">* Ge\u00e7mi\u015f d\u00f6nemlerde Milli G\u00fcvenlik Kurulu \u00e7at\u0131s\u0131 alt\u0131nda bulanarak devletin ve h\u00fck\u00fcmetin \u00f6nemli kararlar\u0131na y\u00f6n vermi\u015f, tavsiye etmi\u015f ve \u015fekillendirmi\u015f zevat\u0131n emekli olduktan sonra verdikleri m\u00fclakatlarda g\u00f6revde iken yapt\u0131klar\u0131 hatalar\u0131 ve pi\u015fmanl\u0131klar\u0131 yay\u0131nland\u0131klar\u0131 bilinmektedir.<\/p>\n<p style=\"text-align: justify;\"><strong><em>Ter\u00f6rle m\u00fccadele bitti mi!<\/em><\/strong><\/p>\n<p style=\"text-align: justify;\">\u201cA\u00e7\u0131lama devam\u201d karar\u0131 alan Milli G\u00fcvenlik Kurulu \u00fcyelerine CHP\u2019liler de tepki g\u00f6sterdi.<\/p>\n<p style=\"text-align: justify;\">CHP Genel Ba\u015fkan Yard\u0131mc\u0131s\u0131 Onur \u00d6ymen: Daha \u00f6nceki bildirilerde MGK ter\u00f6rle m\u00fccadele kararl\u0131l\u0131\u011f\u0131na vurgu yapard\u0131. Bu bildiride yok. Neden? Yoksa ter\u00f6rle m\u00fccadeleden vaz m\u0131 ge\u00e7ildi.<\/p>\n<p style=\"text-align: justify;\"><em><strong>Yanl\u0131\u015fl\u0131k m\u0131 eksiklik mi?<\/strong><\/em><\/p>\n<p style=\"text-align: justify;\">Genel Sayman\u0131 Mustafa \u00d6zy\u00fcrek: Daha \u00f6nceki MGK bildirilerinde irticayla m\u00fccadele ve ter\u00f6rle m\u00fccadele kararl\u0131l\u0131\u011f\u0131 olurdu. Bu bilerek bir karar m\u0131d\u0131r yoksa bir eksiklik midir bilemiyoruz ama ter\u00f6r devam etti\u011fi s\u00fcrece, ter\u00f6rle m\u00fccadelenin MGK\u2019n\u0131n g\u00fcndem maddesi olmas\u0131 gerekir.<\/p>\n<p style=\"text-align: justify;\"><span style=\"color: #888888;\">Kaynak : <a href=\"http:\/\/www.yenicaggazetesi.com.tr\/haberdetay.php?hit=21917\" target=\"_blank\">yenicaggazetesi.com.tr<\/a><\/span><\/p>\n","protected":false},"excerpt":{"rendered":"<p style=\"text-align: center;\">\n<p style=\"text-align: justify;\">YAZILI a\u00e7\u0131klama yapan MHP Genel Ba\u015fkan\u0131 Devlet Bah\u00e7eli. \u201cA\u00e7\u0131klamada, h\u00fck\u00fcmetin ba\u015flatm\u0131\u015f oldu\u011fu milletimizi ayr\u0131\u015ft\u0131rma projesinde \u00e7al\u0131\u015fmalara devam\u0131n tavsiye edilmi\u015f oldu\u011fu ifade edilmi\u015ftir. Buna onay verenler vebal alt\u0131nda kal\u0131r. Devlet politikas\u0131 olarak kabul edilemez. Gidilen s\u00fcre\u00e7 Anayasa su\u00e7udur\u201d dedi.<\/p>\n<p style=\"text-align: justify;\">Onay veren vebal alt\u0131nda kal\u0131r<\/p>\n<p style=\"text-align: justify;\">MHP Genel Ba\u015fkan\u0131 <\/p>\n","protected":false},"author":1,"featured_media":0,"comment_status":"open","ping_status":"closed","sticky":false,"template":"","format":"standard","meta":{"footnotes":""},"categories":[105],"tags":[],"class_list":["post-13782","post","type-post","status-publish","format-standard","hentry","category-gundem","odd"],"_links":{"self":[{"href":"http:\/\/www.korhanyilmaz.com\/index.php?rest_route=\/wp\/v2\/posts\/13782","targetHints":{"allow":["GET"]}}],"collection":[{"href":"http:\/\/www.korhanyilmaz.com\/index.php?rest_route=\/wp\/v2\/posts"}],"about":[{"href":"http:\/\/www.korhanyilmaz.com\/index.php?rest_route=\/wp\/v2\/types\/post"}],"author":[{"embeddable":true,"href":"http:\/\/www.korhanyilmaz.com\/index.php?rest_route=\/wp\/v2\/users\/1"}],"replies":[{"embeddable":true,"href":"http:\/\/www.korhanyilmaz.com\/index.php?rest_route=%2Fwp%2Fv2%2Fcomments&post=13782"}],"version-history":[{"count":0,"href":"http:\/\/www.korhanyilmaz.com\/index.php?rest_route=\/wp\/v2\/posts\/13782\/revisions"}],"wp:attachment":[{"href":"http:\/\/www.korhanyilmaz.com\/index.php?rest_route=%2Fwp%2Fv2%2Fmedia&parent=13782"}],"wp:term":[{"taxonomy":"category","embeddable":true,"href":"http:\/\/www.korhanyilmaz.com\/index.php?rest_route=%2Fwp%2Fv2%2Fcategories&post=13782"},{"taxonomy":"post_tag","embeddable":true,"href":"http:\/\/www.korhanyilmaz.com\/index.php?rest_route=%2Fwp%2Fv2%2Ftags&post=13782"}],"curies":[{"name":"wp","href":"https:\/\/api.w.org\/{rel}","templated":true}]}}