{"id":13776,"date":"2009-08-21T23:06:17","date_gmt":"2009-08-21T20:06:17","guid":{"rendered":"http:\/\/www.korhanyilmaz.com\/?p=13776"},"modified":"2009-08-21T23:06:17","modified_gmt":"2009-08-21T20:06:17","slug":"cumadan-cikti-alcak-namussuz-dedi","status":"publish","type":"post","link":"http:\/\/www.korhanyilmaz.com\/?p=13776","title":{"rendered":"Cuma&#039;dan \u00e7\u0131kt\u0131, &#039;Al\u00e7ak namussuz&#039; dedi"},"content":{"rendered":"<p style=\"text-align: center;\"><a href=\"http:\/\/www.korhanyilmaz.com\/wp-content\/uploads\/2009\/08\/2009-08-22_152201.png\"  class=\"lightview\"><img loading=\"lazy\" decoding=\"async\" class=\"aligncenter size-full wp-image-13777\" src=\"http:\/\/www.korhanyilmaz.com\/wp-content\/uploads\/2009\/08\/2009-08-22_152201.png\" alt=\"\" width=\"442\" height=\"218\" \/><\/a><\/p>\n<p style=\"text-align: justify;\">TAYY\u0130P Erdo\u011fan\u2019\u0131n, Cuma namaz\u0131 \u00e7\u0131k\u0131\u015f\u0131nda a\u011fz\u0131ndan d\u00f6k\u00fclen kelimeler herkesi \u015foke etti: \u201cBir ka\u011f\u0131t alm\u0131\u015f dola\u015f\u0131yorlar; \u2018Amerika\u2019n\u0131n bir projesidir bu&#8230;\u2019 Bunu ispat edemezlerse al\u00e7akt\u0131rlar, namussuzdurlar. Bu kadar a\u011f\u0131r konu\u015fuyorum.\u201d<\/p>\n<p style=\"text-align: justify;\">BA\u015eBAKAN CUMA \u00c7IKI\u015eINDA MUHALEFETE A\u011eIR S\u00d6ZLERLE Y\u00dcKLEND\u0130<\/p>\n<p style=\"text-align: justify;\"><strong><em>ispat etmeyen namussuzdur<\/em><\/strong><\/p>\n<p style=\"text-align: justify;\">\u201cH\u00fck\u00fcmetin K\u00fcrt a\u00e7\u0131l\u0131m\u0131, Amerikan bir projesidir\u201d ele\u015ftirilerine sert \u00e7\u0131kan Ba\u015fbakan Erdo\u011fan, \u201cBunu ispat ederlerse her \u015feye var\u0131m. Ama edemezlerse al\u00e7akt\u0131rlar, namussuzdurlar\u201d dedi.<\/p>\n<p style=\"text-align: justify;\">Ba\u015fbakan Recep Tayyip Erdo\u011fan, s\u00f6zde \u2019K\u00fcrt sorunu a\u00e7\u0131l\u0131m\u0131\u2019konusunda yine muhalefete y\u00f6nelik sert a\u00e7\u0131klamalarda bulundu. Ba\u015fbakan Erdo\u011fan, Be\u015fikta\u015f\u2019taki Bezm-i Alem Valide Sultan Camisi\u2019ndeki Cuma namaz\u0131 \u00e7\u0131k\u0131\u015f\u0131nda gazetecilerin sorular\u0131n\u0131 cevaplad\u0131. \u2019A\u00e7\u0131l\u0131m\u2019konusundaki \u00e7al\u0131\u015fmalar\u0131na ili\u015fkin de\u011ferlendirmelerde bulunan Erdo\u011fan\u2019\u0131n \u201cSiyasi iktidar olarak her t\u00fcr sorunun \u00fczerine gitmek durumundas\u0131n\u0131z\u201d dedi.<!--more--><\/p>\n<p style=\"text-align: justify;\"><strong><em>Demokrasinin cilveleri<\/em><\/strong><\/p>\n<p style=\"text-align: justify;\">At\u0131klar\u0131 ad\u0131mlar\u0131n t\u00fcm etnik unsurlar\u0131n birbiriyle dayan\u0131\u015fmas\u0131n\u0131 sa\u011flamaya y\u00f6nelik oldu\u011funu ifade eden Ba\u015fbakan Erdo\u011fan, ses sanat\u00e7\u0131s\u0131 Sezen Aksu ilgili telefon g\u00f6r\u00fc\u015fmesiyle ilgili \u015funlar\u0131 s\u00f6yledi:<\/p>\n<p style=\"text-align: justify;\">\u201cBen Aksu Han\u0131ma d\u00f6nd\u00fcm ve Sezen Han\u0131mla g\u00f6r\u00fc\u015ft\u00fcm. Ger\u00e7ekten ben sezen han\u0131m\u0131n hassasiyetine \u00f6zellikle te\u015fekk\u00fcr ettim. Aram\u0131zda ge\u00e7en g\u00f6r\u00fc\u015fme, konu\u015fma&#8230; S\u00fcrece her \u015feyiyle kat\u0131laca\u011f\u0131n\u0131 s\u00f6yledi. ve bu tabii bizi ayr\u0131ca mutlu etti. T\u00fcm sanat d\u00fcnyam\u0131zdan biz bu duyarl\u0131l\u0131\u011f\u0131 bekliyoruz. \u0130nan\u0131yorum ki bu duyarl\u0131l\u0131\u011f\u0131 payla\u015fan bir\u00e7ok sanat\u00e7\u0131lar\u0131m\u0131z da var zaten. Bunu ald\u0131\u011f\u0131m\u0131z di\u011fer olumlu tepkilerden de g\u00f6r\u00fcyoruz. Ha olumsuz tepki g\u00f6steren yok mu? Var tabii ki, bu konularda \u00f6n kabulleri olanlar da var. Bunlar da olacak bu da demokrasinin cilveleri bunlara da sayg\u0131 duyaca\u011f\u0131z.\u201d Erdo\u011fan, MHP Genel Ba\u015fkan\u0131 Devlet Bah\u00e7eli\u2019nin son a\u00e7\u0131klamalar\u0131na ili\u015fkin bir soru \u00fczerine de, \u015funlar\u0131 s\u00f6yledi:<\/p>\n<p style=\"text-align: justify;\"><strong><em>A\u011f\u0131r konu\u015fuyorum<\/em><\/strong><\/p>\n<p style=\"text-align: justify;\">\u201cBu konuda fazla konu\u015fmak istemiyorum. \u00c7\u00fcnk\u00fc biz \u015fu anda bir bar\u0131\u015f s\u00fcrecini s\u00fcrd\u00fcrmenin gayreti i\u00e7erisindeyiz. Fakat ben b\u00fct\u00fcn medyaya ve T\u00fcrk halk\u0131n\u0131 \u015funu s\u00f6yl\u00fcyorum. T\u00fcrkiye\u2019de idam cezas\u0131 kalkmadan \u00f6nce bu \u00fclkenin iktidar\u0131nda kim vard\u0131? DSP vard\u0131. MHP vard\u0131. ANAP vard\u0131&#8230; Ve yakalan\u0131p getirildi\u011fi zaman \u00d6calan idam\u0131 ile alakal\u0131 olarak karar\u0131 s\u00fcmen alt\u0131nda bekleten iktidar kimdi? Bunlar de\u011fil miydi? Bunlard\u0131. Bunlar \u015fimdi neyi konu\u015fuyorlar? Nas\u0131l kendilerinde bu t\u00fcr bir \u015feyi konu\u015fma hakk\u0131n\u0131 buluyorlar ve onlar\u0131n iktidar\u0131 d\u00f6neminde yine AB m\u00fcktesebat\u0131na g\u00f6re idam cezas\u0131 kald\u0131r\u0131lm\u0131\u015ft\u0131. \u015eimdi kalk\u0131p da bu t\u00fcr \u015feylerin konu\u015fulmas\u0131n\u0131 anlamak m\u00fcmk\u00fcn de\u011fil. Bak\u0131n, ben \u00e7ok a\u00e7\u0131k, net bir \u015fey s\u00f6yl\u00fcyorum. Bir ka\u011f\u0131t alm\u0131\u015f dola\u015f\u0131yorlar; \u2019Amerika\u2019n\u0131n bir projesidir bu&#8230;\u2019Bunu ispat ederlerse her \u015feye var\u0131m. Ama ispat edemezlerse al\u00e7akt\u0131rlar, namussuzdurlar. Bu kadar a\u00e7\u0131k, bu kadar a\u011f\u0131r konu\u015fuyorum. \u00c7\u00fcnk\u00fc art\u0131k bu kadar iftiralar\u0131n, bu kadar hakaretlerin alt\u0131nda bu iktidar kalmaz. Bu iktidar T\u00fcrkiye Cumhuriyetinin iktidar\u0131d\u0131r. Herhangi bir \u00fclkenin temsilcisi de\u011fildir.\u201d<\/p>\n<p style=\"text-align: justify;\"><strong><em>Sezen Aksu\u2019ya te\u015fekk\u00fcr<\/em><\/strong><\/p>\n<p style=\"text-align: justify;\">Ba\u015fbakan Erdo\u011fan, Be\u015fikta\u015f\u2019taki Bezm-i Alem Valide Sultan Camisi\u2019ndeki Cuma  namaz\u0131 \u00e7\u0131k\u0131\u015f\u0131nda gazetecilerin sorular\u0131n\u0131 cevaplad\u0131. Ba\u015fbakan Recep Tayyip Erdo\u011fan, h\u00fck\u00fcmetin \u2019K\u00fcrt a\u00e7\u0131l\u0131m\u0131\u2019yla ilgili Ba\u015fbakanl\u0131\u011f\u0131 aray\u0131p \u00d6zel Kalem\u2019e not b\u0131rakan sanat\u00e7\u0131 Sezen Aksu\u2019ya d\u00f6nd\u00fc\u011f\u00fcn\u00fc s\u00f6yledi. Erdo\u011fan, \u201cSezen Han\u0131m, hassasiyetiniz i\u00e7in te\u015fekk\u00fcr ediyorum. Toplumun t\u00fcm hassasiyetlerini dikkate alaca\u011f\u0131z. \u0130n\u015fallah alt\u0131ndan kalkar\u0131z\u201d dedi.<\/p>\n<p style=\"text-align: justify;\">Kaynak : <a href=\"http:\/\/www.yenicaggazetesi.com.tr\/haberdetay.php?hit=21918\" target=\"_blank\">yenicaggazetesi.com.tr<\/a><\/p>\n<p style=\"text-align: justify;\">\n","protected":false},"excerpt":{"rendered":"<p style=\"text-align: center;\">\n<p style=\"text-align: justify;\">TAYY\u0130P Erdo\u011fan\u2019\u0131n, Cuma namaz\u0131 \u00e7\u0131k\u0131\u015f\u0131nda a\u011fz\u0131ndan d\u00f6k\u00fclen kelimeler herkesi \u015foke etti: \u201cBir ka\u011f\u0131t alm\u0131\u015f dola\u015f\u0131yorlar; \u2018Amerika\u2019n\u0131n bir projesidir bu&#8230;\u2019 Bunu ispat edemezlerse al\u00e7akt\u0131rlar, namussuzdurlar. Bu kadar a\u011f\u0131r konu\u015fuyorum.\u201d<\/p>\n<p style=\"text-align: justify;\">BA\u015eBAKAN CUMA \u00c7IKI\u015eINDA MUHALEFETE A\u011eIR S\u00d6ZLERLE Y\u00dcKLEND\u0130<\/p>\n<p style=\"text-align: justify;\">ispat etmeyen namussuzdur<\/p>\n<p style=\"text-align: justify;\">\u201cH\u00fck\u00fcmetin K\u00fcrt a\u00e7\u0131l\u0131m\u0131, Amerikan bir projesidir\u201d <\/p>\n","protected":false},"author":1,"featured_media":0,"comment_status":"open","ping_status":"closed","sticky":false,"template":"","format":"standard","meta":{"footnotes":""},"categories":[105],"tags":[],"class_list":["post-13776","post","type-post","status-publish","format-standard","hentry","category-gundem","odd"],"_links":{"self":[{"href":"http:\/\/www.korhanyilmaz.com\/index.php?rest_route=\/wp\/v2\/posts\/13776","targetHints":{"allow":["GET"]}}],"collection":[{"href":"http:\/\/www.korhanyilmaz.com\/index.php?rest_route=\/wp\/v2\/posts"}],"about":[{"href":"http:\/\/www.korhanyilmaz.com\/index.php?rest_route=\/wp\/v2\/types\/post"}],"author":[{"embeddable":true,"href":"http:\/\/www.korhanyilmaz.com\/index.php?rest_route=\/wp\/v2\/users\/1"}],"replies":[{"embeddable":true,"href":"http:\/\/www.korhanyilmaz.com\/index.php?rest_route=%2Fwp%2Fv2%2Fcomments&post=13776"}],"version-history":[{"count":0,"href":"http:\/\/www.korhanyilmaz.com\/index.php?rest_route=\/wp\/v2\/posts\/13776\/revisions"}],"wp:attachment":[{"href":"http:\/\/www.korhanyilmaz.com\/index.php?rest_route=%2Fwp%2Fv2%2Fmedia&parent=13776"}],"wp:term":[{"taxonomy":"category","embeddable":true,"href":"http:\/\/www.korhanyilmaz.com\/index.php?rest_route=%2Fwp%2Fv2%2Fcategories&post=13776"},{"taxonomy":"post_tag","embeddable":true,"href":"http:\/\/www.korhanyilmaz.com\/index.php?rest_route=%2Fwp%2Fv2%2Ftags&post=13776"}],"curies":[{"name":"wp","href":"https:\/\/api.w.org\/{rel}","templated":true}]}}