{"id":13772,"date":"2009-08-21T22:49:37","date_gmt":"2009-08-21T19:49:37","guid":{"rendered":"http:\/\/www.korhanyilmaz.com\/?p=13772"},"modified":"2009-08-21T22:49:37","modified_gmt":"2009-08-21T19:49:37","slug":"evlatlarimizi-geri-verin","status":"publish","type":"post","link":"http:\/\/www.korhanyilmaz.com\/?p=13772","title":{"rendered":"Evlatlar\u0131m\u0131z\u0131 Geri Verin.."},"content":{"rendered":"<p style=\"text-align: center;\"><a href=\"http:\/\/www.korhanyilmaz.com\/wp-content\/uploads\/2009\/08\/2009-08-22_151325.png\"  class=\"lightview\"><img loading=\"lazy\" decoding=\"async\" class=\"aligncenter size-full wp-image-13773\" src=\"http:\/\/www.korhanyilmaz.com\/wp-content\/uploads\/2009\/08\/2009-08-22_151325.png\" alt=\"\" width=\"398\" height=\"198\" \/><\/a><\/p>\n<p style=\"text-align: justify;\">TAYY\u0130P Erdo\u011fan\u2019\u0131n ba\u015flatt\u0131\u011f\u0131 iddia edilen \u201cK\u00fcrt a\u00e7\u0131l\u0131m\u0131\u201dn\u0131n MGK\u2019da destek bulmas\u0131, \u015fehit ailelerinin tepkisini \u00e7ekti. Ac\u0131l\u0131 anneler, \u2018\u0130\u00e7i\u015fleri Bakanl\u0131\u011f\u0131\u2019n\u0131n s\u00fcrd\u00fcrd\u00fc\u011f\u00fc \u00e7al\u0131\u015fmalar\u0131n devam\u0131n\u0131n tavsiyesi\u2019nin kabul edilemez oldu\u011funu s\u00f6yledi.<\/p>\n<p style=\"text-align: justify;\"><strong><em>Mezarl\u0131kta sert a\u00e7\u0131klama<\/em><\/strong><\/p>\n<p style=\"text-align: justify;\">ED\u0130RNEKAPI \u015eehitli\u011fi\u2019nde isyan\u0131n\u0131 dile getiren Zeki \u015eanl\u0131, o\u011flunun 14 y\u0131l \u00f6nce \u015e\u0131rnak\u2019ta \u015fehit d\u00fc\u015ft\u00fc\u011f\u00fcn\u00fc anlatarak, \u201cBu a\u00e7\u0131l\u0131m ba\u015fkalar\u0131n\u0131n dayatmas\u0131yla yap\u0131l\u0131yor. MGK\u2019n\u0131n da desteklemesi \u00fcz\u00fcc\u00fc\u201d dedi.<!--more--><\/p>\n<p style=\"text-align: justify;\"><em><strong>Et yiyemiyoruz!&#8230;<\/strong><\/em><\/p>\n<p style=\"text-align: justify;\">\u015eANLI, \u201cAnnesinin ve benim et yedi\u011fimizde bo\u011faz\u0131m\u0131z d\u00fc\u011f\u00fcmleniyor. \u00c7\u00fcnk\u00fc benim \u015fehit o\u011flum ku\u015fba\u015f\u0131 eti ekmek aras\u0131na koyup yemeyi \u00e7ok severdi\u201d diye konu\u015ftu.<\/p>\n<p style=\"text-align: justify;\"><strong><em>Sitem etti<\/em><\/strong><\/p>\n<p style=\"text-align: justify;\">\u015eEH\u0130T Anneleri Derne\u011fi Ba\u015fkan\u0131 ve \u015fehit annesi Pakize Akbaba ise MGK\u2019daki komutanlara sitem etti. Akbaba, \u201cKusura bakmas\u0131nlar, o zaman bizim \u00e7ocuklar\u0131m\u0131z\u0131 geri versinler\u201d dedi.<\/p>\n<p style=\"text-align: justify;\">\u015eehit \u00dcste\u011fmen Mehmet Sarper Alus\u2019un annesi Sevim Alus, \u201cBiz bunca \u015fehidi bo\u015funa m\u0131<\/p>\n<p style=\"text-align: justify;\">verdik? 9 y\u0131l \u00f6nce burada kendimi yakt\u0131m ve \u00f6l\u00fcmden d\u00f6nd\u00fcm\u201d dedi.<\/p>\n<p style=\"text-align: justify;\"><strong>M\u0130LL\u0130 G\u00dcVENL\u0130K KURULU\u2019NUN KARARI \u015eEH\u0130T A\u0130LELER\u0130N\u0130 \u0130SYAN ETT\u0130RD\u0130 <\/strong><\/p>\n<p style=\"text-align: justify;\">Madem b\u00f6yle olacakt\u0131 evlatlar\u0131m\u0131z neden \u00f6ld\u00fc!<\/p>\n<p style=\"text-align: justify;\">Atalay\u2019\u0131n \u00e7al\u0131\u015fmalar\u0131na devam etmesini isteyen MGK\u2019ya \u015fehit  yak\u0131nlar\u0131 b\u00f6yle sitem etti: \u201cG\u00fcvendi\u011fimiz da\u011flara karlar ya\u011f\u0131yor. O zaman bizim \u00e7ocuklar\u0131m\u0131z\u0131 geri versinler\u201d<\/p>\n<p style=\"text-align: justify;\">\u0130ktidar\u0131n s\u00f6zde K\u00fcrt sorunu a\u00e7\u0131l\u0131m\u0131na askerlerin de kat\u0131ld\u0131\u011f\u0131 Milli G\u00fcvenlik Kurulu\u2019dan (MGK) da onay \u00e7\u0131kmas\u0131 \u015fehit yak\u0131nlar\u0131n\u0131 k\u0131zd\u0131rd\u0131. MGK\u2019dan \u00e7\u0131kan sonu\u00e7 bildirgesinde yer alan \u201c\u2019K\u00fcrt a\u00e7\u0131l\u0131m\u0131 \u00e7al\u0131\u015fmalar\u0131n\u0131n devam\u0131 tavsiye edildi\u201d ifadelerine sert tepki g\u00f6steren \u015eehit Anneleri Derne\u011fi Ba\u015fkan\u0131  Pakize Akbaba, MGK toplant\u0131s\u0131na giren komutanlara sitem etti. \u201cAskeriyeyi de uyar\u0131yoruz. Burada K\u00fcrt sorunu yok, Burada PKK sorunu, burada bebek katilinin \u00d6calan\u2019\u0131n af edilmesi var\u201d diyen Akbaba \u201cBurada Amerika\u2019n\u0131n planlar\u0131n\u0131n ger\u00e7ekle\u015ftirilmesi var. Askeriye bunu nas\u0131l s\u00f6yleyebilir? Kusura bakmas\u0131nlar o zaman bizim \u00e7ocuklar\u0131m\u0131z\u0131 geri versinler. Herkes bu \u015fekilde tarafl\u0131  konu\u015fuyor peki T\u00fcrkiye\u2019nin sahibi kim? Kime g\u00fcvensek g\u00fcvendi\u011fimiz da\u011flara kar ya\u011f\u0131yor. Nas\u0131l K\u00fcrt a\u00e7\u0131l\u0131m\u0131n\u0131 olumlu kar\u015f\u0131l\u0131yor, devam etmesini istiyorlar?\u201d ifadelerini kulland\u0131.<\/p>\n<p style=\"text-align: justify;\"><strong><em>A\u00e7\u0131l\u0131m\u0131 bize yapt\u0131rmas\u0131nlar<\/em><\/strong><\/p>\n<p style=\"text-align: justify;\">T\u00fcrk ordusuna g\u00fcvendiklerini de belirten Akbaba, as\u0131l a\u00e7\u0131l\u0131m\u0131 \u015fehit ailelerinin yapaca\u011f\u0131n\u0131 s\u00f6yledi. Akbaba \u015funlar\u0131 kaydetti: Atat\u00fcrk\u2019\u00fcn kokusu, T\u00fcrk ordusundad\u0131r. T\u00fcrk ordusuna g\u00fcveniyoruz. T\u00fcrk milleti demek T\u00fcrk ordusu demektir. E\u011fer bu a\u00e7\u0131l\u0131ma bunlar da uyumlu ve \u2019hakl\u0131s\u0131n\u0131z a\u00e7\u0131l\u0131m olsun\u2019 diyorlar destek veriyorlarsa ben o zaman onlara s\u00f6yl\u00fcyorum; a\u00e7\u0131l\u0131m\u0131 \u015fehit analar\u0131 yapacak. O zaman biz \u00e7\u0131kar \u00e7ocuklar\u0131m\u0131z\u0131n kan\u0131n\u0131 yerde koymay\u0131z. PKK ile biz m\u00fccadeleye gireriz o zaman bizim i\u00e7in de a\u00e7\u0131l\u0131m yaparlar.<\/p>\n<p style=\"text-align: justify;\"><strong><em>G\u00f6z ya\u015f\u0131m dinmez<\/em><\/strong><\/p>\n<p style=\"text-align: justify;\">Benim g\u00f6z\u00fcm\u00fcn ya\u015f\u0131 dinmeyecek, \u00e7ocu\u011fumun kan\u0131n\u0131 yerde koyacaks\u0131n, bebek katili beslenecek kimseden \u00e7\u0131t yok. Ne zamandan beri katiller T\u00fcrkiye\u2019nin yol haritas\u0131n\u0131 \u00e7iziyor? D\u00fcnyay\u0131 bize g\u00fcld\u00fcrmesinler. Herkes haddini bilsin. A\u00e7\u0131l\u0131ma falan kimsenin ihtiyac\u0131 yok. D\u00fcpe d\u00fcz dediler ki biz PKK\u2019ya teslim oluyoruz. Hi\u00e7 mi onlar\u0131n kuca\u011f\u0131nda \u015fehit olmad\u0131? Hi\u00e7 mi \u015fehidin son nefesini, son arzusunu duyup ter\u00f6riste kar\u015f\u0131 koymad\u0131. Ne bi\u00e7im \u015fey bunlar?<\/p>\n<p style=\"text-align: justify;\"><strong>i\u015eTE O BiLDiRi<\/strong><\/p>\n<p style=\"text-align: justify;\">Milli G\u00fcvenlik Kurulu \u00f6nceki g\u00fcn Abdullah G\u00fcl\u2019\u00fcn ba\u015fkanl\u0131\u011f\u0131nda, askerlerin yan\u0131 s\u0131ra h\u00fck\u00fcmet temsilcilerinin de kat\u0131l\u0131m\u0131yla  ger\u00e7ekle\u015ftirilmi\u015fti. 7 saat s\u00fcren toplat\u0131da s\u00f6zde K\u00fcrt sorunu a\u00e7\u0131l\u0131m\u0131 ele al\u0131nm\u0131\u015f ve a\u00e7\u0131l\u0131ma destek olan \u015fu bildiri yay\u0131nlanm\u0131\u015ft\u0131: Kurul\u2019un \u00f6nceki toplant\u0131lar\u0131nda yap\u0131lan de\u011ferlendirmelerin de \u0131\u015f\u0131\u011f\u0131nda; devletimizin \u00fclkesi ve milletiyle b\u00f6l\u00fcnmez b\u00fct\u00fcnl\u00fc\u011f\u00fcn\u00fc peki\u015ftirmek, ki\u015filerin ve toplumun refah, huzur ve mutlulu\u011funu sa\u011flamak \u00fczere, \u0130\u00e7i\u015fleri Bakanl\u0131\u011f\u0131 e\u015f g\u00fcd\u00fcm\u00fcnde yap\u0131lan \u00e7al\u0131\u015fmalar hakk\u0131nda Kurul\u2019a bilgi sunulmu\u015f ve \u00e7al\u0131\u015fmalar\u0131n devam\u0131 tavsiye edilmi\u015ftir.<\/p>\n<p style=\"text-align: justify;\"><strong><em>Hi\u00e7bir ayd\u0131n, ki\u015fi, kurum ac\u0131lar\u0131m\u0131z\u0131n temsilcisi olamaz<\/em><\/strong><\/p>\n<p style=\"text-align: justify;\">\u015eehitlikte a\u00e7\u0131l\u0131m\u0131 protesto eden \u015fehit yak\u0131nlar\u0131 ad\u0131na konu\u015fan Zeki \u015eanl\u0131, \u201cBu a\u00e7\u0131l\u0131m nereden \u00e7\u0131kt\u0131 belli de\u011fil. MGK\u2019n\u0131n da desteklemesi \u00fcz\u00fcc\u00fc\u201d dedi.<\/p>\n<p style=\"text-align: justify;\">\u015eehit aileleri ge\u00e7ti\u011fimiz hafta oldu\u011fu gibi bu hafta da Edirnekap\u0131 \u015eehitli\u011fi\u2019ndeydi. H\u00fck\u00fcmetin a\u00e7\u0131l\u0131m\u0131n\u0131 ve MGK\u2019n\u0131n a\u00e7\u0131l\u0131ma destek vermesini  protesto eden \u0130stanbul \u015eehit Aileleri Dayan\u0131\u015fma ve Sosyal Yard\u0131mla\u015fma Derne\u011fi \u00fcyeleri ve \u015fehit yak\u0131nlar\u0131 kendi yol haritalar\u0131n\u0131 a\u00e7\u0131klad\u0131. Dernek Ba\u015fkan\u0131 \u015eencan Bayramo\u011flu, PKK\u2019n\u0131n kay\u0131ts\u0131z \u015farts\u0131z silah b\u0131rakmas\u0131n\u0131 istedi. Bayramo\u011flu, \u00f6nerilerilerini de \u015f\u00f6yle s\u0131ralad\u0131:<\/p>\n<p style=\"text-align: justify;\"><strong><em>Kimse s\u00f6z hakk\u0131 vermiyor<\/em><\/strong><\/p>\n<p style=\"text-align: justify;\">\u201cTer\u00f6ristba\u015f\u0131 \u00d6calan hi\u00e7bir surette muhatap al\u0131nmayacak, DTP PKK\u2019n\u0131n ter\u00f6r \u00f6rg\u00fct\u00fc oldu\u011funu kamuoyu huzurunda kabul ve beyan edecek, Meselenin b\u00fct\u00fcn taraflar\u0131 T\u00fcrkiye Cumhuriyeti\u2019nin \u00fcniter devlet yap\u0131s\u0131na ba\u011fl\u0131 kalacaklar\u0131n\u0131 ilan edecek, \u00d6calan cezas\u0131n\u0131 yumu\u015fama olmaks\u0131z\u0131n \u00e7ekecek, Vatana ihanet yasas\u0131 tekrar y\u00fcr\u00fcr hale getirilecek\u201d  \u015eehit aileleri olarak yol haritas\u0131n\u0131 ortaya koyduklar\u0131n\u0131 dile getiren Bayramo\u011flu, hi\u00e7bir ayd\u0131n, kurum ve kurulu\u015fa kendilerini temsil yetkisi vermediklerini, ac\u0131lar\u0131n\u0131n temsilcisi olamayacaklar\u0131n\u0131 s\u00f6yledi. Bas\u0131n a\u00e7\u0131klamas\u0131n\u0131n ard\u0131ndan s\u00f6z alan \u015fehit yak\u0131nlar\u0131 da PKK\u2019n\u0131n ve \u00d6calan\u2019\u0131n kesinlikle muhatap al\u0131nmamas\u0131n\u0131 istedi. O\u011flunu 14 sene evvel \u015e\u0131rnak\u2019ta \u015fehit veren Zeki \u015eanl\u0131, PKK\u2019n\u0131n derhal silah b\u0131rakmas\u0131n\u0131n \u015fart oldu\u011funu s\u00f6yledi. Kendi annesinin de K\u00fcrt oldu\u011funu ve bu milletin i\u00e7erisinde K\u00fcrt-T\u00fcrk herkesin karde\u015f\u00e7e ya\u015fad\u0131\u011f\u0131n\u0131 belirten \u015eanl\u0131, \u201cBu a\u00e7\u0131l\u0131m ba\u015fkalar\u0131n\u0131n dayatmas\u0131yla yap\u0131l\u0131yor. Nereden \u00e7\u0131kt\u0131\u011f\u0131 belli de\u011fil. MGK\u2019n\u0131n da desteklemesi \u00fcz\u00fcc\u00fc. Bizim ac\u0131m\u0131z zaten b\u00fcy\u00fck. Kimse \u015fehit ailelerine konuyla ilgili s\u00f6z hakk\u0131 vermiyor\u201d diye konu\u015ftu. Y\u0131llard\u0131r evde \u015fehit o\u011flunun \u00e7ok sevdi\u011fi ku\u015fba\u015f\u0131 eti yiyemediklerini ifade eden \u015eanl\u0131, \u201cAnnesinin ve benim et yedi\u011fimizde bo\u011faz\u0131m\u0131z d\u00fc\u011f\u00fcmleniyor. \u00c7\u00fcnk\u00fc benin \u015fehit o\u011flum bunu ekmek aras\u0131na koyup yemeyi \u00e7ok severdi\u201d diye konu\u015ftu.<\/p>\n<p style=\"text-align: justify;\"><strong><em>\u0130sterlerse hapse ats\u0131nlar<\/em><\/strong><\/p>\n<p style=\"text-align: justify;\">\u015eanl\u0131, K\u00fcrt a\u00e7\u0131l\u0131m\u0131na destek veren ba\u015fta Sezen Aksu olmak \u00fczere baz\u0131 sanat\u00e7\u0131lar\u0131 ele\u015ftirdi. \u015eehit \u00dcste\u011fmen Mehmet Sarper Alus\u2019un annesi Sevim Alus da anla\u015fma olmas\u0131n\u0131n kendilerini rahats\u0131z etmedi\u011fini ancak PKK\u2019n\u0131n ve \u00d6calan\u2019\u0131n kesinlikle muhatap al\u0131nmamas\u0131n\u0131 istedi. Konu\u015furken sesi titreyen ve \u00f6fkelenen ac\u0131l\u0131 anne, \u201cPKK kay\u0131ts\u0131z \u015farts\u0131z teslim olmal\u0131, biz bunca \u015fehidi bo\u015funa m\u0131 verdik? Ben 9 y\u0131l \u00f6nce burada kendimi yakt\u0131m ve \u00f6l\u00fcmden d\u00f6nd\u00fcm. PKK ve \u00d6calan muhatap al\u0131n\u0131rsa bunu kesinlikle kabul edemem. O zaman benim k\u0131nal\u0131 yavrumu geri versinler. Beni isterlerse hapse ats\u0131nlar\u201d diye konu\u015ftu.<\/p>\n<p style=\"text-align: justify;\"><a href=\"http:\/\/www.yenicaggazetesi.com.tr\/haberdetay.php?hit=21916\" target=\"_blank\">S\u00fcmeyra Y\u0131lmaz &#8211; yenicaggazetesi.com.tr<\/a><\/p>\n","protected":false},"excerpt":{"rendered":"<p style=\"text-align: center;\">\n<p style=\"text-align: justify;\">TAYY\u0130P Erdo\u011fan\u2019\u0131n ba\u015flatt\u0131\u011f\u0131 iddia edilen \u201cK\u00fcrt a\u00e7\u0131l\u0131m\u0131\u201dn\u0131n MGK\u2019da destek bulmas\u0131, \u015fehit ailelerinin tepkisini \u00e7ekti. Ac\u0131l\u0131 anneler, \u2018\u0130\u00e7i\u015fleri Bakanl\u0131\u011f\u0131\u2019n\u0131n s\u00fcrd\u00fcrd\u00fc\u011f\u00fc \u00e7al\u0131\u015fmalar\u0131n devam\u0131n\u0131n tavsiyesi\u2019nin kabul edilemez oldu\u011funu s\u00f6yledi.<\/p>\n<p style=\"text-align: justify;\">Mezarl\u0131kta sert a\u00e7\u0131klama<\/p>\n<p style=\"text-align: justify;\">ED\u0130RNEKAPI \u015eehitli\u011fi\u2019nde isyan\u0131n\u0131 dile getiren Zeki \u015eanl\u0131, o\u011flunun 14 y\u0131l \u00f6nce \u015e\u0131rnak\u2019ta \u015fehit d\u00fc\u015ft\u00fc\u011f\u00fcn\u00fc anlatarak, \u201cBu a\u00e7\u0131l\u0131m <\/p>\n","protected":false},"author":1,"featured_media":0,"comment_status":"open","ping_status":"closed","sticky":false,"template":"","format":"standard","meta":{"footnotes":""},"categories":[105],"tags":[],"class_list":["post-13772","post","type-post","status-publish","format-standard","hentry","category-gundem","odd"],"_links":{"self":[{"href":"http:\/\/www.korhanyilmaz.com\/index.php?rest_route=\/wp\/v2\/posts\/13772","targetHints":{"allow":["GET"]}}],"collection":[{"href":"http:\/\/www.korhanyilmaz.com\/index.php?rest_route=\/wp\/v2\/posts"}],"about":[{"href":"http:\/\/www.korhanyilmaz.com\/index.php?rest_route=\/wp\/v2\/types\/post"}],"author":[{"embeddable":true,"href":"http:\/\/www.korhanyilmaz.com\/index.php?rest_route=\/wp\/v2\/users\/1"}],"replies":[{"embeddable":true,"href":"http:\/\/www.korhanyilmaz.com\/index.php?rest_route=%2Fwp%2Fv2%2Fcomments&post=13772"}],"version-history":[{"count":0,"href":"http:\/\/www.korhanyilmaz.com\/index.php?rest_route=\/wp\/v2\/posts\/13772\/revisions"}],"wp:attachment":[{"href":"http:\/\/www.korhanyilmaz.com\/index.php?rest_route=%2Fwp%2Fv2%2Fmedia&parent=13772"}],"wp:term":[{"taxonomy":"category","embeddable":true,"href":"http:\/\/www.korhanyilmaz.com\/index.php?rest_route=%2Fwp%2Fv2%2Fcategories&post=13772"},{"taxonomy":"post_tag","embeddable":true,"href":"http:\/\/www.korhanyilmaz.com\/index.php?rest_route=%2Fwp%2Fv2%2Ftags&post=13772"}],"curies":[{"name":"wp","href":"https:\/\/api.w.org\/{rel}","templated":true}]}}