{"id":13761,"date":"2009-08-22T11:48:48","date_gmt":"2009-08-22T08:48:48","guid":{"rendered":"http:\/\/www.korhanyilmaz.com\/?p=13761"},"modified":"2009-08-22T11:48:48","modified_gmt":"2009-08-22T08:48:48","slug":"muzakere-benimle-yurutulmeli","status":"publish","type":"post","link":"http:\/\/www.korhanyilmaz.com\/?p=13761","title":{"rendered":"&#039;M\u00fczakere benimle y\u00fcr\u00fct\u00fclmeli&#039;"},"content":{"rendered":"<p style=\"text-align: center;\"><a href=\"http:\/\/www.korhanyilmaz.com\/wp-content\/uploads\/2009\/08\/220820091148032542854.jpg\"  class=\"lightview\"><img loading=\"lazy\" decoding=\"async\" class=\"aligncenter size-full wp-image-13762\" src=\"http:\/\/www.korhanyilmaz.com\/wp-content\/uploads\/2009\/08\/220820091148032542854.jpg\" alt=\"\" width=\"329\" height=\"210\" \/><\/a><\/p>\n<p style=\"text-align: justify;\">Ter\u00f6rist Abdullah \u00d6calan, K\u00fcrt sorununun \u00e7\u00f6z\u00fcm\u00fcnde kendisiyle m\u00fczakere edilmesi gerekti\u011fini s\u00f6yledi.<\/p>\n<p style=\"text-align: justify;\">\u00d6calan: Sorunu Ahmet T\u00fcrk ile \u00e7\u00f6zebilecekseniz \u00e7\u00f6z\u00fcn. Sizi engelleyen kimse mi var? Kar\u015f\u0131lar\u0131nda \u00e7ocuk yok. \u0130sterseniz da\u011fdakileri, isterseniz DTP&#8217;lileri bitirin, bitirebilir misiniz, bitiremez misiniz ben bilemem.<\/p>\n<p style=\"text-align: justify;\">\u00d6calan\u2019\u0131n, \u201cBenim emniyetle 90 g\u00fcn m\u00fczakere etmem laz\u0131m. Askeri boyutunun \u00e7\u00f6z\u00fclmesi i\u00e7in 45 g\u00fcn m\u00fczakere etmem laz\u0131m\u201d dedi\u011fi ortaya \u00e7\u0131kt\u0131.<\/p>\n<p style=\"text-align: justify;\">\u00d6calan, h\u00fck\u00fcmetin K\u00fcrt a\u00e7\u0131l\u0131m\u0131na ili\u015fkin \u00e7al\u0131\u015fmalar\u0131 s\u00fcrerken, avukatlar\u0131yla yapt\u0131\u011f\u0131 son g\u00f6r\u00fc\u015fmede merakla beklenen yol haritas\u0131n\u0131n ilk i\u015faretlerini verdi. \u00d6calan\u2019\u0131n, 31 Temmuz\u2019daki g\u00f6r\u00fc\u015fmesi ise tutanaklara \u015f\u00f6yle yans\u0131d\u0131: <!--more--><\/p>\n<p style=\"text-align: justify;\"><strong>YA\u015eAR KEMAL DE KAVRAYAMIYOR: <\/strong>Sorun benim affedilip affedilmememle ilgili de\u011fil. Sorun \u00e7ok daha derinlerdedir. Ben 10 y\u0131ld\u0131r bu sorunun \u00e7\u00f6z\u00fcm\u00fc i\u00e7in elimden geleni yapt\u0131m. T\u00fcrkiye\u2019de Ya\u015far Kemal dahil hi\u00e7bir ayd\u0131n sorunu tam olarak derinli\u011fine kavrayam\u0131yor. \u015eimdi bu sorunun \u00e7\u00f6z\u00fcm\u00fc i\u00e7in toplumsal uzla\u015f\u0131 veya m\u00fczakere ba\u015flayacak. Bunun olmas\u0131 \u00f6nemlidir.<\/p>\n<p style=\"text-align: justify;\"><strong>AHMET T\u00dcRK\u2019LE M\u0130 \u00c7\u00d6ZECEKS\u0130N\u0130Z?: <\/strong>DTP beni temsil etmiyor, PKK beni temsil etmiyor. Bir ba\u015fkas\u0131 beni temsil etmiyor. Mesela Ahmet T\u00fcrk\u2019le mi \u00e7\u00f6zmek istiyorsunuz. Sizi engelleyen kimse mi var? \u00c7\u00f6z\u00fcn. Sorunu bu \u015fekilde \u00e7\u00f6zebilecekseniz \u00e7\u00f6z\u00fcn&#8230; DTP kesinlikle beni temsil etmiyor&#8230; Kar\u015f\u0131lar\u0131nda \u00e7ocuk yok&#8230; \u0130sterseniz da\u011fdakileri bitirin, isterseniz DTP\u2019lileri bitirin, bitirebilir misiniz, bitiremez misiniz, kazan\u0131r m\u0131s\u0131n\u0131z, kaybeder misiniz, oras\u0131n\u0131 ben bilemem.<\/p>\n<p style=\"text-align: justify;\"><strong>45-90 G\u00dcN M\u00dcZAKERE:<\/strong> Emniyetle 90 g\u00fcn m\u00fczakere etmem laz\u0131m. 90 g\u00fcn m\u00fczakere ettikten sonra ancak sorunun emniyet y\u00f6n\u00fc \u00e7\u00f6z\u00fcm noktas\u0131na gelebilir. Sorunun askeri boyutunun \u00e7\u00f6z\u00fclebilmesi i\u00e7in benim 45 g\u00fcn m\u00fczakere etmem laz\u0131m. Bunlar \u00e7ok hassas konular. Dedi\u011fim gibi sadece askeri y\u00f6n\u00fcn\u00fc masaya yat\u0131rmam i\u00e7in 45-90 g\u00fcn m\u00fczakere etmem, tart\u0131\u015fabilmem laz\u0131m. Sorunun di\u011fer boyutlar\u0131 da ayr\u0131, sosyal, k\u00fclt\u00fcrel, ekonomik bunlar\u0131 daha a\u011fz\u0131ma bile alm\u0131yorum. Bunlar da ayr\u0131ca tart\u0131\u015f\u0131l\u0131r.<\/p>\n<p style=\"text-align: justify;\"><strong>ROBESPIERRE\u2019\u0130N \u0130DAMI: <\/strong>Deniliyor ki, bu sorun \u00e7ok \u00e7at\u0131\u015fmal\u0131 ge\u00e7ti, \u00e7ok ac\u0131l\u0131 ge\u00e7ti. Do\u011frudur, \u00e7at\u0131\u015fmal\u0131 ge\u00e7ti, ancak as\u0131l \u00e7at\u0131\u015fma benim bu yol haritas\u0131n\u0131 a\u00e7\u0131klamamdan sonra olacak. E\u011fer soruna do\u011fru, derinlikli yakla\u015f\u0131lmazsa yapabilece\u011fim bir \u015fey kalmaz. \u0130ki tarih vereyim: Birincisi 1789\u2019dan sonra ya\u015fanan geli\u015fmeler. \u00d6zellikle 1792-94 aras\u0131, iki y\u0131l s\u00fcren i\u00e7 \u00e7at\u0131\u015fmalard\u0131r.<\/p>\n<p style=\"text-align: justify;\">Muazzam i\u00e7 \u00e7at\u0131\u015fmalar ya\u015fand\u0131. 94 Temmuz\u2019unda Robespierre ve arkada\u015flar\u0131 idam edilene kadar s\u00fcren i\u00e7 \u00e7at\u0131\u015fma. \u0130kincisi 1917-18 ile 1922 aras\u0131 ya\u015fanan \u00fc\u00e7-d\u00f6rt y\u0131ll\u0131k \u00e7ok kanl\u0131 bir i\u00e7 \u00e7at\u0131\u015fma. Devrim yap\u0131ld\u0131ktan sonra \u00e7ok b\u00fcy\u00fck bir i\u00e7 \u00e7at\u0131\u015fma ya\u015fan\u0131yor. Burada bu i\u00e7 \u00e7at\u0131\u015fmalar\u0131 \u00e7ok iyi analiz etmek gerekiyor. Bu s\u00fcre\u00e7lerde ya\u015fanan \u015feylerin \u00f6n\u00fcne ge\u00e7mek gerekiyor. Bu i\u00e7 \u00e7at\u0131\u015fmalar\u0131n boyutu \u00e7ok vahim.<\/p>\n<p style=\"text-align: justify;\"><strong>40 M\u0130LYON K\u00dcRT AYA\u011eA: <\/strong>Devrim \u00f6ncesi ya\u015fananlar bunlar\u0131n yan\u0131nda az bile kal\u0131yor. O d\u00f6nemde Frans\u0131zlar\u0131n n\u00fcfusu 20 milyon, Ruslar\u0131n da 30 milyondu. Yine de halk\u0131 durduramad\u0131lar. \u015eimdi ise bu m\u00fccadelede 40 milyon K\u00fcrt var. \u0130yi \u00f6rg\u00fctlenmi\u015f kesimleri var. 40 milyon K\u00fcrde kar\u015f\u0131 nas\u0131l duracaks\u0131n? 40 milyon K\u00fcrt aya\u011fa kalkt\u0131\u011f\u0131 zaman ortada devlet-mevlet diye bir \u015fey kalmaz. PKK da kendi karar\u0131n\u0131 kendisi verir.<\/p>\n<p style=\"text-align: justify;\"><strong>ORDU KEND\u0130NE G\u00dcVENMES\u0130N:<\/strong> Ordu da bunu anlamal\u0131. Bunu anlamal\u0131 ve bunun \u00f6n\u00fcnde engel olmamal\u0131. Ordu \u00f6yle \u00e7ok kendine g\u00fcvenmesin. Kendini \u00f6yle \u00e7ok g\u00fc\u00e7l\u00fc hissetmesin. \u00c7ok kaotik, \u00e7ok \u00e7at\u0131\u015fmal\u0131 d\u00f6nem olursa, \u00e7\u00f6z\u00fcm\u00fcn \u00f6n\u00fcnde engel olursa ordu da ortada kalmaz, da\u011f\u0131l\u0131r gider.<\/p>\n<p style=\"text-align: justify;\"><strong>NASIL \u0130ND\u0130RECEK?:<\/strong>(PKK kadrolar\u0131 \u00fc\u00e7\u00fcnc\u00fc bir \u00fclkeye g\u00f6nderilecek haberleri \u00fczerine) Nas\u0131l da\u011fdan indirecek? Nas\u0131l gidip da\u011fdan getirecek? \u00d6yle olmaz. Bunlar\u0131n bir ger\u00e7ekli\u011fi yok.<\/p>\n<p style=\"text-align: justify;\"><strong>BAH\u00c7EL\u0130 \u00c7OK KONU\u015eUYOR: <\/strong>Bah\u00e7eli \u00e7ok konu\u015fuyor. (\u00c7ok sinirlenerek) Bah\u00e7eli neden anlam\u0131yor? G\u00fcc\u00fc de yok, kendisi bunu biliyor. Ne yapmak istedi\u011fi ortada&#8230; Bah\u00e7eli, o kadar g\u00fcc\u00fcn\u00fcz varsa, o kadar kendinize g\u00fcveniyorsan\u0131z sizi ba\u015fkumandan ilan edelim. Topla \u00fclk\u00fcc\u00fc ordunuzu, Kandil\u2019e gidin. Bakay\u0131m ne yapacaks\u0131n\u0131z. \u015eimdi g\u00fcc\u00fcn\u00fcz de yok. Yine de ba\u011f\u0131r\u0131p \u00e7a\u011f\u0131r\u0131yorsunuz. Anlamak zorundas\u0131n\u0131z. Yeri geldi\u011fi zaman ben bunlar\u0131n hesaplar\u0131n\u0131 hepsinden sorar\u0131m.<\/p>\n<p style=\"text-align: justify;\"><em><strong>\u2018Ciddiyetini anlam\u0131yorlar\u2019 <\/strong><\/em><\/p>\n<p style=\"text-align: justify;\">\u00d6calan, baz\u0131 gazetecilerin yaz\u0131lar\u0131ndaki g\u00f6r\u00fc\u015flere de de\u011finilen g\u00f6r\u00fc\u015fmede, kendisinin affedilmesi konusunda \u015fu de\u011ferlendirmeyi yapt\u0131:<\/p>\n<p style=\"text-align: justify;\">Af m\u0131? Sorun bu de\u011fil ki. Benim af edilip edilmemem sorunu de\u011fil as\u0131l mesele. L\u00fctufta bulunduklar\u0131n\u0131 m\u0131 san\u0131yorlar? Bunlar sorunun ciddiyetini anlam\u0131yorlar. Bunlara benim g\u00f6r\u00fc\u015fmelerimi iyi aktar\u0131n. Pazarl\u0131k de\u011fil, toplumsal bir uzla\u015f\u0131 veya m\u00fczakere olacak.<\/p>\n<p style=\"text-align: justify;\"><em><strong>Tamam\u0131 yay\u0131mlanmad\u0131 <\/strong><\/em><\/p>\n<p style=\"text-align: justify;\">\u00d6calan\u2019\u0131n 31 Temmuz g\u00f6r\u00fc\u015fmesi F\u0131rat Haber Ajans\u0131 (ANF) taraf\u0131ndan servise koyuldu. Ter\u00f6r \u00f6rg\u00fct\u00fc PKK\u2019n\u0131n internet sitesi de bu haberi alarak yay\u0131mlad\u0131. S\u00f6z konusu haberde, \u00d6calan\u2019\u0131n a\u00e7\u0131klamalar\u0131ndan, tart\u0131\u015fma yaratacak ve radikal ifadeler i\u00e7eren baz\u0131 b\u00f6l\u00fcmlerine yer verilmedi\u011fi g\u00f6r\u00fcld\u00fc.<\/p>\n<p style=\"text-align: justify;\"><strong><em>Robespierre kimdir? <\/em><\/strong><\/p>\n<p style=\"text-align: justify;\">1789 Frans\u0131z Devrimi\u2019nin fikir babalar\u0131ndan bir d\u00fc\u015f\u00fcn\u00fcr, siyaset\u00e7i. Jakobenizmin \u00f6nde gelen savunucular\u0131ndan. Kral\u2019\u0131n idam\u0131 i\u00e7in \u00e7aba g\u00f6sterdi ve sonuca ula\u015ft\u0131.<\/p>\n<p style=\"text-align: justify;\">\u201cTer\u00f6r d\u00f6nemi\u201d olarak adland\u0131r\u0131lan iktidar\u0131 s\u0131ras\u0131nda kendisi gibi halk\u0131n \u201csat\u0131n al\u0131namaz\u201d s\u0131fat\u0131 verdi\u011fi, devrimin, en sevilen simalar\u0131ndan biri olan, arkada\u015f\u0131 Danton\u2019u dahi giyotine yollad\u0131.<\/p>\n<p style=\"text-align: justify;\">Danton gibi \u201cdevrim kar\u015f\u0131t\u0131\u201d haline gelmekle su\u00e7lad\u0131\u011f\u0131 bir \u00e7ok \u201cdevrimciyi\u201d yine \u201cdevrimin \u00e7\u0131karlar\u0131\u201d gerek\u00e7esiyle giyotinle idam ettirdi.<\/p>\n<p style=\"text-align: justify;\">\u201cDevrim kendi evlatlar\u0131n\u0131 yer\u201d \u00f6zdeyi\u015fi bu d\u00f6nemle an\u0131l\u0131r. Nitekim kendi sonu da giyotinde can vererek oldu.<\/p>\n<p style=\"text-align: justify;\"><span style=\"color: #888888;\">Kaynak : Vatan<\/span><\/p>\n","protected":false},"excerpt":{"rendered":"<p style=\"text-align: center;\">\n<p style=\"text-align: justify;\">Ter\u00f6rist Abdullah \u00d6calan, K\u00fcrt sorununun \u00e7\u00f6z\u00fcm\u00fcnde kendisiyle m\u00fczakere edilmesi gerekti\u011fini s\u00f6yledi.<\/p>\n<p style=\"text-align: justify;\">\u00d6calan: Sorunu Ahmet T\u00fcrk ile \u00e7\u00f6zebilecekseniz \u00e7\u00f6z\u00fcn. Sizi engelleyen kimse mi var? Kar\u015f\u0131lar\u0131nda \u00e7ocuk yok. \u0130sterseniz da\u011fdakileri, isterseniz DTP&#8217;lileri bitirin, bitirebilir misiniz, bitiremez misiniz ben bilemem.<\/p>\n<p style=\"text-align: justify;\">\u00d6calan\u2019\u0131n, \u201cBenim emniyetle 90 g\u00fcn m\u00fczakere etmem laz\u0131m. Askeri <\/p>\n","protected":false},"author":1,"featured_media":0,"comment_status":"open","ping_status":"closed","sticky":false,"template":"","format":"standard","meta":{"footnotes":""},"categories":[105],"tags":[],"class_list":["post-13761","post","type-post","status-publish","format-standard","hentry","category-gundem","odd"],"_links":{"self":[{"href":"http:\/\/www.korhanyilmaz.com\/index.php?rest_route=\/wp\/v2\/posts\/13761","targetHints":{"allow":["GET"]}}],"collection":[{"href":"http:\/\/www.korhanyilmaz.com\/index.php?rest_route=\/wp\/v2\/posts"}],"about":[{"href":"http:\/\/www.korhanyilmaz.com\/index.php?rest_route=\/wp\/v2\/types\/post"}],"author":[{"embeddable":true,"href":"http:\/\/www.korhanyilmaz.com\/index.php?rest_route=\/wp\/v2\/users\/1"}],"replies":[{"embeddable":true,"href":"http:\/\/www.korhanyilmaz.com\/index.php?rest_route=%2Fwp%2Fv2%2Fcomments&post=13761"}],"version-history":[{"count":0,"href":"http:\/\/www.korhanyilmaz.com\/index.php?rest_route=\/wp\/v2\/posts\/13761\/revisions"}],"wp:attachment":[{"href":"http:\/\/www.korhanyilmaz.com\/index.php?rest_route=%2Fwp%2Fv2%2Fmedia&parent=13761"}],"wp:term":[{"taxonomy":"category","embeddable":true,"href":"http:\/\/www.korhanyilmaz.com\/index.php?rest_route=%2Fwp%2Fv2%2Fcategories&post=13761"},{"taxonomy":"post_tag","embeddable":true,"href":"http:\/\/www.korhanyilmaz.com\/index.php?rest_route=%2Fwp%2Fv2%2Ftags&post=13761"}],"curies":[{"name":"wp","href":"https:\/\/api.w.org\/{rel}","templated":true}]}}