{"id":13758,"date":"2009-08-22T10:30:34","date_gmt":"2009-08-22T08:30:34","guid":{"rendered":"http:\/\/www.korhanyilmaz.com\/?p=13758"},"modified":"2009-08-22T10:30:34","modified_gmt":"2009-08-22T08:30:34","slug":"25-yillik-sorunun-7-yilinda-akp-vardi","status":"publish","type":"post","link":"http:\/\/www.korhanyilmaz.com\/?p=13758","title":{"rendered":"25 y\u0131ll\u0131k sorunun 7 y\u0131l\u0131nda AKP vard\u0131"},"content":{"rendered":"<p style=\"text-align: center;\"><a href=\"http:\/\/www.korhanyilmaz.com\/wp-content\/uploads\/2009\/08\/220820091042573631573.jpg\"  class=\"lightview\"><img loading=\"lazy\" decoding=\"async\" class=\"aligncenter size-full wp-image-13759\" src=\"http:\/\/www.korhanyilmaz.com\/wp-content\/uploads\/2009\/08\/220820091042573631573.jpg\" alt=\"\" width=\"329\" height=\"210\" \/><\/a><\/p>\n<p style=\"text-align: justify;\">Dokuzuncu Cumhurba\u015fkan\u0131 S\u00fcleyman Demirel, K\u00fcrt a\u00e7\u0131l\u0131m\u0131 hakk\u0131nda g\u00f6r\u00fc\u015flerini a\u00e7\u0131klad\u0131.<\/p>\n<p style=\"text-align: justify;\">H\u00fck\u00fcmetin &#8216;K\u00fcrt a\u00e7\u0131l\u0131m\u0131&#8217;n\u0131 en yak\u0131ndan takip eden isimlerden 9. Cumhurba\u015fkan\u0131 Demirel, \u00e7\u00f6z\u00fcms\u00fcz ge\u00e7en 25 y\u0131l\u0131n 7 y\u0131l\u0131nda AKP&#8217;nin oldu\u011funu s\u00f6yledi. Demirel, iktidar\u0131n bu 7 y\u0131lda istediklerini yapma imkan\u0131 oldu\u011funu belirterek &#8216;\u015eikayet ediyorlarsa kendileri de buna dahil olur&#8217; dedi.<\/p>\n<p style=\"text-align: justify;\">H\u00fck\u00fcmetin &#8216;K\u00fcrt a\u00e7\u0131l\u0131m\u0131&#8217;n\u0131 Ankara&#8217;da en yak\u0131ndan takip edenlerin ba\u015f\u0131nda, hi\u00e7 ku\u015fkusuz T\u00fcrk siyasetinin &#8216;Baba&#8217; lakapl\u0131 duayen ismi, Dokuzuncu Cumhurba\u015fkan\u0131 S\u00fcleyman Demirel geliyor. Son g\u00fcnlerdeki suskunlu\u011fu ile dikkat \u00e7eken ve &#8216;K\u00fcrt a\u00e7\u0131l\u0131m\u0131&#8217; ile ilgili \u00e7\u0131k\u0131\u015f\u0131 merakla beklenen Demirel, G\u00fcniz Sokak&#8217;taki evinde \u00f6nemli mesajlar verdi. <!--more--><\/p>\n<p style=\"text-align: justify;\">&#8217;25 y\u0131lda \u00e7\u00f6z\u00fclemedi, \u015fimdi el at\u0131l\u0131yor demek iyi, g\u00fczel laf ama bunun 7 y\u0131l\u0131nda da bu h\u00fck\u00fcmet var&#8217; diyen Demirel, herkesin s\u00f6yledi\u011fine dikkat etmesini istedi. Kendi k\u0131rm\u0131z\u0131 \u00e7izgisinin insanlar\u0131n durduk yerde &#8216;etnik veya inan\u00e7 eksenli&#8217; has\u0131m haline getirilmesi oldu\u011funu a\u00e7\u0131klayan Demirel, muhalefete tahamm\u00fcl edilmesi gerekti\u011fini kaydetti.<\/p>\n<p style=\"text-align: justify;\"><strong><em>Demirel sorular\u0131m\u0131za \u015fu yan\u0131tlar\u0131 verdi: <\/em><\/strong><\/p>\n<p style=\"text-align: justify;\"><strong><em>-H\u00fck\u00fcmetin K\u00fcrt a\u00e7\u0131l\u0131m\u0131 konusunu nas\u0131l de\u011ferlendiriyorsunuz? <\/em><\/strong><\/p>\n<p style=\"text-align: justify;\">Ben g\u00fcncel tart\u0131\u015fmaya \u015fu ortamda girmek istemiyorum. Ama bu tart\u0131\u015fmalar\u0131n T\u00fcrkiye&#8217;de devleti incitmeyecek, T\u00fcrkiye birli\u011fini T\u00fcrkiye&#8217;deki birlikteli\u011fi incitmeyecek bu \u00fclkenin vatanda\u015flar\u0131n\u0131 birbirine kar\u015f\u0131 vaziyet almaya g\u00f6t\u00fcrmeyecek \u015fekilde neticelenmesini isterim. Bu nas\u0131l olur? Hen\u00fcz bunun nas\u0131l olaca\u011f\u0131 hakk\u0131nda kesin bir program, tedbir ve \u00e7are falan yok. Konu\u015fuluyor. Herhalde \u00f6n\u00fcm\u00fczdeki g\u00fcnlerde mesele \u00e7ok daha a\u00e7\u0131k hale gelir. Benim T\u00fcrkiye&#8217;ye yapt\u0131\u011f\u0131m hizmetlerin en \u00f6nemli \u00f6l\u00e7\u00fcs\u00fc T\u00fcrkiye&#8217;deki birlik ve beraberli\u011fi muhafazad\u0131r. Birlik ve beraberli\u011fi zedeledi\u011fimiz takdirde her \u015feyi zedelemi\u015f oluruz. \u00c7ok geri gideriz. Ne yap\u0131lmak isteniyorsa bu birlik ve beraberli\u011fi kesinlikle zedelememeli, bu \u00fclkenin bin seneden beri bir arada ya\u015fayan insanlar\u0131n\u0131 da durup durduk yerde birbirlerine kar\u015f\u0131 hale getirmemelidir.<\/p>\n<p style=\"text-align: justify;\"><strong><em>-B\u00f6yle olaca\u011f\u0131 y\u00f6n\u00fcnde endi\u015feniz var m\u0131?<\/em><\/strong><\/p>\n<p style=\"text-align: justify;\">Herkesin var. Bu \u00fclkenin vatanda\u015flar\u0131n\u0131n birbiriyle sorunu yoktur. Ama birbiriyle sorunu olur hale getirmememiz gerekir. Bu \u00fclke i\u00e7in \u00f6nemli olan hadise odur. Ondan sonraki k\u0131sm\u0131 daha kolayd\u0131r. Bug\u00fcn bak\u0131n bu kadar tart\u0131\u015fma oluyor her g\u00fcn a\u015fa\u011f\u0131 yukar\u0131 bu tart\u0131\u015fmalar her tarafta yap\u0131l\u0131yor. Ama Allah&#8217;a \u015f\u00fck\u00fcr \u00fclkemiz ve en \u00f6nemlisi halk s\u00fckunet i\u00e7erisinde. Bu halk birbirini hi\u00e7 yad\u0131rgamad\u0131. &#8216;Siz&#8217; ve &#8216;biz&#8217;, &#8216;biz ve onlar&#8217; hi\u00e7 olmad\u0131. Hep &#8216;biz&#8217; oldu. Hep birbirini kucaklad\u0131 ve \u00fclkenin zor meselelerini beraber g\u00f6\u011f\u00fcsledi. T\u00fcrkiye Cumhuriyeti&#8217;ni beraber kurdu, beraber sahip \u00e7\u0131kt\u0131. Bug\u00fcn \u00fclkede ne varsa onlar\u0131n t\u00fcm\u00fcn\u00fc beraberce meydana getirdi. \u0130\u015fte karde\u015flik dedi\u011fimiz olay budur. Bunun bozulmamas\u0131 laz\u0131m. Yani kim ne yaparsa yaps\u0131n benim vatanda\u015f\u0131m\u0131n kafas\u0131na &#8216;ben ve o&#8217; gibi bir suali d\u00fc\u015f\u00fcrmesin.<\/p>\n<p style=\"text-align: justify;\"><strong>KIRMIZI \u00c7\u0130ZG\u0130M B\u0130R\u0130 D\u0130\u011eER\u0130N\u0130N KAFASINA KONMASIN <\/strong><\/p>\n<p style=\"text-align: justify;\"><strong><em>-Sizin k\u0131rm\u0131z\u0131 \u00e7izginiz nedir? <\/em><\/strong><\/p>\n<p style=\"text-align: justify;\">\u015eudur: Birisinin kafas\u0131na di\u011feri konmamal\u0131. Yani bu \u00fclkenin insanlar\u0131 durup durduklar\u0131 yerde i\u015flerinde g\u00fc\u00e7lerindeyken, birisi di\u011ferine en ufak k\u00f6t\u00fcl\u00fck yapmam\u0131\u015fken, etnik k\u00f6keni ya da dini inanc\u0131ndan dolay\u0131 biri di\u011ferine has\u0131m haline getirilmemeli. T\u00fcrkiye&#8217;de etnik k\u00f6keniniz ne olursa olsun bunu de\u011fi\u015ftirin diyen yok. Ya da dini inanc\u0131n\u0131z\u0131 de\u011fi\u015ftirin diyen de yok. B\u00fcy\u00fck Atat\u00fcrk, T\u00fcrkiye Cumhuriyeti devletini bu iki b\u00fcy\u00fck ilke \u00fczerine kurdu. Bu \u00fclkede hi\u00e7 kimsenin di\u011ferinin etnik k\u00f6keniyle meselesi yoktur. Ama bunu meselesi var haline getirdi\u011fimiz yerde s\u0131k\u0131nt\u0131ya gireriz. Ona dikkat etmemiz laz\u0131m.<\/p>\n<p style=\"text-align: justify;\"><strong><em>-B\u00f6yle bir ad\u0131m at\u0131laca\u011f\u0131 y\u00f6n\u00fcnde bir kayg\u0131 ta\u015f\u0131yor musunuz? <\/em><\/strong><\/p>\n<p style=\"text-align: justify;\">Hangi \u015fey buna sebep olabilecekse ondan bahsediyorum. Bu zamana kadar birlik i\u00e7inde ya\u015fayan benim vatanda\u015flar\u0131m\u0131n birbirlerine kar\u015f\u0131 hasmane tav\u0131r i\u00e7ine girmesine hi\u00e7bir \u015fey sebep olmamal\u0131. \u0130\u00e7ini bilmedi\u011fimiz i\u00e7in ne yap\u0131laca\u011f\u0131na dikkatle bak\u0131yorum. \u00dclkenin iyili\u011fini sa\u011flayacak \u015feyler yap\u0131lmas\u0131n\u0131 ummak isterim.<\/p>\n<p style=\"text-align: justify;\"><strong><em>-\u0130ktidar partisi ile muhalefet aras\u0131nda konunun \u00fcslubuna y\u00f6nelik &#8216;bize gel, gelme&#8217; tart\u0131\u015fmalar\u0131n\u0131 nas\u0131l de\u011ferlendiriyorsunuz? <\/em><\/strong><\/p>\n<p style=\"text-align: justify;\">Bug\u00fcn b\u00f6yle olur yar\u0131n ba\u015fka t\u00fcrl\u00fc olur. Siyaset\u00e7iler bug\u00fcn birbirleriyle \u00e7ok iti\u015fir kak\u0131\u015f\u0131rlar. Yar\u0131n el s\u0131k\u0131\u015f\u0131rlar. \u0130\u015fin icab\u0131 da \u00f6yledir. Siyasette k\u00fcsl\u00fck olmaz. Muhalefet g\u00f6revini ba\u015fka t\u00fcrl\u00fc yapamaz. \u0130ktidar\u0131n bir \u015fubesi de\u011fil ki. \u0130smi \u00fczerinde, muhalefet. Her rejimde &#8216;iktidar&#8217; vard\u0131r ama muhalefet sadece demokrasilerde vard\u0131r. Muhalefetin serbest\u00e7e \u00e7al\u0131\u015fabilmesi i\u015fleyebilmesi ve iktidar\u0131n alternatifi haline gelmesi demokratik rejimin teminat\u0131d\u0131r. O nedenle muhalefeti anlay\u0131\u015fla kar\u015f\u0131lamak laz\u0131m. Ge\u00e7mi\u015fte bunlar\u0131n bir\u00e7ok misalleri var. Rahmetli Ecevit&#8217;le kar\u015f\u0131l\u0131kl\u0131 bir\u00e7ok kere \u00e7ok sert m\u00fccadeleler yapt\u0131k. Ama bir zaman geldi ki ben Cumhurba\u015fkan\u0131 oldum ve Ecevit&#8217;e h\u00fck\u00fcmeti kurma g\u00f6revi verdim. Hi\u00e7 kap\u0131lar\u0131 kapamad\u0131k. Husumet, k\u00fcsl\u00fck olmaz. G\u00f6rd\u00fc\u011f\u00fcn\u00fcz hizmet kamu hizmetidir. Ama &#8216;incitmeyelim k\u0131r\u0131lmayal\u0131m&#8217; diye hizmet yapamaz hale gelirseniz o zaman da muhalefet olmaktan \u00e7\u0131kars\u0131n\u0131z.<\/p>\n<p style=\"text-align: justify;\"><strong><em>-\u00c7ankaya&#8217;da siz olsan\u0131z nas\u0131l de\u011ferlendirirdiniz bu tart\u0131\u015fmalar\u0131? <\/em><\/strong><\/p>\n<p style=\"text-align: justify;\">G\u00fcncel olaya girmiyorum. Genel prensibi s\u00f6yl\u00fcyorum. Cumhurba\u015fkanl\u0131\u011f\u0131 yapm\u0131\u015f bir insan olarak T\u00fcrkiye birli\u011finin zedelenmemesi konusundaki hassasiyetimi ifade etmek isterim. Orada kim oturursa o da \u015fartlar\u0131 nas\u0131l bakmalar\u0131n\u0131 gerektiriyorsa \u00f6yle bakar. Ben T\u00fcrkiye birli\u011fini muhafazas\u0131na en b\u00fcy\u00fck dikkati g\u00f6sterdim.<\/p>\n<p style=\"text-align: justify;\"><strong><em>-\u0130\u00e7i\u015fleri Bakan\u0131 temaslar\u0131 kapsam\u0131nda size de gelecek mi? <\/em><\/strong><\/p>\n<p style=\"text-align: justify;\">Benimle g\u00f6r\u00fc\u015fmesi i\u00e7in bir sebep yok. Aktif bir \u015feyin i\u00e7inde de\u011filim. Siyasi parti ve sivil toplumla konu\u015fuyor. Ben ise ge\u00e7mi\u015fte hizmet g\u00f6rm\u00fc\u015f, bug\u00fcn de \u00fclke sorunlar\u0131n\u0131 d\u00fc\u015f\u00fcnen bir ki\u015fiyim. \u00d6yle bir beklentim yok. Olmaz da.<\/p>\n<p style=\"text-align: justify;\"><strong><em>-Onlardan talep gelebilir mi? <\/em><\/strong><\/p>\n<p style=\"text-align: justify;\">Gelmez, gelece\u011fini sanm\u0131yorum.<\/p>\n<p style=\"text-align: justify;\">Herkes cevizin i\u00e7iyle alakal\u0131<\/p>\n<p style=\"text-align: justify;\"><strong><em>-Siz bu soruna ilk de\u011finen ve &#8216;T\u00fcrkiye&#8217;de K\u00fcrt realitesi vard\u0131r&#8217; diyen isimsiniz. \u015eimdiki a\u00e7\u0131l\u0131m\u0131 nas\u0131l de\u011ferlendiriyorsunuz? <\/em><\/strong><\/p>\n<p style=\"text-align: justify;\">Ne s\u00f6ylediysem sahibim. G\u00fcncel mesele konusunda ise halen birtak\u0131m bilgilerin kamuoyuna intikali laz\u0131m ki, bu tart\u0131\u015fmay\u0131 sa\u011fl\u0131kl\u0131 bir bi\u00e7imde yapabilelim. A\u00e7\u0131l\u0131m dedi\u011fi zaman siyasi iktidar ne d\u00fc\u015f\u00fcn\u00fcyor bunu hi\u00e7 s\u00f6ylemedi. Merak edilen s\u00fcre\u00e7 de\u011fildir, programd\u0131r. Cevizin kabu\u011fuyla kimse alakal\u0131 de\u011fil, herkes i\u00e7iyle alakal\u0131. Kabuk var, i\u00e7i \u00e7\u0131kacak.<\/p>\n<p style=\"text-align: justify;\"><strong><em>-H\u00fck\u00fcmet bu a\u00e7\u0131l\u0131m\u0131n ter\u00f6r\u00fc sona erdirip 25 y\u0131ll\u0131k ac\u0131lar\u0131 kapataca\u011f\u0131n\u0131, analar\u0131n g\u00f6zya\u015f\u0131n\u0131 dindirece\u011fini vurguluyor. <\/em><\/strong><\/p>\n<p style=\"text-align: justify;\">Kim istemez ter\u00f6r\u00fcn bitmesini. Ama &#8217;25 y\u0131lda yapmad\u0131lar&#8217; diye \u015fikayet ediyorlarsa -ki ediyorlar- b\u00f6yle bir \u015fey s\u00f6ylendi, \u00e7\u0131kt\u0131. G\u00fczel bir laf, &#8217;25 y\u0131ld\u0131r yap\u0131lmad\u0131, analar a\u011fl\u0131yor&#8217; demek. Dinleyene &#8216;vay ya&#8217; dedirtecek laf da&#8230; Ama biraz d\u00fc\u015f\u00fcn\u00fcrse, &#8216;bu 25 y\u0131l\u0131n 7 sinde bunlar yok muydu?&#8217; der ba\u015fkas\u0131 da. Demesi de laz\u0131m. 25 y\u0131lda yapmad\u0131larsa 7 y\u0131l\u0131nda kendileri var. Yani kendilerinden de \u015fikayet ediyorlar yani. Neden \u015fimdi kendilerinden \u015fikayet ediyorlar. Belki fark\u0131nda de\u011filler. 25 y\u0131l\u0131n faturas\u0131n\u0131 ba\u015fkalar\u0131na \u00e7\u0131karmaya gerek yok. 7 y\u0131l tek parti h\u00fck\u00fcmeti var. Her istediklerini yapma imkanlar\u0131 vard\u0131. \u015eikayet ediliyorsa kendileri de buna dahil olur. Herkes s\u00f6yledi\u011fine dikkat etse iyi olur.<\/p>\n<p style=\"text-align: justify;\"><span style=\"color: #888888;\">&#8211; Utku \u00c7AKIR\u00d6ZER \/ Ak\u015fam &#8211;<\/span><\/p>\n","protected":false},"excerpt":{"rendered":"<p style=\"text-align: center;\">\n<p style=\"text-align: justify;\">Dokuzuncu Cumhurba\u015fkan\u0131 S\u00fcleyman Demirel, K\u00fcrt a\u00e7\u0131l\u0131m\u0131 hakk\u0131nda g\u00f6r\u00fc\u015flerini a\u00e7\u0131klad\u0131.<\/p>\n<p style=\"text-align: justify;\">H\u00fck\u00fcmetin &#8216;K\u00fcrt a\u00e7\u0131l\u0131m\u0131&#8217;n\u0131 en yak\u0131ndan takip eden isimlerden 9. Cumhurba\u015fkan\u0131 Demirel, \u00e7\u00f6z\u00fcms\u00fcz ge\u00e7en 25 y\u0131l\u0131n 7 y\u0131l\u0131nda AKP&#8217;nin oldu\u011funu s\u00f6yledi. Demirel, iktidar\u0131n bu 7 y\u0131lda istediklerini yapma imkan\u0131 oldu\u011funu belirterek &#8216;\u015eikayet ediyorlarsa kendileri de buna dahil olur&#8217; dedi.<\/p>\n<p  \n\n","protected":false},"author":1,"featured_media":0,"comment_status":"open","ping_status":"closed","sticky":false,"template":"","format":"standard","meta":{"footnotes":""},"categories":[105],"tags":[],"class_list":["post-13758","post","type-post","status-publish","format-standard","hentry","category-gundem","odd"],"_links":{"self":[{"href":"http:\/\/www.korhanyilmaz.com\/index.php?rest_route=\/wp\/v2\/posts\/13758","targetHints":{"allow":["GET"]}}],"collection":[{"href":"http:\/\/www.korhanyilmaz.com\/index.php?rest_route=\/wp\/v2\/posts"}],"about":[{"href":"http:\/\/www.korhanyilmaz.com\/index.php?rest_route=\/wp\/v2\/types\/post"}],"author":[{"embeddable":true,"href":"http:\/\/www.korhanyilmaz.com\/index.php?rest_route=\/wp\/v2\/users\/1"}],"replies":[{"embeddable":true,"href":"http:\/\/www.korhanyilmaz.com\/index.php?rest_route=%2Fwp%2Fv2%2Fcomments&post=13758"}],"version-history":[{"count":0,"href":"http:\/\/www.korhanyilmaz.com\/index.php?rest_route=\/wp\/v2\/posts\/13758\/revisions"}],"wp:attachment":[{"href":"http:\/\/www.korhanyilmaz.com\/index.php?rest_route=%2Fwp%2Fv2%2Fmedia&parent=13758"}],"wp:term":[{"taxonomy":"category","embeddable":true,"href":"http:\/\/www.korhanyilmaz.com\/index.php?rest_route=%2Fwp%2Fv2%2Fcategories&post=13758"},{"taxonomy":"post_tag","embeddable":true,"href":"http:\/\/www.korhanyilmaz.com\/index.php?rest_route=%2Fwp%2Fv2%2Ftags&post=13758"}],"curies":[{"name":"wp","href":"https:\/\/api.w.org\/{rel}","templated":true}]}}