{"id":13750,"date":"2009-08-21T19:52:13","date_gmt":"2009-08-21T16:52:13","guid":{"rendered":"http:\/\/www.korhanyilmaz.com\/?p=13750"},"modified":"2009-08-21T19:52:13","modified_gmt":"2009-08-21T16:52:13","slug":"aciklanan-yerler-3-kopru-guzergahi-degil","status":"publish","type":"post","link":"http:\/\/www.korhanyilmaz.com\/?p=13750","title":{"rendered":"&#039;A\u00e7\u0131klanan yerler 3. k\u00f6pr\u00fc g\u00fczergah\u0131 de\u011fil&#039;"},"content":{"rendered":"<p style=\"text-align: center;\"><a href=\"http:\/\/www.korhanyilmaz.com\/wp-content\/uploads\/2009\/08\/220820090036291157373.jpg\"  class=\"lightview\"><img loading=\"lazy\" decoding=\"async\" class=\"aligncenter size-full wp-image-13751\" src=\"http:\/\/www.korhanyilmaz.com\/wp-content\/uploads\/2009\/08\/220820090036291157373.jpg\" alt=\"\" width=\"329\" height=\"210\" \/><\/a><\/p>\n<p style=\"text-align: justify;\">Ba\u015fbakan, CHP \u0130l Ba\u015fkan\u0131 Tekin\u2019in a\u00e7\u0131klad\u0131\u011f\u0131, Topba\u015f\u2019\u0131n da do\u011frulad\u0131\u011f\u0131 Beykoz-Tarabya g\u00fczergah\u0131n\u0131 yalanlad\u0131. Erdo\u011fan: Ba\u015fkan\u0131m ve Ula\u015ft\u0131rma Bakan\u0131mla helikopterle dola\u015f\u0131p karar verece\u011fiz.<\/p>\n<p style=\"text-align: justify;\">Ba\u015fbakan Recep Erdo\u011fan, yap\u0131m\u0131 planlanan 3. Bo\u011faz K\u00f6pr\u00fcs\u00fc\u2019n\u00fcn g\u00fczergah\u0131na ili\u015fkin tart\u0131\u015fmalarla ilgili gazetecilerin sorular\u0131yla kar\u015f\u0131la\u015ft\u0131. CHP \u0130stanbul \u0130l Bkan\u0131 G\u00fcrsel Tekin\u2019\u0131n a\u00e7\u0131klad\u0131\u011f\u0131 ve \u0130stanbul B\u00fcy\u00fck\u015fehir Belediye Ba\u015fkan\u0131 Kadir Topba\u015f\u2019\u0131n da Beykoz- Tarabya g\u00fczergah\u0131 do\u011frulad\u0131\u011f\u0131 durum hakk\u0131nda konu\u015fan Ba\u015fbakan Erdo\u011fan a\u00e7\u0131klanan g\u00fczergah\u0131n do\u011fru olmad\u0131\u011f\u0131n\u0131 s\u00f6yledi. <!--more--><\/p>\n<p style=\"text-align: justify;\"><strong><em>\u2018Rol kapmaktan ba\u015fka bir\u015fey de\u011fil\u2019 <\/em><\/strong><\/p>\n<p style=\"text-align: justify;\">Erdo\u011fan, \u015funlar\u0131 s\u00f6yledi: \u201cA\u00e7\u0131klanan \u015fey \u00fc\u00e7\u00fcnc\u00fc k\u00f6pr\u00fcn\u00fcn g\u00fczergah\u0131 de\u011fil. Biz bunun \u00fczerinde \u00e7al\u0131\u015fmalar\u0131 yap\u0131yoruz. Orada farkl\u0131 bir ka\u00e7 g\u00fczergah var. Nihai \u00e7al\u0131\u015fmam\u0131z\u0131 Ula\u015ft\u0131rma Bakan\u0131m, Belediye Ba\u015fkan\u0131m, ben \u00fc\u00e7l\u00fc olarak bir helikopterle b\u00f6lgeyi dola\u015faca\u011f\u0131z. Dola\u015ft\u0131ktan sonra haz\u0131rlanan alternatifleri de g\u00f6rerek karar\u0131m\u0131z\u0131 verece\u011fiz. Burada malum bir partinin il ba\u015fkan\u0131n\u0131n yapm\u0131\u015f oldu\u011fu a\u00e7\u0131klamalar sadece durumdan vazife \u00e7\u0131karmak veyahutta bir rol kapmaktan \u00f6te bir \u015fey de\u011fil.\u201d<\/p>\n<p style=\"text-align: justify;\"><strong><em>\u2018\u0130stanbul\u2019un ci\u011ferini s\u00f6ker\u2019 <\/em><\/strong><\/p>\n<p style=\"text-align: justify;\"><strong><em>\u2018Marmaray da hesap edilmeden yap\u0131ld\u0131\u2019 <\/em><\/strong><\/p>\n<p style=\"text-align: justify;\">\u0130N\u015eAAT M\u00fchendisleri Odas\u0131 \u0130stanbul \u015eube Ba\u015fkan\u0131 Cemal G\u00f6k\u00e7e Marmaray\u2019\u0131n da yanl\u0131\u015f planland\u0131\u011f\u0131n\u0131 s\u00f6yledi. G\u00f6k\u00e7e, \u201cHesap etmeden yapt\u0131klar\u0131 i\u00e7in Marmaray\u2019\u0131n \u00fc\u00e7 hatt\u0131dan sadece bir hatt\u0131 demiryolu i\u00e7in ayr\u0131ld\u0131. K\u00f6pr\u00fc zaten kendi ba\u015f\u0131na \u0130stanbul\u2019un kuzeyini yani ci\u011ferlerini yerinden s\u00f6kecek. Biz bug\u00fcn nefes al\u0131yorsak, kuzeydeki ormanlardan al\u0131yoruz. Di\u011fer yandan di\u011fer k\u00f6pr\u00fclerde oldu\u011fu gibi, \u00fc\u00e7\u00fcnc\u00fc k\u00f6pr\u00fcye giden her yol kenar\u0131nda bir rant olacak. Tam bir rant d\u00f6n\u00fcyor. Demiryolu \u00fc\u00e7\u00fcnc\u00fc k\u00f6pr\u00fcy\u00fc sempatik g\u00f6r\u00fcnmesi i\u00e7in yapt\u0131lar\u201d dedi.<\/p>\n<p style=\"text-align: justify;\"><span style=\"color: #888888;\">Kaynak : Vatan<\/span><\/p>\n","protected":false},"excerpt":{"rendered":"<p style=\"text-align: center;\">\n<p style=\"text-align: justify;\">Ba\u015fbakan, CHP \u0130l Ba\u015fkan\u0131 Tekin\u2019in a\u00e7\u0131klad\u0131\u011f\u0131, Topba\u015f\u2019\u0131n da do\u011frulad\u0131\u011f\u0131 Beykoz-Tarabya g\u00fczergah\u0131n\u0131 yalanlad\u0131. Erdo\u011fan: Ba\u015fkan\u0131m ve Ula\u015ft\u0131rma Bakan\u0131mla helikopterle dola\u015f\u0131p karar verece\u011fiz.<\/p>\n<p style=\"text-align: justify;\">Ba\u015fbakan Recep Erdo\u011fan, yap\u0131m\u0131 planlanan 3. Bo\u011faz K\u00f6pr\u00fcs\u00fc\u2019n\u00fcn g\u00fczergah\u0131na ili\u015fkin tart\u0131\u015fmalarla ilgili gazetecilerin sorular\u0131yla kar\u015f\u0131la\u015ft\u0131. CHP \u0130stanbul \u0130l Bkan\u0131 G\u00fcrsel Tekin\u2019\u0131n a\u00e7\u0131klad\u0131\u011f\u0131 ve \u0130stanbul B\u00fcy\u00fck\u015fehir Belediye Ba\u015fkan\u0131 <\/p>\n","protected":false},"author":1,"featured_media":0,"comment_status":"open","ping_status":"closed","sticky":false,"template":"","format":"standard","meta":{"footnotes":""},"categories":[105],"tags":[],"class_list":["post-13750","post","type-post","status-publish","format-standard","hentry","category-gundem","odd"],"_links":{"self":[{"href":"http:\/\/www.korhanyilmaz.com\/index.php?rest_route=\/wp\/v2\/posts\/13750","targetHints":{"allow":["GET"]}}],"collection":[{"href":"http:\/\/www.korhanyilmaz.com\/index.php?rest_route=\/wp\/v2\/posts"}],"about":[{"href":"http:\/\/www.korhanyilmaz.com\/index.php?rest_route=\/wp\/v2\/types\/post"}],"author":[{"embeddable":true,"href":"http:\/\/www.korhanyilmaz.com\/index.php?rest_route=\/wp\/v2\/users\/1"}],"replies":[{"embeddable":true,"href":"http:\/\/www.korhanyilmaz.com\/index.php?rest_route=%2Fwp%2Fv2%2Fcomments&post=13750"}],"version-history":[{"count":0,"href":"http:\/\/www.korhanyilmaz.com\/index.php?rest_route=\/wp\/v2\/posts\/13750\/revisions"}],"wp:attachment":[{"href":"http:\/\/www.korhanyilmaz.com\/index.php?rest_route=%2Fwp%2Fv2%2Fmedia&parent=13750"}],"wp:term":[{"taxonomy":"category","embeddable":true,"href":"http:\/\/www.korhanyilmaz.com\/index.php?rest_route=%2Fwp%2Fv2%2Fcategories&post=13750"},{"taxonomy":"post_tag","embeddable":true,"href":"http:\/\/www.korhanyilmaz.com\/index.php?rest_route=%2Fwp%2Fv2%2Ftags&post=13750"}],"curies":[{"name":"wp","href":"https:\/\/api.w.org\/{rel}","templated":true}]}}