{"id":13743,"date":"2009-08-19T13:49:41","date_gmt":"2009-08-19T10:49:41","guid":{"rendered":"http:\/\/www.korhanyilmaz.com\/?p=13743"},"modified":"2009-08-19T13:49:41","modified_gmt":"2009-08-19T10:49:41","slug":"ocalan-ne-demis-buna-bakilir","status":"publish","type":"post","link":"http:\/\/www.korhanyilmaz.com\/?p=13743","title":{"rendered":"&#039;\u00d6calan ne demi\u015f buna bak\u0131l\u0131r&#039;"},"content":{"rendered":"<p style=\"text-align: justify;\"><a href=\"http:\/\/www.korhanyilmaz.com\/wp-content\/uploads\/2009\/08\/bulent-arinc.jpg\"  class=\"lightview\"><img loading=\"lazy\" decoding=\"async\" class=\"aligncenter size-full wp-image-13744\" src=\"http:\/\/www.korhanyilmaz.com\/wp-content\/uploads\/2009\/08\/bulent-arinc.jpg\" alt=\"\" width=\"300\" height=\"225\" \/><\/a><strong><em>Ar\u0131n\u00e7&#8217;tan ilgin\u00e7 de\u011ferlendirme <\/em><\/strong><\/p>\n<p style=\"text-align: justify;\">Devlet Bakan\u0131 ve Ba\u015fbakan Yard\u0131mc\u0131s\u0131 B\u00fclent Ar\u0131n\u00e7, Abdullah \u00d6calan\u00b4\u0131n demokratik a\u00e7\u0131l\u0131ma y\u00f6nelik a\u00e7\u0131klamalar\u0131n\u0131 de\u011ferlendirirken, &#8220;Bizim bu demokratik a\u00e7\u0131l\u0131m projesi i\u00e7erisinde son a\u00e7\u0131klamalar\u0131n\u0131n birbiriyle tam \u00f6rt\u00fc\u015ft\u00fc\u011f\u00fcn\u00fc s\u00f6yleyemem. \u00d6calan buna benzer konu\u015fmalar\u0131 her zaman yap\u0131yor, hatta kitapla\u015ft\u0131rd\u0131. Bizim bu demokratik a\u00e7\u0131l\u0131m\u0131n muhatab\u0131 \u00d6calan de\u011fil&#8221; dedi.<\/p>\n<p style=\"text-align: justify;\">B\u00fclent Ar\u0131n\u00e7, yan\u0131nda e\u015fi M\u00fcnevver Ar\u0131n\u00e7 ile birlikte sivil plakal\u0131 otomobille Antalya\u00b4n\u0131n Korkuteli \u0130l\u00e7esi\u00b4ne geldi. Korkuteli\u00b4nin Alaaddin Mahallesi\u00b4ndeki \u00e7iftlik evinde ya\u015fayan il\u00e7eye ve beldelerine \u00e7ok say\u0131da cami yapt\u0131ran hay\u0131rsever Osman Zeki \u015eekerci\u00b4yi evinde ziyaret eden Ar\u0131n\u00e7, gazetecilerin g\u00fcndeme ili\u015fkin sorular\u0131n\u0131 yan\u0131tlad\u0131. <!--more--><\/p>\n<p style=\"text-align: justify;\">B\u00fclent Ar\u0131n\u00e7, demokratik a\u00e7\u0131l\u0131m \u00e7er\u00e7evesinde Abdullah \u00d6calan\u00b4\u0131n yapt\u0131\u011f\u0131 a\u00e7\u0131klamalarla ilgili soruyu yan\u0131tlarken \u015funlar\u0131 s\u00f6yledi:<\/p>\n<p style=\"text-align: justify;\">&#8220;\u0130mral\u0131 h\u00fck\u00fcml\u00fcs\u00fc Abdullah \u00d6calan&#8217;\u0131n zaman zaman avukatlar\u0131 arac\u0131l\u0131\u011f\u0131 ile zaman zaman internet sitelerinde d\u00fc\u015fen haberlerde bir \u015feyler s\u00f6yledi\u011fini, mesajlar verdi\u011fini, belki kendi yanda\u015flar\u0131na belki kamuoyuna bir \u015feyler duyurmak istedi\u011fini hepimiz biliyoruz. Son a\u00e7\u0131klamalar\u0131 denilen internet sitelerinde haber olan birka\u00e7 konuyu hep beraber izledik. Bunlar\u0131 yorumlamak durumunda de\u011filim. \u0130\u00e7erideki h\u00fck\u00fcml\u00fcl\u00fc\u011f\u00fc 10 y\u0131l\u0131 buldu. 10 y\u0131ldan bu yana bu ve buna benzer zaman zaman a\u00e7\u0131klamalar\u0131 oldu. Bunlar gerekli merciler taraf\u0131ndan de\u011ferlendirilir. Ancak T\u00fcrkiye&#8217;de biliyorsunuz, kamuoyunda da b\u00fcy\u00fck bir heyecanla kar\u015f\u0131lanan demokratik a\u00e7\u0131l\u0131m projesi var. Bu proje sebebiyle \u0130\u00e7i\u015fleri Bakan\u0131m\u0131z da, hem siyasi partilerimizde hem de sivil toplum \u00f6rg\u00fctlerimizle, d\u00fc\u015f\u00fcn\u00fcrlerle kalem tutar insanlarla, fikir adamlar\u0131yla her zaman da bulu\u015fup g\u00f6r\u00fc\u015f\u00fcyor. Biz T\u00fcrkiye&#8217;de toplumsal bar\u0131\u015f\u0131 kurabilecek, ter\u00f6r\u00fc sona erdirecek, karde\u015f kavgas\u0131n\u0131 \u00f6nleyecek, g\u00f6zya\u015f\u0131 akmas\u0131n\u0131, annelerin \u00fcz\u00fclmesini \u00f6nleyecek bir toplumsal bar\u0131\u015f projesini nas\u0131l hayata ge\u00e7irebiliriz, onun m\u00fccadelesini veriyoruz.&#8221;<\/p>\n<p style=\"text-align: justify;\"><strong>A\u00c7ILIM DALGA DALGA YAYILIYOR <\/strong><\/p>\n<p style=\"text-align: justify;\">Demokratik a\u00e7\u0131l\u0131m projesi \u00e7er\u00e7evesinde toplumun her kesimiyle g\u00f6r\u00fc\u015ft\u00fcklerini anlatan B\u00fclent Ar\u0131n\u00e7, &#8220;Bu diyalog daha da geli\u015ftirilecek. Biz bu demokratik a\u00e7\u0131l\u0131m projesi i\u00e7erisinde sayabilece\u011fimiz b\u00fcy\u00fck bir etkinli\u011fi de B\u00fcy\u00fckada&#8217;da, \u00fclkemizde ya\u015fayan, her biri T\u00fcrk vatanda\u015f\u0131 olan, az\u0131nl\u0131k temsilcileri ve gayri m\u00fcslim unsurlar\u0131n temsilcileriyle beraberdik. Orada da \u00fclkemizde ge\u00e7mi\u015fte oldu\u011fu gibi bar\u0131\u015f ve huzur i\u00e7inde nas\u0131l ya\u015fayabiliriz, ileriye do\u011fru nas\u0131l bir ad\u0131m atabiliriz bunun aray\u0131\u015f\u0131 i\u00e7inde olduk. O temaslar\u0131m\u0131zdan da fevkalade memnunuz. Lozan Anla\u015fmas\u0131 ile T\u00fcrkiye&#8217;de varl\u0131klar\u0131 kabul edilmi\u015f az\u0131nl\u0131klar\u0131n temsilcilikleri varsa onlar\u0131n talepleri ve sorunlar\u0131na ve hatta \u00f6nerilerini almak bizim i\u00e7in \u00e7ok \u00f6nemliydi. Bu demokratik a\u00e7\u0131l\u0131m dalga dalga yay\u0131l\u0131yor&#8221; diye konu\u015ftu.<\/p>\n<p style=\"text-align: justify;\"><strong>&#8220;\u00d6CALAN NE DEM\u0130\u015e ONA BAKILIR&#8221; <\/strong><\/p>\n<p style=\"text-align: justify;\">Baz\u0131 muhalefet partilerinin demokratik a\u00e7\u0131l\u0131ma tepki g\u00f6sterdi\u011fini belirten B\u00fclent Ar\u0131n\u00e7, \u015funlar\u0131 kaydetti:<\/p>\n<p style=\"text-align: justify;\">&#8220;Baz\u0131 muhalefet liderleri Baykal ve Bah\u00e7eli olmak \u00fczere bu a\u00e7\u0131l\u0131ma kar\u015f\u0131 olduklar\u0131n\u0131 ifade ediyorlar. Bu konuda hi\u00e7bir tart\u0131\u015fmay\u0131 hatta g\u00f6r\u00fc\u015fmeyi kabul etmiyorlar. Ama g\u00f6receksiniz toplumsal bask\u0131 ve kendi siyasi partilerinin de bu konudaki talepleriyle de onlarla da bu konuda g\u00f6r\u00fc\u015fmek durumunda kalaca\u011f\u0131z. Bunu arzu ediyoruz. Onlar\u0131n da T\u00fcrkiye&#8217;nin en \u00f6nemli sorunu konusunda s\u00f6yleyecekleri mutlaka vard\u0131r. Ve b\u00f6ylece y\u0131l sonuna kadar rahatl\u0131kla de\u011ferlendirebilece\u011fimiz g\u00fc\u00e7l\u00fc ad\u0131mlarla ilerleyece\u011fimiz, g\u00fc\u00e7l\u00fc ad\u0131mlarla da amac\u0131m\u0131za ula\u015faca\u011f\u0131m\u0131z bu projenin program\u0131n s\u00fcrecin takip\u00e7isiyiz. Bu konuda \u00d6calan ne demi\u015f, ona bak\u0131l\u0131r, siyasi a\u00e7\u0131dan da ter\u00f6r a\u00e7\u0131s\u0131ndan da. Yine toplumda Milli G\u00fcvenlik Kurulu g\u00fcndem toplant\u0131s\u0131nda Emniyet\u00b4in, Genelkurmay\u00b4\u0131n ve M\u0130T&#8217;in kendi istihbaratlar\u0131ndan bir anlam \u00e7\u0131kar\u0131l\u0131r. Bu anlam yorumlan\u0131r, ona g\u00f6re hareket edilir.&#8221;<\/p>\n<p style=\"text-align: justify;\">Abdullah \u00d6calan\u00b4\u0131n son a\u00e7\u0131klamalar\u0131n\u0131n demokratik a\u00e7\u0131l\u0131m projesiyle \u00f6rt\u00fc\u015fmedi\u011fini anlatan B\u00fclent Ar\u0131n\u00e7, &#8220;Bizim bu demokratik a\u00e7\u0131l\u0131m projesi i\u00e7erisinde son a\u00e7\u0131klamalar\u0131n\u0131n birbiriyle tam \u00f6rt\u00fc\u015ft\u00fc\u011f\u00fcn\u00fc s\u00f6yleyemem. \u00d6calan buna benzer konu\u015fmalar\u0131 her zaman yap\u0131yor, hatta kitapla\u015ft\u0131rd\u0131. Bizim bu demokratik a\u00e7\u0131l\u0131m\u0131n muhatab\u0131 \u00d6calan de\u011fil. Biz millete y\u00f6nelik, milleti muhatap ald\u0131\u011f\u0131m\u0131z, devletin t\u00fcm organlar\u0131n\u0131n birlikte sahiplenece\u011fi bar\u0131\u015f projesinin i\u00e7erisindeyiz. Bir uzla\u015fma toplumsal bar\u0131\u015f projesinin i\u00e7erisindeyiz. Burada \u00d6calan&#8217;\u0131n s\u00f6yledikleriyle s\u00f6ylemedikleriyle tak\u0131l\u0131p kalmak durumunda de\u011filiz. Birileri bunu \u00e7ok \u00f6nemseyebilir. Biz kendi projemize kendi yolumuza daha \u00e7ok \u00f6nem veriyoruz&#8221; \u015feklinde konu\u015ftu.<\/p>\n<p style=\"text-align: justify;\"><strong><span style=\"color: #888888;\">&#8220;BA\u015eKA ANNEN\u0130N G\u00d6ZYA\u015eI AKMAYACAK&#8221; <\/span><\/strong><\/p>\n<p style=\"text-align: justify;\">Toplumun b\u00fct\u00fcn kesimlerinde ayr\u0131 ayr\u0131 hassasiyetler oldu\u011funa dikkat \u00e7eken Ar\u0131n\u00e7, &#8220;Evlatlar\u0131n\u0131 ter\u00f6re \u015fehit vermi\u015f annelerin \u0131zd\u0131rab\u0131n\u0131 anlamak elbette \u00e7ok kolayd\u0131r. Ama onlar b\u00fct\u00fcn milletimizin \u015fehitleridir. Anneleri babalar\u0131 kadar hepimiz \u00fcz\u00fcnt\u00fcl\u00fcy\u00fcz. Ben inan\u0131yorum ki o anneler o babalar kendi \u00e7ocuklar\u0131 gibi ba\u015fka \u00e7ocuklar\u0131n da cenazeleri gelmesin, ba\u015fka anneler a\u011flamas\u0131n, ocaklar s\u00f6nmesin diye dua ediyorlar. Bizim projemizin anlam\u0131 budur. \u015eehit annelerinin \u015fehit babalar\u0131n\u0131n elbette duyarl\u0131l\u0131klar\u0131n\u0131 ba\u015f\u0131m\u0131z\u0131n \u00fczerinde ta\u015f\u0131r\u0131z. G\u00f6recekler ve inananacaklar ki bu y\u00fcr\u00fctt\u00fc\u011f\u00fcm\u00fcz proje ba\u015far\u0131ya ula\u015f\u0131rsa art\u0131k ba\u015fka hi\u00e7bir annenin g\u00f6zya\u015f\u0131 akmayacakt\u0131r&#8221; diye konu\u015ftu.<\/p>\n<p style=\"text-align: justify;\">Ev sahibi Osman Zeki \u015eekerci, a\u00e7\u0131klaman\u0131n ard\u0131ndan B\u00fclent Ar\u0131n\u00e7 ve e\u015fine bah\u00e7esinde yeti\u015fen \u015feftali, kay\u0131s\u0131 ile tatl\u0131 ikram etti. Ziyaret daha sonra bas\u0131n mensuplar\u0131na kapat\u0131ld\u0131.<\/p>\n<p style=\"text-align: justify;\"><span style=\"color: #888888;\">Kaynak : Vatan<\/span><\/p>\n","protected":false},"excerpt":{"rendered":"<p style=\"text-align: justify;\">Ar\u0131n\u00e7&#8217;tan ilgin\u00e7 de\u011ferlendirme <\/p>\n<p style=\"text-align: justify;\">Devlet Bakan\u0131 ve Ba\u015fbakan Yard\u0131mc\u0131s\u0131 B\u00fclent Ar\u0131n\u00e7, Abdullah \u00d6calan\u00b4\u0131n demokratik a\u00e7\u0131l\u0131ma y\u00f6nelik a\u00e7\u0131klamalar\u0131n\u0131 de\u011ferlendirirken, &#8220;Bizim bu demokratik a\u00e7\u0131l\u0131m projesi i\u00e7erisinde son a\u00e7\u0131klamalar\u0131n\u0131n birbiriyle tam \u00f6rt\u00fc\u015ft\u00fc\u011f\u00fcn\u00fc s\u00f6yleyemem. \u00d6calan buna benzer konu\u015fmalar\u0131 her zaman yap\u0131yor, hatta kitapla\u015ft\u0131rd\u0131. Bizim bu demokratik a\u00e7\u0131l\u0131m\u0131n muhatab\u0131 \u00d6calan de\u011fil&#8221; dedi.<\/p>\n<p style=\"text-align: justify;\">B\u00fclent Ar\u0131n\u00e7, <\/p>\n","protected":false},"author":1,"featured_media":0,"comment_status":"open","ping_status":"closed","sticky":false,"template":"","format":"standard","meta":{"footnotes":""},"categories":[105],"tags":[],"class_list":["post-13743","post","type-post","status-publish","format-standard","hentry","category-gundem","odd"],"_links":{"self":[{"href":"http:\/\/www.korhanyilmaz.com\/index.php?rest_route=\/wp\/v2\/posts\/13743","targetHints":{"allow":["GET"]}}],"collection":[{"href":"http:\/\/www.korhanyilmaz.com\/index.php?rest_route=\/wp\/v2\/posts"}],"about":[{"href":"http:\/\/www.korhanyilmaz.com\/index.php?rest_route=\/wp\/v2\/types\/post"}],"author":[{"embeddable":true,"href":"http:\/\/www.korhanyilmaz.com\/index.php?rest_route=\/wp\/v2\/users\/1"}],"replies":[{"embeddable":true,"href":"http:\/\/www.korhanyilmaz.com\/index.php?rest_route=%2Fwp%2Fv2%2Fcomments&post=13743"}],"version-history":[{"count":0,"href":"http:\/\/www.korhanyilmaz.com\/index.php?rest_route=\/wp\/v2\/posts\/13743\/revisions"}],"wp:attachment":[{"href":"http:\/\/www.korhanyilmaz.com\/index.php?rest_route=%2Fwp%2Fv2%2Fmedia&parent=13743"}],"wp:term":[{"taxonomy":"category","embeddable":true,"href":"http:\/\/www.korhanyilmaz.com\/index.php?rest_route=%2Fwp%2Fv2%2Fcategories&post=13743"},{"taxonomy":"post_tag","embeddable":true,"href":"http:\/\/www.korhanyilmaz.com\/index.php?rest_route=%2Fwp%2Fv2%2Ftags&post=13743"}],"curies":[{"name":"wp","href":"https:\/\/api.w.org\/{rel}","templated":true}]}}