{"id":13735,"date":"2009-08-19T12:19:04","date_gmt":"2009-08-19T09:19:04","guid":{"rendered":"http:\/\/www.korhanyilmaz.com\/?p=13735"},"modified":"2009-08-19T12:19:04","modified_gmt":"2009-08-19T09:19:04","slug":"teror-davasina-mit-de-dahil-oldu","status":"publish","type":"post","link":"http:\/\/www.korhanyilmaz.com\/?p=13735","title":{"rendered":"Ter\u00f6r davas\u0131na M\u0130T de dahil oldu"},"content":{"rendered":"<p style=\"text-align: justify;\"><a href=\"http:\/\/www.korhanyilmaz.com\/wp-content\/uploads\/2009\/08\/mit.jpg\"  class=\"lightview\"><img loading=\"lazy\" decoding=\"async\" class=\"size-full wp-image-13736 aligncenter\" src=\"http:\/\/www.korhanyilmaz.com\/wp-content\/uploads\/2009\/08\/mit.jpg\" alt=\"\" width=\"329\" height=\"210\" \/><\/a><\/p>\n<p style=\"text-align: justify;\">Almanya&#8217;daki ter\u00f6r davas\u0131na T\u00fcrk istihbarat servisi M\u0130T resmen dahil oldu&#8230;<\/p>\n<p style=\"text-align: justify;\">2007 y\u0131l\u0131nda yap\u0131lan bask\u0131nda g\u00f6z alt\u0131na al\u0131nan ve Almanya&#8217;n\u0131n en b\u00fcy\u00fck ter\u00f6r sald\u0131r\u0131s\u0131n\u0131 yapmay\u0131 planlayan T\u00fcrk eylemcilerin mahkemede, &#8220;Bize bombalar i\u00e7in f\u00fcnyeyi T\u00fcrk istihbarat\u0131 ile ba\u011flant\u0131l\u0131 olan Mevl\u00fct K. verdi&#8221; ifadesi \u00fczerine alman makamlar harekete ge\u00e7ti.<\/p>\n<p style=\"text-align: justify;\">M\u0130Tt&#8217;e Mevl\u00fct K&#8217;n\u0131n durumu resmi kanallardan soruldu. Der Spiegel&#8217;in iddias\u0131na g\u00f6re M\u0130T, &#8220;2002 y\u0131l\u0131na kadar bizim haber eleman\u0131m\u0131zd\u0131 ancak daha sonra herhangi bir ba\u011flant\u0131m\u0131z olmad\u0131&#8221; bilgisini g\u00f6nderdi. <!--more--><\/p>\n<p style=\"text-align: justify;\">Buna ra\u011fmen iddialar\u0131 ciddi bulan alman yarg\u0131s\u0131, Mevl\u00fct K&#8217;n\u0131n yakalan\u0131p Almanya&#8217;da yarg\u0131lanmak \u00fczere kendilerine teslim edilmesi i\u00e7in uluslararas\u0131 yakalama karar\u0131 (k\u0131rm\u0131z\u0131 b\u00fclten) \u00e7\u0131kard\u0131.<\/p>\n<p style=\"text-align: justify;\">Almanya do\u011fumlu Mevl\u00fct K&#8217;n\u0131n kay\u0131plara kar\u0131\u015ft\u0131\u011f\u0131, T\u00fcrkiye&#8217;ye ka\u00e7m\u0131\u015f olabilece\u011fi belirtiliyor.<\/p>\n<p style=\"text-align: justify;\">San\u0131klardan Atilla Selek, bin sayfay\u0131 a\u015fan ifadesinde Mevl\u00fct K. adl\u0131 bir ki\u015fiden s\u00f6z ediyor. Sauerland ter\u00f6r h\u00fccresiyle Amerikan Merkezi Haberalma Te\u015fkilat\u0131 CIA ve T\u00fcrk \u0130stihbarat Te\u015fkilat\u0131 M\u0130T aras\u0131ndaki ba\u011flant\u0131y\u0131 Mevl\u00fct K.&#8217;n\u0131n kurdu\u011funu \u00f6ne s\u00fcren ter\u00f6r zanl\u0131s\u0131 Selek, s\u00f6z konusu ki\u015finin M\u0130T&#8217;in &#8220;k\u00f6stebe\u011fi&#8221; oldu\u011funa savunuyor. \u0130stanbul&#8217;da planlanan sald\u0131r\u0131da kullan\u0131lacak patlay\u0131c\u0131 maddelerin, ter\u00f6r h\u00fccresinin lideri Alman Fritz Gelowicz&#8217;e temin eden ki\u015finin Mevl\u00fct K. oldu\u011funu ileri s\u00fcren Atilla Selek, s\u00f6z konusu ki\u015finin, h\u00fccre toplant\u0131lar\u0131ndan zaman zaman ayr\u0131l\u0131p, birka\u00e7 saat sonra yeni bilgilerle geldi\u011fini de kaydediyor. &#8220;Hatta bir defas\u0131nda Alman polisinin \u0130slamc\u0131 bir grubu arad\u0131\u011f\u0131n\u0131, \u015f\u00fcpheliler listesinde benim de ad\u0131m\u0131n bulundu\u011funu bildirdi&#8221; diyen Selek ifadesini &#8220;Mevl\u00fct K.&#8217;ya bu bilgilerin kayna\u011f\u0131n\u0131 sordu\u011fumuzda, &#8216;Alman istihbarat\u0131ndan \u00e7ald\u0131m&#8217; cevab\u0131n\u0131 verdi \u015feklinde s\u00fcrd\u00fcr\u00fcyor. Almanya&#8217;n\u0131n Ludwigshafen kentinde do\u011fan Mevl\u00fct K. hakk\u0131nda Federal Savc\u0131l\u0131k taraf\u0131ndan tutuklama karar\u0131 \u00e7\u0131kar\u0131ld\u0131. S\u00f6z konusu ki\u015finin \u015fu anda kay\u0131plara kar\u0131\u015ft\u0131\u011f\u0131 bildiriliyor.<\/p>\n<p style=\"text-align: justify;\">&#8220;Der Spiegel&#8221; konuyu bir ad\u0131m daha ileri g\u00f6t\u00fcr\u00fcyor ve Almanya&#8217;n\u0131n bilgi talebine gayriresmi bir cevap geldi\u011fini iddia ediyor. Buna g\u00f6re Milli \u0130stihbarat Te\u015fkilat\u0131, ad\u0131 ge\u00e7en Mevl\u00fct K.&#8217;n\u0131n 2002 y\u0131l\u0131na kadar T\u00fcrk \u0130stihbarat\u0131 ad\u0131na &#8220;ba\u011flant\u0131 adam\u0131&#8221; olarak \u00e7al\u0131\u015ft\u0131\u011f\u0131n\u0131 gayriresmi olarak do\u011frulad\u0131. Ancak M\u0130T, \u0130stanbul&#8217;da planlanan sald\u0131r\u0131larda kullan\u0131lacak patlay\u0131c\u0131lar\u0131 temin etti\u011fi iddia edilen zaman diliminde, Mevl\u00fct K.&#8217;n\u0131n M\u0130T&#8217;le herhangi bir ba\u011f\u0131n\u0131n bulunmad\u0131\u011f\u0131n\u0131 da vurgulad\u0131. Sauerland Grubu, 2007 y\u0131l\u0131nda yap\u0131lan operasyonlarla g\u00fcn \u0131\u015f\u0131\u011f\u0131na \u00e7\u0131kar\u0131ld\u0131.<\/p>\n<p style=\"text-align: justify;\"><span style=\"color: #888888;\">Kaynak : Vatan<\/span><\/p>\n","protected":false},"excerpt":{"rendered":"<p style=\"text-align: justify;\">\n<p style=\"text-align: justify;\">Almanya&#8217;daki ter\u00f6r davas\u0131na T\u00fcrk istihbarat servisi M\u0130T resmen dahil oldu&#8230;<\/p>\n<p style=\"text-align: justify;\">2007 y\u0131l\u0131nda yap\u0131lan bask\u0131nda g\u00f6z alt\u0131na al\u0131nan ve Almanya&#8217;n\u0131n en b\u00fcy\u00fck ter\u00f6r sald\u0131r\u0131s\u0131n\u0131 yapmay\u0131 planlayan T\u00fcrk eylemcilerin mahkemede, &#8220;Bize bombalar i\u00e7in f\u00fcnyeyi T\u00fcrk istihbarat\u0131 ile ba\u011flant\u0131l\u0131 olan Mevl\u00fct K. verdi&#8221; ifadesi \u00fczerine alman makamlar harekete ge\u00e7ti.<\/p>\n<p style=\"text-align:  \n\n","protected":false},"author":1,"featured_media":0,"comment_status":"open","ping_status":"closed","sticky":false,"template":"","format":"standard","meta":{"footnotes":""},"categories":[3],"tags":[],"class_list":["post-13735","post","type-post","status-publish","format-standard","hentry","category-dunya","odd"],"_links":{"self":[{"href":"http:\/\/www.korhanyilmaz.com\/index.php?rest_route=\/wp\/v2\/posts\/13735","targetHints":{"allow":["GET"]}}],"collection":[{"href":"http:\/\/www.korhanyilmaz.com\/index.php?rest_route=\/wp\/v2\/posts"}],"about":[{"href":"http:\/\/www.korhanyilmaz.com\/index.php?rest_route=\/wp\/v2\/types\/post"}],"author":[{"embeddable":true,"href":"http:\/\/www.korhanyilmaz.com\/index.php?rest_route=\/wp\/v2\/users\/1"}],"replies":[{"embeddable":true,"href":"http:\/\/www.korhanyilmaz.com\/index.php?rest_route=%2Fwp%2Fv2%2Fcomments&post=13735"}],"version-history":[{"count":0,"href":"http:\/\/www.korhanyilmaz.com\/index.php?rest_route=\/wp\/v2\/posts\/13735\/revisions"}],"wp:attachment":[{"href":"http:\/\/www.korhanyilmaz.com\/index.php?rest_route=%2Fwp%2Fv2%2Fmedia&parent=13735"}],"wp:term":[{"taxonomy":"category","embeddable":true,"href":"http:\/\/www.korhanyilmaz.com\/index.php?rest_route=%2Fwp%2Fv2%2Fcategories&post=13735"},{"taxonomy":"post_tag","embeddable":true,"href":"http:\/\/www.korhanyilmaz.com\/index.php?rest_route=%2Fwp%2Fv2%2Ftags&post=13735"}],"curies":[{"name":"wp","href":"https:\/\/api.w.org\/{rel}","templated":true}]}}