{"id":13729,"date":"2009-08-19T09:12:09","date_gmt":"2009-08-19T06:12:09","guid":{"rendered":"http:\/\/www.korhanyilmaz.com\/?p=13729"},"modified":"2009-08-19T09:12:09","modified_gmt":"2009-08-19T06:12:09","slug":"ayla-erduran-konser-sirasinda-bayildi","status":"publish","type":"post","link":"http:\/\/www.korhanyilmaz.com\/?p=13729","title":{"rendered":"Ayla Erduran konser s\u0131ras\u0131nda bay\u0131ld\u0131"},"content":{"rendered":"<p style=\"text-align: center;\"><a href=\"http:\/\/www.korhanyilmaz.com\/wp-content\/uploads\/2009\/08\/ayla_erduran.Jpeg\"  class=\"lightview\"><img loading=\"lazy\" decoding=\"async\" class=\"size-full wp-image-13730 aligncenter\" src=\"http:\/\/www.korhanyilmaz.com\/wp-content\/uploads\/2009\/08\/ayla_erduran.Jpeg\" alt=\"\" width=\"306\" height=\"204\" \/><\/a><\/p>\n<p style=\"text-align: justify;\">Topkap\u0131 Saray\u0131&#8217;nda konserler olays\u0131z ge\u00e7miyor.<\/p>\n<p style=\"text-align: justify;\">\u0130STANBUL &#8211; Gerilimli bir bekleyi\u015fin ve onca tart\u0131\u015fman\u0131n ard\u0131ndan d\u00fcn gece ger\u00e7ekle\u015fen Topkap\u0131 Saray Konserleri\u2019nin ikincisi, T\u00fcrkiye\u2019nin en tan\u0131nm\u0131\u015f keman sanat\u00e7\u0131lar\u0131ndan Ayla Erduran\u2019\u0131n fenala\u015f\u0131p sahneyi sedyeyle terk etmesi \u00fczerine buruk bitti.<\/p>\n<p style=\"text-align: justify;\">Ge\u00e7en ayki \u0130dil Biret konseri s\u0131ras\u0131nda Alperen Ocaklar\u0131\u2019ndan bir grubun d\u00fczenledi\u011fi protesto epey tart\u0131\u015f\u0131lm\u0131\u015ft\u0131. Vakit gazetesinin hedef g\u00f6steren yay\u0131nlar\u0131na devam etmesi \u00fczerine ikinci konser de gerilimli bir s\u00fcrecin ard\u0131ndan ba\u015flad\u0131. Topkap\u0131 Saray\u0131\u2019n\u0131n etraf\u0131nda geni\u015f g\u00fcvenlik \u00f6nlemleri al\u0131nm\u0131\u015ft\u0131. Y\u00fczlerce metreden itibaren izleyiciler polis kontrol\u00fcnden ge\u00e7erek konser alan\u0131na al\u0131nd\u0131lar. Giri\u015fte, isteyenlerin alkoll\u00fc i\u00e7ki alabildikleri bir b\u00fcfe kurulmu\u015ftu. Gecenin DJ\u2019li\u011fini bizzat organizat\u00f6r Hakan Erdo\u011fan \u00fcstlenmi\u015fti ve i\u00e7inde Zeki M\u00fcren \u015fark\u0131lar\u0131n\u0131n da oldu\u011fu m\u00fczikler \u00e7ald\u0131. Aralar\u0131nda yabanc\u0131 bas\u0131n mensuplar\u0131n\u0131n da oldu\u011fu \u00e7ok say\u0131da gazetecinin izledi\u011fi konser b\u00f6ylece olays\u0131z, sakin bir ortamda ba\u015flad\u0131.<!--more--><\/p>\n<p style=\"text-align: justify;\">\u015eef Cem Mansur y\u00f6netimindeki Ulusal Gen\u00e7lik Orkestras\u0131\u2019n\u0131n birka\u00e7 eser seslendirmesinin ard\u0131ndan solist Ayla Erduran sahneye \u00e7\u0131kt\u0131. Sahnedeki karizmatik varl\u0131\u011f\u0131yla birlikte Ayla Erduran\u2019\u0131n a\u011f\u0131r hareketleri de dikkat \u00e7ekiyordu. Konserin ba\u015flamas\u0131ndan yakla\u015f\u0131k yar\u0131m saat kadar sonra Erduran\u2019\u0131n yere d\u00fc\u015ft\u00fc\u011f\u00fc g\u00f6r\u00fcld\u00fc. Erduran\u2019\u0131n d\u00fc\u015fmesinin arard\u0131ndan Cem Mansur, e\u011filip Erduran\u2019\u0131n kula\u011f\u0131na \u201cAyla Han\u0131m ara verelim isterseniz\u201d dediyse de Ayla Erduran, \u201cAnlam\u0131yorum,\u201d diye cevaplad\u0131 ve aya\u011fa kalkt\u0131. Erduran keman\u0131n\u0131 al\u0131p \u00e7almaya devam etti. Ancak \u00e7ok k\u0131sa bir s\u00fcre sonra tekrar yere y\u0131\u011f\u0131ld\u0131. Bunun \u00fczerine t\u00fcm seyirciler aya\u011fa kalk\u0131p Ayla Erduna\u2019a destek vermek \u00fczere sanat\u00e7\u0131y\u0131 alk\u0131\u015flamaya ba\u015flad\u0131lar.<\/p>\n<p style=\"text-align: justify;\">\u2018L\u00fctfen \u00e7almas\u0131na izin vermeyin\u2019Seyircilerin aras\u0131ndan ko\u015fan bir hekim Erduran\u2019a ilk m\u00fcdahaleyi yapt\u0131. Erduran, kalk\u0131p konsere devam etmek istiyordu. Ancak hekimin de \u015eef Cem Mansur\u2019u \u2018L\u00fctfen \u00e7almas\u0131na izin vermeyin,\u2019 diye uyarmas\u0131 \u00fczerine sanat\u00e7\u0131n\u0131n oldu\u011fu yerde yat\u0131p dinlenmesi sa\u011fland\u0131. Bu arada Prof. \u0130lber Ortayl\u0131\u2019n\u0131n \u2018Neden kap\u0131da ambulans yok!\u2019 diyerek, organizasyonu ele\u015ftirdi\u011fi duyuldu. On be\u015f dakika kadar sonra Topkap\u0131\u2019n\u0131n avlusuna ambulans girmi\u015fti. Seyirciler sandalyeleri toplayarak ambulans\u0131n sahne \u00f6n\u00fcne kadar yakla\u015fmas\u0131n\u0131 sa\u011flad\u0131. Erduran, yine alk\u0131\u015flarla ambulansa konurken kendisi de sedyesinden alk\u0131\u015fla kar\u015f\u0131l\u0131k verdi. Ard\u0131ndan bir a\u00e7\u0131klama yapan Hakan Erdo\u011fan, \u201cHepimizi \u00fczen bir \u015fey oldu, Ayla Erduran\u2019\u0131n tansiyonu d\u00fc\u015ft\u00fc, konsere kald\u0131\u011f\u0131m\u0131z yerden devam ediyoruz\u201d dedi ve orkestra \u00e7almaya devam etti.<\/p>\n<p style=\"text-align: justify;\">Provalar s\u0131ras\u0131nda da s\u0131k\u0131nt\u0131l\u0131 oldu\u011fu \u00f6\u011frenilen Ayla Erduran, Florance Nightingale Hastanesi\u2019ne kald\u0131r\u0131ld\u0131 ve durumunun iyi oldu\u011fu a\u00e7\u0131kland\u0131.<\/p>\n<p style=\"text-align: justify;\"><span style=\"color: #888888;\">\u00d6m\u00fcr \u015eahin &#8211; Radikal<\/span><\/p>\n","protected":false},"excerpt":{"rendered":"<p style=\"text-align: center;\">\n<p style=\"text-align: justify;\">Topkap\u0131 Saray\u0131&#8217;nda konserler olays\u0131z ge\u00e7miyor.<\/p>\n<p style=\"text-align: justify;\">\u0130STANBUL &#8211; Gerilimli bir bekleyi\u015fin ve onca tart\u0131\u015fman\u0131n ard\u0131ndan d\u00fcn gece ger\u00e7ekle\u015fen Topkap\u0131 Saray Konserleri\u2019nin ikincisi, T\u00fcrkiye\u2019nin en tan\u0131nm\u0131\u015f keman sanat\u00e7\u0131lar\u0131ndan Ayla Erduran\u2019\u0131n fenala\u015f\u0131p sahneyi sedyeyle terk etmesi \u00fczerine buruk bitti.<\/p>\n<p style=\"text-align: justify;\">Ge\u00e7en ayki \u0130dil Biret konseri s\u0131ras\u0131nda Alperen Ocaklar\u0131\u2019ndan bir grubun <\/p>\n","protected":false},"author":1,"featured_media":0,"comment_status":"open","ping_status":"closed","sticky":false,"template":"","format":"standard","meta":{"footnotes":""},"categories":[8],"tags":[],"class_list":["post-13729","post","type-post","status-publish","format-standard","hentry","category-kultur-sanat","odd"],"_links":{"self":[{"href":"http:\/\/www.korhanyilmaz.com\/index.php?rest_route=\/wp\/v2\/posts\/13729","targetHints":{"allow":["GET"]}}],"collection":[{"href":"http:\/\/www.korhanyilmaz.com\/index.php?rest_route=\/wp\/v2\/posts"}],"about":[{"href":"http:\/\/www.korhanyilmaz.com\/index.php?rest_route=\/wp\/v2\/types\/post"}],"author":[{"embeddable":true,"href":"http:\/\/www.korhanyilmaz.com\/index.php?rest_route=\/wp\/v2\/users\/1"}],"replies":[{"embeddable":true,"href":"http:\/\/www.korhanyilmaz.com\/index.php?rest_route=%2Fwp%2Fv2%2Fcomments&post=13729"}],"version-history":[{"count":0,"href":"http:\/\/www.korhanyilmaz.com\/index.php?rest_route=\/wp\/v2\/posts\/13729\/revisions"}],"wp:attachment":[{"href":"http:\/\/www.korhanyilmaz.com\/index.php?rest_route=%2Fwp%2Fv2%2Fmedia&parent=13729"}],"wp:term":[{"taxonomy":"category","embeddable":true,"href":"http:\/\/www.korhanyilmaz.com\/index.php?rest_route=%2Fwp%2Fv2%2Fcategories&post=13729"},{"taxonomy":"post_tag","embeddable":true,"href":"http:\/\/www.korhanyilmaz.com\/index.php?rest_route=%2Fwp%2Fv2%2Ftags&post=13729"}],"curies":[{"name":"wp","href":"https:\/\/api.w.org\/{rel}","templated":true}]}}