{"id":13725,"date":"2009-08-19T07:32:06","date_gmt":"2009-08-19T04:32:06","guid":{"rendered":"http:\/\/www.korhanyilmaz.com\/?p=13725"},"modified":"2009-08-19T07:32:06","modified_gmt":"2009-08-19T04:32:06","slug":"imraliyi-unut-muhatap-degil","status":"publish","type":"post","link":"http:\/\/www.korhanyilmaz.com\/?p=13725","title":{"rendered":"&#039;\u0130mral\u0131&#039;y\u0131 unut, muhatap de\u011fil&#039;"},"content":{"rendered":"<p style=\"text-align: center;\"><a href=\"http:\/\/www.korhanyilmaz.com\/wp-content\/uploads\/2009\/08\/abdullah_gul.Jpeg\"  class=\"lightview\"><img loading=\"lazy\" decoding=\"async\" class=\"size-full wp-image-13726 aligncenter\" src=\"http:\/\/www.korhanyilmaz.com\/wp-content\/uploads\/2009\/08\/abdullah_gul.Jpeg\" alt=\"\" width=\"306\" height=\"204\" \/><\/a><\/p>\n<p style=\"text-align: justify;\">Cumhurba\u015fkan\u0131 Abdullah G\u00fcl, Abdullah \u00d6calan&#8217;\u0131n K\u00fcrt sorununun \u00e7\u00f6z\u00fcm\u00fcnde yol haritas\u0131 a\u00e7\u0131klayacak olmas\u0131yla ilgili soru \u00fczerine \u201c\u0130mral\u0131 falan, onlar\u0131 unut. Onlar muhatap de\u011fil\u201d dedi.<\/p>\n<p style=\"text-align: justify;\">D\u0131\u015fi\u015fleri Bakan\u0131 Ahmet Davuto\u011flu\u2019nun D\u0131\u015fi\u015fleri Bakanl\u0131\u011f\u0131 M\u00fcste\u015far\u0131 Ertu\u011frul Apakan\u2019\u0131n T\u00fcrkiye\u2019nin BM Nezdinde Daimi Temsilcili\u011fi\u2019ne atanmas\u0131 nedeniyle verdi\u011fi resepsiyona kat\u0131lan G\u00fcl, gazetecilerin sorular\u0131 \u00fczerine \u00f6zetle \u015fu mesajlar\u0131 verdi:<\/p>\n<p style=\"text-align: justify;\"><strong><em>Muhatap de\u011fil: <\/em><\/strong>(\u201cK\u00fcrt a\u00e7\u0131l\u0131m\u0131 ile ilgili geli\u015fmeler oluyor. \u0130\u00e7i\u015fleri Bakan\u0131\u2019n\u0131n temaslar\u0131 devam ediyor. Bir yandan da \u0130mral\u0131\u2019dan bir yol haritas\u0131&#8230;\u201d sorusu \u00fczerine) \u201c\u0130mral\u0131 falan onlar\u0131 unut, ge\u00e7. Sen soruyu ba\u015fka t\u00fcrl\u00fc sor. Onlar muhatap de\u011fil. T\u00fcrkiye\u2019de bir mesele var. Herkesin kendi meselesini, problemini kendisinin \u00e7\u00f6zmesi gerekir. Bir \u00fclke kendi sorunlar\u0131n\u0131 kendi inisiyatifiyle \u00e7\u00f6zmezse ba\u015fkalar\u0131 g\u00fcn\u00fc gelir daima bunu istismar eder. Vaktiyle de istismar etmi\u015fti.<!--more--><\/p>\n<p style=\"text-align: justify;\"><strong><em>Konjonkt\u00fcr uygun:<\/em><\/strong> Bug\u00fcn de gerek T\u00fcrkiye i\u00e7indeki konjonkt\u00fcr gayet a\u00e7\u0131k, m\u00fcsait. Tart\u0131\u015f\u0131l\u0131yor b\u00fct\u00fcn bu konular a\u00e7\u0131k se\u00e7ik, medenice tart\u0131\u015f\u0131l\u0131yor. Daha da \u00f6nemlisi uluslararas\u0131 konjonkt\u00fcr de \u00e7ok m\u00fcsait. Her zaman m\u00fcsait olmayabilir. Bazen \u00e7ok daha farkl\u0131 da olabilir.<\/p>\n<p style=\"text-align: justify;\"><strong><em>Aidiyeti g\u00fc\u00e7lendirmek: <\/em><\/strong>T\u00fcrkiye b\u00fcy\u00fck bir \u00fclke, medeni bir \u00fclke, demokratik standartlar\u0131n\u0131 y\u00fckseltmek isteyen bir \u00fclke, hedefleri belli olan bir \u00fclke. T\u00fcm bu konular\u0131 cesur bir \u015fekilde \u00e7al\u0131\u015fmak, T\u00fcrkiye\u2019deki b\u00fct\u00fcn vatanda\u015flar\u0131m\u0131z\u0131n birli\u011fini, beraberli\u011fini daha g\u00fc\u00e7lendirmek herkesin vatan\u0131na, \u00fclkesine, T\u00fcrkiye Cumhuriyeti\u2019ne olan aidiyetini daha g\u00fc\u00e7lendirmek y\u00f6n\u00fcnde yap\u0131lacak \u00e7al\u0131\u015fmalar do\u011frudur diye d\u00fc\u015f\u00fcn\u00fcr\u00fcm.<\/p>\n<p style=\"text-align: justify;\"><strong><em>\u00dcniter yap\u0131 g\u00fc\u00e7l\u00fc hale gelmeli:<\/em><\/strong> Yap\u0131lan \u00e7al\u0131\u015fmalar neticesinde T\u00fcrkiye\u2019nin \u00fcniter yap\u0131s\u0131n\u0131n daha g\u00fc\u00e7l\u00fc hale gelmesi gerekir, ileride herhangi bir tehdit olmamas\u0131 gerekir. \u00c7\u00fcnk\u00fc birli\u011fimiz ve beraberli\u011fimiz her \u015feyin \u00f6n\u00fcnde gelir, ama t\u00fcm bunlar\u0131 yaparken de medeni, b\u00fcy\u00fck, g\u00fc\u00e7l\u00fc bir \u00fclkenin \u00f6zg\u00fcveni i\u00e7erisinde hareket etmek gerekir.<\/p>\n<p style=\"text-align: justify;\"><strong><em>MGK\u2019da konu\u015fulur:<\/em><\/strong> (Konunun MGK g\u00fcndemine gelip gelmeyece\u011finin sorulmas\u0131 \u00fczerine) MGK\u2019da T\u00fcrkiye\u2019nin en \u00f6nemli meseleleri konu\u015fulur. T\u00fcrkiye\u2019nin en b\u00fcy\u00fck sorunuysa \u015f\u00fcphesiz MGK\u2019da da bunlar konu\u015fulur. Konu\u015fuluyor da zaten. Biz G\u00fcvenlik Kurulu\u2019nda ne konu\u015fuyoruz? H\u00fck\u00fcmetin T\u00fcrkiye ile ilgili icraatlar\u0131n\u0131 zaten h\u00fck\u00fcmet yap\u0131yor. G\u00fcnl\u00fck T\u00fcrkiye\u2019nin idaresini onlar yap\u0131yor. T\u00fcrkiye\u2019nin \u00f6nemli, h\u00fck\u00fcmet \u00fcst\u00fc meselelerini MGK\u2019da biz hep beraber otururuz, konu\u015furuz.<\/p>\n<p style=\"text-align: justify;\"><strong><em>Muhalefetle g\u00f6r\u00fc\u015f\u00fcr\u00fcm:<\/em><\/strong> (Muhalefet liderleriyle g\u00f6r\u00fc\u015f\u00fcp g\u00f6r\u00fc\u015fmeyece\u011finin sorulmas\u0131 \u00fczerine) Ben daha \u00f6nce g\u00f6r\u00fc\u015ft\u00fcm biliyorsunuz. G\u00fcn\u00fc gelirse tekrar g\u00f6r\u00fc\u015f\u00fclebilir, neden olmas\u0131n.<\/p>\n<p style=\"text-align: justify;\"><span style=\"color: #888888;\">Radikal<\/span><\/p>\n","protected":false},"excerpt":{"rendered":"<p style=\"text-align: center;\">\n<p style=\"text-align: justify;\">Cumhurba\u015fkan\u0131 Abdullah G\u00fcl, Abdullah \u00d6calan&#8217;\u0131n K\u00fcrt sorununun \u00e7\u00f6z\u00fcm\u00fcnde yol haritas\u0131 a\u00e7\u0131klayacak olmas\u0131yla ilgili soru \u00fczerine \u201c\u0130mral\u0131 falan, onlar\u0131 unut. Onlar muhatap de\u011fil\u201d dedi.<\/p>\n<p style=\"text-align: justify;\">D\u0131\u015fi\u015fleri Bakan\u0131 Ahmet Davuto\u011flu\u2019nun D\u0131\u015fi\u015fleri Bakanl\u0131\u011f\u0131 M\u00fcste\u015far\u0131 Ertu\u011frul Apakan\u2019\u0131n T\u00fcrkiye\u2019nin BM Nezdinde Daimi Temsilcili\u011fi\u2019ne atanmas\u0131 nedeniyle verdi\u011fi resepsiyona kat\u0131lan G\u00fcl, gazetecilerin sorular\u0131 \u00fczerine \u00f6zetle \u015fu <\/p>\n","protected":false},"author":1,"featured_media":0,"comment_status":"open","ping_status":"closed","sticky":false,"template":"","format":"standard","meta":{"footnotes":""},"categories":[105],"tags":[],"class_list":["post-13725","post","type-post","status-publish","format-standard","hentry","category-gundem","odd"],"_links":{"self":[{"href":"http:\/\/www.korhanyilmaz.com\/index.php?rest_route=\/wp\/v2\/posts\/13725","targetHints":{"allow":["GET"]}}],"collection":[{"href":"http:\/\/www.korhanyilmaz.com\/index.php?rest_route=\/wp\/v2\/posts"}],"about":[{"href":"http:\/\/www.korhanyilmaz.com\/index.php?rest_route=\/wp\/v2\/types\/post"}],"author":[{"embeddable":true,"href":"http:\/\/www.korhanyilmaz.com\/index.php?rest_route=\/wp\/v2\/users\/1"}],"replies":[{"embeddable":true,"href":"http:\/\/www.korhanyilmaz.com\/index.php?rest_route=%2Fwp%2Fv2%2Fcomments&post=13725"}],"version-history":[{"count":0,"href":"http:\/\/www.korhanyilmaz.com\/index.php?rest_route=\/wp\/v2\/posts\/13725\/revisions"}],"wp:attachment":[{"href":"http:\/\/www.korhanyilmaz.com\/index.php?rest_route=%2Fwp%2Fv2%2Fmedia&parent=13725"}],"wp:term":[{"taxonomy":"category","embeddable":true,"href":"http:\/\/www.korhanyilmaz.com\/index.php?rest_route=%2Fwp%2Fv2%2Fcategories&post=13725"},{"taxonomy":"post_tag","embeddable":true,"href":"http:\/\/www.korhanyilmaz.com\/index.php?rest_route=%2Fwp%2Fv2%2Ftags&post=13725"}],"curies":[{"name":"wp","href":"https:\/\/api.w.org\/{rel}","templated":true}]}}