{"id":13720,"date":"2009-08-19T10:05:47","date_gmt":"2009-08-19T07:05:47","guid":{"rendered":"http:\/\/www.korhanyilmaz.com\/?p=13720"},"modified":"2009-08-19T10:05:47","modified_gmt":"2009-08-19T07:05:47","slug":"abd-istiyor-fethullah-destek-veriyor","status":"publish","type":"post","link":"http:\/\/www.korhanyilmaz.com\/?p=13720","title":{"rendered":"&#8216;ABD istiyor, Fethullah destek veriyor&#8217;"},"content":{"rendered":"<div id=\"attachment_13721\" style=\"width: 91px\" class=\"wp-caption alignleft\"><a href=\"http:\/\/www.korhanyilmaz.com\/wp-content\/uploads\/2009\/08\/oral_calislar.Jpg\"  class=\"lightview\"><img loading=\"lazy\" decoding=\"async\" aria-describedby=\"caption-attachment-13721\" class=\"size-full wp-image-13721\" style=\"margin: 0px 10px;\" title=\"Oral \u00c7al\u0131\u015flar\" src=\"http:\/\/www.korhanyilmaz.com\/wp-content\/uploads\/2009\/08\/oral_calislar.Jpg\" alt=\"oral_calislar\" width=\"81\" height=\"87\" \/><\/a><p id=\"caption-attachment-13721\" class=\"wp-caption-text\">Oral \u00c7al\u0131\u015flar<\/p><\/div>\n<p style=\"text-align: justify;\">\u00dclkemiz solcular\u0131n\u0131n \u00f6nemli bir kesimi, her t\u00fcrl\u00fc sorunu \u2018emperyalizmin oyunu\u2019 \u00fczerinden a\u00e7\u0131klamaya bay\u0131l\u0131rlar. Sevmedikleri ki\u015fileri de \u2018ABD i\u015fbirlik\u00e7isi\u2019 olarak su\u00e7lamak kolaylar\u0131na gelir. H\u00fck\u00fcmetin K\u00fcrt sorununu \u00e7\u00f6zmek amac\u0131yla harekete ge\u00e7mesini de bir ABD oyunu olarak g\u00f6ren solcular, sanki i\u015fin i\u00e7inde ABD olunca mutlaka kar\u015f\u0131 \u00e7\u0131k\u0131lmas\u0131 gerekirmi\u015f gibi bir pozisyon al\u0131yorlar. Tabii bir de buna Abdullah \u00d6calan\u2019\u0131n Fethullah G\u00fclen\u2019le ilgili \u2018olumlu bak\u0131yorum\u2019 a\u00e7\u0131klamas\u0131n\u0131 eklediniz mi, tad\u0131ndan yenmez bir kar\u015f\u0131 \u00e7\u0131kma psikolojisi yarat\u0131lm\u0131\u015f oluyor.<\/p>\n<p style=\"text-align: justify;\">H\u00fck\u00fcmetin harekete ge\u00e7mesinde, ABD\u2019nin ve de Avrupa Birli\u011fi\u2019nin olumlu bir tutum almalar\u0131n\u0131n da etkisi oldu\u011fu kesin. ABD \u00f6n\u00fcm\u00fczdeki y\u0131l Irak\u2019tan \u00e7ekilmeyi planl\u0131yor. Irak\u2019tan \u00e7ekilirken, bu \u00fclkede istikrar\u0131n sa\u011flanmas\u0131 da gerekiyor. B\u00f6yle bir istikrar\u0131n sa\u011flanabilmesi i\u00e7in b\u00f6lge \u00fclkelerinin de bu hedefe uygun hareket etmeleri \u00f6nem kazan\u0131yor. B\u00f6lgenin en istikrarl\u0131 ve g\u00fcvenli \u00fclkesi olarak T\u00fcrkiye\u2019nin bu s\u00fcrece kat\u0131lmas\u0131 ka\u00e7\u0131n\u0131lmaz bir ihtiya\u00e7 olarak \u00f6ne \u00e7\u0131k\u0131yor.<!--more--><\/p>\n<p style=\"text-align: justify;\">Obama\u2019n\u0131n ba\u015fkanl\u0131\u011fa se\u00e7ilmesiyle birlikte ABD\u2019nin b\u00f6lge siyasetlerinde \u00e7ok k\u00f6kl\u00fc bir de\u011fi\u015fiklik oldu. Obama, b\u00f6lgede sava\u015f\u0131 de\u011fil bar\u0131\u015f\u0131 tercih eden bir siyaset izliyor. B\u00f6lgedeki bar\u0131\u015f\u0131n ger\u00e7ekle\u015febilmesi i\u00e7in T\u00fcrkiye\u2019nin K\u00fcrt meselesinin \u00e7\u00f6z\u00fcm\u00fc temel ihtiya\u00e7lardan birisi olarak \u00f6ne \u00e7\u0131k\u0131yor. Silahl\u0131 PKK\u2019n\u0131n varl\u0131\u011f\u0131 bu \u00e7\u00f6z\u00fcm\u00fcn \u00f6n\u00fcndeki temel engellerden birisi. PKK\u2019n\u0131n silahs\u0131zland\u0131r\u0131lmas\u0131 ise, K\u00fcrt sorununun \u00e7\u00f6z\u00fcm\u00fc konusunda at\u0131lacak ilk ad\u0131m say\u0131l\u0131yor.<\/p>\n<p style=\"text-align: justify;\">PKK\u2019n\u0131n da\u011fdan indirilmesiyle, b\u00f6lgesel istikrar aras\u0131nda bire bir ba\u011fdan s\u00f6z edebiliriz. Bu perspektif, ABD\u2019nin b\u00f6lgeye bak\u0131\u015f a\u00e7\u0131s\u0131n\u0131n temelini ifade ediyor ve yeni siyasetlerinin \u00f6z\u00fcn\u00fc olu\u015fturuyor. T\u00fcrkiye ise, 25 y\u0131ld\u0131r b\u00fcy\u00fck ac\u0131lara yol a\u00e7an bu sorundan kurtulmak istiyor. Bug\u00fcne kadar sava\u015ftan beslenenler, bu \u00e7\u00f6z\u00fcm\u00fcn \u00f6n\u00fcne engel olarak \u00e7\u0131k\u0131yorlard\u0131. ABD\u2019nin o d\u00f6nemdeki siyasetleri de PKK\u2019n\u0131n silahl\u0131 varl\u0131\u011f\u0131n\u0131 bir se\u00e7enek olarak de\u011ferlendiriyordu. Bug\u00fcn ise b\u00f6lgedeki istikrar a\u00e7\u0131s\u0131ndan K\u00fcrt sorununun demokratik bir s\u00fcre\u00e7 i\u00e7inde \u00e7\u00f6z\u00fcm\u00fc gerekli g\u00f6r\u00fcl\u00fcyor.<\/p>\n<p style=\"text-align: justify;\">H\u00fck\u00fcmet de K\u00fcrt sorununun \u00e7\u00f6z\u00fcm\u00fcnden yana bir siyaset izledi\u011fi i\u00e7in bu siyasetler \u00f6rt\u00fc\u015f\u00fcyor. Peki bu siyasetlerin \u00f6rt\u00fc\u015fmesi k\u00f6t\u00fc m\u00fc? ABD\u2019nin ve Bat\u0131\u2019n\u0131n K\u00fcrt sorununun demokratik \u00e7\u00f6z\u00fcm\u00fcne ili\u015fkin bir yerde durmu\u015f olmalar\u0131 bug\u00fcn i\u00e7in olumlu bir rol oynuyor. \u0130yi de oluyor.<\/p>\n<p style=\"text-align: justify;\">***<\/p>\n<p style=\"text-align: justify;\">Emperyalizmin \u00e7\u0131karlar\u0131 her zaman \u00e7\u00f6z\u00fcm\u00fcn \u00e7\u0131karlar\u0131yla ters d\u00fc\u015fecek diye bir kural m\u0131 var? Unutmayal\u0131m, Milli M\u00fccadele s\u0131ras\u0131nda Mustafa Kemal \u00f6nderli\u011findeki ekip, \u0130ngilizlerin ve Frans\u0131zlar\u0131n \u00e7\u0131karlar\u0131n\u0131n b\u00f6lgeden \u00e7\u0131kmak ve Anadolu\u2019yu direni\u015f\u00e7ilere terk etmek y\u00f6n\u00fcnde oldu\u011funu g\u00f6rd\u00fc ve sava\u015f\u0131n belli bir a\u015famas\u0131nda de\u011fi\u015fik anla\u015fmalar yaparak yeni Cumhuriyetin topraklar\u0131n\u0131 belirledi ve bar\u0131\u015f\u0131 ger\u00e7ekle\u015ftirdi. Sonu\u00e7 olarak orada da \u00e7\u00f6z\u00fcm i\u00e7in Bat\u0131l\u0131 \u00fclkelerle bir uzla\u015fma s\u00f6z konusuydu. Bu uzla\u015fmadan T\u00fcrkiye halk\u0131 k\u00e2rl\u0131 \u00e7\u0131kt\u0131, bar\u0131\u015fa ula\u015ft\u0131, yeni devlet kuruldu.<\/p>\n<p style=\"text-align: justify;\">\u00dclkemiz sol hareketinin ger\u00e7ekten her k\u00f6t\u00fcl\u00fc\u011f\u00fcn alt\u0131nda emperyalizmi g\u00f6rmesi, bazen en temel ger\u00e7ekleri alg\u0131lamas\u0131na engel oluyor. T\u00fcrkiye\u2019deki K\u00fcrt meselesinin bug\u00fcnk\u00fc hale gelmesinde sadece Bat\u0131l\u0131lar\u0131n sorumlu oldu\u011funu s\u00f6yleyerek kendimizi rahatlatabiliriz ama as\u0131l ger\u00e7e\u011fi anlamad\u0131\u011f\u0131m\u0131z i\u00e7in \u00e7\u00f6z\u00fcm de \u00fcretemeyiz.<\/p>\n<p style=\"text-align: justify;\">On y\u0131llarca \u2018K\u00fcrt yoktur, onlar T\u00fcrk\u2019t\u00fcr\u2019 diyenler bu \u00fclkenin milliyet\u00e7ileri de\u011fil miydi? \u2018K\u00fcrtler T\u00fcrk\u2019t\u00fcr\u2019 diye tez yazan \u00f6\u011fretim \u00fcyesini profes\u00f6r yapan bu \u00fclkenin \u00fcniversiteleri, akademisyenleri de\u011fil miydi?<\/p>\n<p style=\"text-align: justify;\">O profes\u00f6r daha sonra MHP\u2019den milletvekili ve hatta bakan bile oldu. Bunlar\u0131 da m\u0131 ABD yapt\u0131, ya da yapt\u0131rd\u0131?<\/p>\n<p style=\"text-align: justify;\">Fanatik dindarl\u0131\u011f\u0131n her k\u00f6t\u00fcl\u00fc\u011f\u00fcn alt\u0131nda \u2018\u015feytan\u2019\u0131 ya da \u2018Yahudi\u2019 parma\u011f\u0131n\u0131 g\u00f6ren anlay\u0131\u015f\u0131 ile bir k\u0131s\u0131m solcular\u0131n her k\u00f6t\u00fcl\u00fc\u011f\u00fc \u2018emperyalizm\u2019e ba\u011flayan kolayc\u0131l\u0131\u011f\u0131 aras\u0131nda ciddi bir benzerlik oldu\u011funu s\u00f6yleyebiliriz. Tabii son y\u0131llarda geleneksel milliyet\u00e7ilerle, ulusalc\u0131lar da bu t\u00fcrden bir \u2018emperyalizmle m\u00fccadele\u2019 anlay\u0131\u015f\u0131 \u00fczerinde birle\u015ftiler. Sosyalistlerin \u00f6nemli bir kesimi de onlar\u0131n pe\u015fine tak\u0131ld\u0131.<\/p>\n<p style=\"text-align: justify;\">Hayat ise kendi ger\u00e7ekli\u011fi i\u00e7inde ak\u0131yor.<\/p>\n<p style=\"text-align: justify;\">K\u00fcrt sorunun \u00e7\u00f6z\u00fcm zaman\u0131 geldi\u011fini Ya\u015far (Kemal) a\u011fabey \u015f\u00f6yle bir halk deyimiyle ifade etti: \u2018Vakit eri\u015fti.\u2019<\/p>\n<p style=\"text-align: justify;\"><span style=\"color: #888888;\">Oral \u00c7al\u0131\u015flar &#8211; Radikal<\/span><\/p>\n","protected":false},"excerpt":{"rendered":"<p id=\"caption-attachment-13721\" class=\"wp-caption-text\">Oral \u00c7al\u0131\u015flar<\/p>\n<p style=\"text-align: justify;\">\u00dclkemiz solcular\u0131n\u0131n \u00f6nemli bir kesimi, her t\u00fcrl\u00fc sorunu \u2018emperyalizmin oyunu\u2019 \u00fczerinden a\u00e7\u0131klamaya bay\u0131l\u0131rlar. Sevmedikleri ki\u015fileri de \u2018ABD i\u015fbirlik\u00e7isi\u2019 olarak su\u00e7lamak kolaylar\u0131na gelir. H\u00fck\u00fcmetin K\u00fcrt sorununu \u00e7\u00f6zmek amac\u0131yla harekete ge\u00e7mesini de bir ABD oyunu olarak g\u00f6ren solcular, sanki i\u015fin i\u00e7inde ABD olunca mutlaka kar\u015f\u0131 \u00e7\u0131k\u0131lmas\u0131 gerekirmi\u015f gibi bir pozisyon al\u0131yorlar. <\/p>\n","protected":false},"author":1,"featured_media":0,"comment_status":"open","ping_status":"closed","sticky":false,"template":"","format":"standard","meta":{"footnotes":""},"categories":[16],"tags":[],"class_list":["post-13720","post","type-post","status-publish","format-standard","hentry","category-kose-yazilari","odd"],"_links":{"self":[{"href":"http:\/\/www.korhanyilmaz.com\/index.php?rest_route=\/wp\/v2\/posts\/13720","targetHints":{"allow":["GET"]}}],"collection":[{"href":"http:\/\/www.korhanyilmaz.com\/index.php?rest_route=\/wp\/v2\/posts"}],"about":[{"href":"http:\/\/www.korhanyilmaz.com\/index.php?rest_route=\/wp\/v2\/types\/post"}],"author":[{"embeddable":true,"href":"http:\/\/www.korhanyilmaz.com\/index.php?rest_route=\/wp\/v2\/users\/1"}],"replies":[{"embeddable":true,"href":"http:\/\/www.korhanyilmaz.com\/index.php?rest_route=%2Fwp%2Fv2%2Fcomments&post=13720"}],"version-history":[{"count":0,"href":"http:\/\/www.korhanyilmaz.com\/index.php?rest_route=\/wp\/v2\/posts\/13720\/revisions"}],"wp:attachment":[{"href":"http:\/\/www.korhanyilmaz.com\/index.php?rest_route=%2Fwp%2Fv2%2Fmedia&parent=13720"}],"wp:term":[{"taxonomy":"category","embeddable":true,"href":"http:\/\/www.korhanyilmaz.com\/index.php?rest_route=%2Fwp%2Fv2%2Fcategories&post=13720"},{"taxonomy":"post_tag","embeddable":true,"href":"http:\/\/www.korhanyilmaz.com\/index.php?rest_route=%2Fwp%2Fv2%2Ftags&post=13720"}],"curies":[{"name":"wp","href":"https:\/\/api.w.org\/{rel}","templated":true}]}}