{"id":13716,"date":"2009-08-19T08:19:50","date_gmt":"2009-08-19T05:19:50","guid":{"rendered":"http:\/\/www.korhanyilmaz.com\/?p=13716"},"modified":"2009-08-19T08:19:50","modified_gmt":"2009-08-19T05:19:50","slug":"13-yasindaki-cocugun-basbakana-hakaretten-bir-yil-hapsi-isteniyor","status":"publish","type":"post","link":"http:\/\/www.korhanyilmaz.com\/?p=13716","title":{"rendered":"13 ya\u015f\u0131ndaki \u00e7ocu\u011fun &#039;Ba\u015fbakan&#039;a hakaret&#039;ten bir y\u0131l hapsi isteniyor"},"content":{"rendered":"<p style=\"text-align: center;\"><a href=\"http:\/\/www.korhanyilmaz.com\/wp-content\/uploads\/2009\/08\/davac\u0131.Jpeg\"  class=\"lightview\"><img loading=\"lazy\" decoding=\"async\" class=\"size-full wp-image-13717 aligncenter\" src=\"http:\/\/www.korhanyilmaz.com\/wp-content\/uploads\/2009\/08\/davac\u0131.Jpeg\" alt=\"\" width=\"306\" height=\"204\" \/><\/a><\/p>\n<p style=\"text-align: justify;\">Ayd\u0131n&#8217;da Ba\u015fbakan Erdo\u011fan&#8217;a &#8216;Allah belan\u0131z\u0131 verecek&#8217; diye ba\u011f\u0131ran 13 ya\u015f\u0131ndaki \u00e7ocu\u011fa dava a\u00e7\u0131ld\u0131. \u00c7ocuk ise kendisini darp etti\u011fi gerek\u00e7esiyle Ba\u015fbakan&#8217;dan davac\u0131.<\/p>\n<p style=\"text-align: justify;\">\u0130STANBUL &#8211; Ba\u015fbakan Tayyip Erdo\u011fan\u2019a Ayd\u0131n ziyareti s\u0131ras\u0131nda arac\u0131 i\u00e7indeyken \u2018Allah senin belan\u0131 versin\u2019 diye ba\u011f\u0131ran 13 ya\u015f\u0131ndaki Mustafa S.\u00d6. hakk\u0131nda \u2018G\u00f6revliye g\u00f6revi nedeniyle alenen hakaret\u2019 su\u00e7lamas\u0131yla dava a\u00e7\u0131ld\u0131. \u2018Babas\u0131n\u0131n iflas\u0131\u2019 nedeniyle k\u0131zd\u0131\u011f\u0131 Ba\u015fbakan\u2019a s\u00f6yledi\u011fi s\u00f6z\u00fc kabul eden Mustafa S. \u00d6. ise ensesinden sert\u00e7e tutup, f\u0131rlatt\u0131\u011f\u0131n\u0131 \u00f6ne s\u00fcrd\u00fc\u011f\u00fc Erdo\u011fan hakk\u0131nda \u2018kasten yaralamak\u2019tan su\u00e7 duyurusunda bulundu.<!--more--><\/p>\n<p style=\"text-align: justify;\">Erdo\u011fan daha \u00f6nce gazeteciler, siyasiler, k\u00f6yl\u00fc ya da karikat\u00fcristlerle daval\u0131k oldu. Ancak bu kez Ba\u015fbakan\u2019la daval\u0131k olan 13 ya\u015f\u0131ndaki bir \u00e7ocuk. Ayd\u0131n Cumhuriyet Savc\u0131l\u0131\u011f\u0131\u2019nca a\u00e7\u0131l\u0131p, \u00e7ocuk mahkemesine g\u00f6nderilen iddianamede, \u2018T\u00fcrkiye Cumhuriyeti Ba\u015fbakan\u0131 say\u0131n Tayyip Erdo\u011fan\u2019\u0131n olay g\u00fcn\u00fc Ba\u015fbakan s\u0131fat\u0131yla Ayd\u0131n\u2019a geldi\u011fi\u2019 belirtilerek, olay g\u00fcn\u00fc \u015f\u00f6yle anlat\u0131l\u0131yor:<\/p>\n<p style=\"text-align: justify;\"><strong><em>Ba\u015fbakan s\u0131fat\u0131yla<\/em><\/strong><\/p>\n<p style=\"text-align: justify;\">\u201cBa\u015fbakanl\u0131k resmi arac\u0131 ile saat 17:00\u2019de Bar\u0131 Gazi Bulvar\u0131 Atat\u00fcrk Spor Salonu kar\u015f\u0131s\u0131nda seyir halindeyken anacadde \u00fczerindeki \u015f\u00fcpheli Mustafa S. \u00d6.\u2019n\u00fcn, resmi ara\u00e7 i\u00e7erisinde bulunan ma\u011fdura \u2018Allah senin belan\u0131 versin\u2019 \u015feklinde iki kez ba\u011f\u0131rarak hakarette bulundu\u011fu, g\u00fcvenlik g\u00f6revlilerince \u015f\u00fcpheli hakk\u0131nda yakalama i\u015flemi yap\u0131larak tutana\u011f\u0131n d\u00fczenlendi\u011fi, ma\u011fdurun Ba\u015fbakanl\u0131k s\u0131fat\u0131yla ve Ba\u015fbakanl\u0131k arac\u0131yla Ayd\u0131n Valilik makam\u0131n\u0131 ziyaret yolu \u00fczerinde \u015f\u00fcphelinin hakaretine maruz kald\u0131\u011f\u0131, \u015f\u00fcphelinin Adli T\u0131p Kurumu\u2019nca yap\u0131lan muayenesinde isnat edilen eylemin hukuki anlam ve sonu\u00e7lar\u0131n\u0131 alg\u0131lama ve davran\u0131\u015flar\u0131n\u0131 y\u00f6nlendirme yetene\u011finin oldu\u011funun tespit edildi\u011fi, \u015f\u00fcphelinin \u00fczerine at\u0131l\u0131 su\u00e7u i\u015fledi\u011fi anla\u015f\u0131lm\u0131\u015ft\u0131r.\u201d<\/p>\n<p style=\"text-align: justify;\">\u0130ddianamede Mustafa S. \u00d6.\u2019n\u00fcn en az 1 y\u0131la kadar hapsi istendi. \u0130ddianamede TCK\u2019daki \u00e7ocuklar i\u00e7in d\u00fczenlenen 31. maddenin ikinci f\u0131kras\u0131n\u0131n i\u015fletilmesi istendi. Bu maddede 12 -15 ya\u015f\u0131ndaki \u00e7ocuklardan \u2018davran\u0131\u015flar\u0131 y\u00f6nlendirme yetene\u011fi\u2019 olmayanlar hakk\u0131nda dava a\u00e7\u0131lmazken bu yetene\u011fi olanlar\u0131n cezas\u0131n\u0131n yeti\u015fkinlere g\u00f6re yar\u0131 oran\u0131nda indirilmesi \u00f6ng\u00f6r\u00fcl\u00fcyor.<\/p>\n<p style=\"text-align: justify;\"><strong><em>Bu arada Mustafa S. \u00d6. de avukat\u0131 arac\u0131l\u0131\u011f\u0131yla Ayd\u0131n Cumhuriyet Savc\u0131l\u0131\u011f\u0131\u2019na Erdo\u011fan hakk\u0131nda su\u00e7 duyurusunda bulundu. <\/em><\/strong><\/p>\n<p style=\"text-align: justify;\">Dilek\u00e7ede \u015funlar anlat\u0131ld\u0131: \u201cAKP\u2019nin Ayd\u0131n\u2019daki mitinginden sonra halk\u0131 selamlamak i\u00e7in AKP se\u00e7im arac\u0131na binen AKP Genel Ba\u015fkan\u0131 Tayyip Erdo\u011fan\u2019a m\u00fcvekkilim Mustafa S. \u00d6 babas\u0131n\u0131n iflas etmesinden dolay\u0131 su\u00e7lad\u0131\u011f\u0131ndan \u2018Allah cezan\u0131z\u0131 verecek\u2019 diyerek ba\u011f\u0131rm\u0131\u015ft\u0131r.<\/p>\n<p style=\"text-align: justify;\">M\u00fcvekkilimin as\u0131l amac\u0131 AKP\u2019nin yerel se\u00e7imleri kaybederek cezaland\u0131r\u0131lmalar\u0131n\u0131 kastetmi\u015ftir. Ancak; \u015f\u00fcpheli bu s\u00f6z\u00fc kendisine hakaret olarak alg\u0131lam\u0131\u015f, korumalar\u0131na talimat vererek \u2018Al\u0131n \u015funu otob\u00fcse getirin\u2019 demi\u015ftir. Korumalar yaka pa\u00e7a m\u00fcvekkilimi otob\u00fcse getirmi\u015f. Bu s\u00f6z\u00fc neden s\u00f6yledi\u011fini sormu\u015f, m\u00fcvekkilim de kendisini sevmedi\u011fini s\u00f6ylemi\u015ftir. Bu esnada \u015f\u00fcphelinin sol eli m\u00fcvekkilimin boynundad\u0131r. Bu s\u00f6z\u00fc hazmedemeyen \u015f\u00fcpheli daha 13 ya\u015f\u0131ndaki m\u00fcvekkilimin yumu\u015fak doku b\u00f6lgesindeki ensesini t\u0131rnaklar\u0131 ile s\u0131karak itelemi\u015f, \u2018At\u0131n \u015funu\u2019 diyerek otob\u00fcsten d\u0131\u015far\u0131 f\u0131rlatt\u0131rm\u0131\u015ft\u0131r.<\/p>\n<p style=\"text-align: justify;\">M\u00fcvekkilim Mustafa S. \u00d6. \u015f\u00fcpheli taraf\u0131ndan darp edilmi\u015f, b\u00f6ylece \u2018kasten yaralama su\u00e7u\u2019 olu\u015fmu\u015ftur.\u201d<\/p>\n<p style=\"text-align: justify;\"><span style=\"color: #888888;\">Radikal<\/span><\/p>\n","protected":false},"excerpt":{"rendered":"<p style=\"text-align: center;\">\n<p style=\"text-align: justify;\">Ayd\u0131n&#8217;da Ba\u015fbakan Erdo\u011fan&#8217;a &#8216;Allah belan\u0131z\u0131 verecek&#8217; diye ba\u011f\u0131ran 13 ya\u015f\u0131ndaki \u00e7ocu\u011fa dava a\u00e7\u0131ld\u0131. \u00c7ocuk ise kendisini darp etti\u011fi gerek\u00e7esiyle Ba\u015fbakan&#8217;dan davac\u0131.<\/p>\n<p style=\"text-align: justify;\">\u0130STANBUL &#8211; Ba\u015fbakan Tayyip Erdo\u011fan\u2019a Ayd\u0131n ziyareti s\u0131ras\u0131nda arac\u0131 i\u00e7indeyken \u2018Allah senin belan\u0131 versin\u2019 diye ba\u011f\u0131ran 13 ya\u015f\u0131ndaki Mustafa S.\u00d6. hakk\u0131nda \u2018G\u00f6revliye g\u00f6revi nedeniyle alenen hakaret\u2019 su\u00e7lamas\u0131yla <\/p>\n","protected":false},"author":1,"featured_media":0,"comment_status":"open","ping_status":"closed","sticky":false,"template":"","format":"standard","meta":{"footnotes":""},"categories":[105],"tags":[],"class_list":["post-13716","post","type-post","status-publish","format-standard","hentry","category-gundem","odd"],"_links":{"self":[{"href":"http:\/\/www.korhanyilmaz.com\/index.php?rest_route=\/wp\/v2\/posts\/13716","targetHints":{"allow":["GET"]}}],"collection":[{"href":"http:\/\/www.korhanyilmaz.com\/index.php?rest_route=\/wp\/v2\/posts"}],"about":[{"href":"http:\/\/www.korhanyilmaz.com\/index.php?rest_route=\/wp\/v2\/types\/post"}],"author":[{"embeddable":true,"href":"http:\/\/www.korhanyilmaz.com\/index.php?rest_route=\/wp\/v2\/users\/1"}],"replies":[{"embeddable":true,"href":"http:\/\/www.korhanyilmaz.com\/index.php?rest_route=%2Fwp%2Fv2%2Fcomments&post=13716"}],"version-history":[{"count":0,"href":"http:\/\/www.korhanyilmaz.com\/index.php?rest_route=\/wp\/v2\/posts\/13716\/revisions"}],"wp:attachment":[{"href":"http:\/\/www.korhanyilmaz.com\/index.php?rest_route=%2Fwp%2Fv2%2Fmedia&parent=13716"}],"wp:term":[{"taxonomy":"category","embeddable":true,"href":"http:\/\/www.korhanyilmaz.com\/index.php?rest_route=%2Fwp%2Fv2%2Fcategories&post=13716"},{"taxonomy":"post_tag","embeddable":true,"href":"http:\/\/www.korhanyilmaz.com\/index.php?rest_route=%2Fwp%2Fv2%2Ftags&post=13716"}],"curies":[{"name":"wp","href":"https:\/\/api.w.org\/{rel}","templated":true}]}}