{"id":13712,"date":"2009-08-18T19:36:04","date_gmt":"2009-08-18T16:36:04","guid":{"rendered":"http:\/\/www.korhanyilmaz.com\/?p=13712"},"modified":"2009-08-18T19:36:04","modified_gmt":"2009-08-18T16:36:04","slug":"adalet-bakanligi-fislemeyi-kabul-etti","status":"publish","type":"post","link":"http:\/\/www.korhanyilmaz.com\/?p=13712","title":{"rendered":"Adalet Bakanl\u0131\u011f\u0131 fi\u015flemeyi kabul etti"},"content":{"rendered":"<p style=\"text-align: justify;\"><a href=\"http:\/\/www.korhanyilmaz.com\/wp-content\/uploads\/2009\/08\/6707.jpg\"  class=\"lightview\"><img loading=\"lazy\" decoding=\"async\" class=\"size-full wp-image-13713 aligncenter\" src=\"http:\/\/www.korhanyilmaz.com\/wp-content\/uploads\/2009\/08\/6707.jpg\" alt=\"\" width=\"200\" height=\"208\" \/><\/a>Hakim ve savc\u0131 adaylar\u0131n\u0131n bilgilerinin ar\u015fivlendi\u011fi y\u00f6n\u00fcndeki haberlere yaz\u0131l\u0131 a\u00e7\u0131klama ile yan\u0131t verildi. Bakanl\u0131k 2 yasaya at\u0131fta bulundu, &#8220;Hakim ve savc\u0131 adaylar\u0131 i\u00e7in ar\u015fiv ara\u015ft\u0131rmas\u0131 kald\u0131r\u0131lmam\u0131\u015ft\u0131r&#8221; dedi. Ama adaylar\u0131n m\u00fclakatlarda ba\u015far\u0131s\u0131z olmas\u0131n\u0131n sicillerinden kaynaklanmad\u0131\u011f\u0131 belirtildi.<\/p>\n<p style=\"text-align: justify;\">Adalet Bakanl\u0131\u011f\u0131, a\u00e7\u0131klamas\u0131nda Hakimler ve Savc\u0131lar Kanunu ile g\u00fcvenlik soru\u015fturmas\u0131 yasas\u0131n\u0131 hat\u0131rlatt\u0131.<\/p>\n<p style=\"text-align: justify;\">Bakanl\u0131k, iki yasaya dayanarak, devletin g\u00fcvenli\u011fi ve ulusal varl\u0131\u011f\u0131n\u0131 gerek\u00e7e g\u00f6sterdi.<\/p>\n<p style=\"text-align: justify;\">Gizlilik dereceli birimler ile askeri, emniyet ve istihbarat te\u015fkilat\u0131nda \u00e7al\u0131\u015facak personel hakk\u0131nda ar\u015fiv incelemesinin yap\u0131labilece\u011fini belirtti.<\/p>\n<p style=\"text-align: justify;\">Hakimlik s\u0131navlar\u0131n\u0131 kazanan M.D&#8217;nin, &#8220;\u00f6\u011frencili\u011fi s\u0131ras\u0131nda \u00f6rg\u00fctsel eylemlere kat\u0131ld\u0131\u011f\u0131&#8221; bilgisi halen bakanl\u0131\u011f\u0131n elinde oldu\u011fu i\u00e7in m\u00fclakatlarda elendi\u011fi iddia edilmi\u015fti. <!--more--><\/p>\n<p style=\"text-align: justify;\">Bakanl\u0131k yaz\u0131l\u0131 a\u00e7\u0131klamada &#8220;Habere konu olan ki\u015fi ile ilgili olarak da t\u00fcm adaylar i\u00e7in yap\u0131ld\u0131\u011f\u0131 gibi yasa do\u011frultusunda ar\u015fiv ara\u015ft\u0131rmas\u0131 yap\u0131ld\u0131&#8221; dedi.<\/p>\n<p style=\"text-align: justify;\">Ancak m\u00fclakatlarda ba\u015far\u0131l\u0131 olamama sebebinin ar\u015fiv ara\u015ft\u0131rmas\u0131ndan de\u011fil, bireysel ba\u015far\u0131s\u0131zl\u0131ktan kaynakland\u0131\u011f\u0131 belirtildi.<\/p>\n<p style=\"text-align: justify;\">&#8220;S\u00f6z konusu ar\u015fiv ara\u015ft\u0131rmas\u0131n\u0131n sonucu m\u00fclakatlarda de\u011ferlendirmeye al\u0131nmam\u0131\u015ft\u0131r&#8221; diyen Adalet Bakanl\u0131\u011f\u0131, durumu Bilgi Edinme Hakk\u0131 Kanunu \u00e7er\u00e7evesinde M.D isimli ki\u015fiye tebli\u011f etti\u011fini de a\u00e7\u0131klad\u0131.<\/p>\n<p style=\"text-align: justify;\"><span style=\"color: #888888;\">CNN T\u00dcRK<\/span><\/p>\n","protected":false},"excerpt":{"rendered":"<p style=\"text-align: justify;\">Hakim ve savc\u0131 adaylar\u0131n\u0131n bilgilerinin ar\u015fivlendi\u011fi y\u00f6n\u00fcndeki haberlere yaz\u0131l\u0131 a\u00e7\u0131klama ile yan\u0131t verildi. Bakanl\u0131k 2 yasaya at\u0131fta bulundu, &#8220;Hakim ve savc\u0131 adaylar\u0131 i\u00e7in ar\u015fiv ara\u015ft\u0131rmas\u0131 kald\u0131r\u0131lmam\u0131\u015ft\u0131r&#8221; dedi. Ama adaylar\u0131n m\u00fclakatlarda ba\u015far\u0131s\u0131z olmas\u0131n\u0131n sicillerinden kaynaklanmad\u0131\u011f\u0131 belirtildi.<\/p>\n<p style=\"text-align: justify;\">Adalet Bakanl\u0131\u011f\u0131, a\u00e7\u0131klamas\u0131nda Hakimler ve Savc\u0131lar Kanunu ile g\u00fcvenlik soru\u015fturmas\u0131 yasas\u0131n\u0131 hat\u0131rlatt\u0131.<\/p>\n<p style=\"text-align: justify;\">Bakanl\u0131k, iki <\/p>\n","protected":false},"author":1,"featured_media":0,"comment_status":"open","ping_status":"closed","sticky":false,"template":"","format":"standard","meta":{"footnotes":""},"categories":[105],"tags":[],"class_list":["post-13712","post","type-post","status-publish","format-standard","hentry","category-gundem","odd"],"_links":{"self":[{"href":"http:\/\/www.korhanyilmaz.com\/index.php?rest_route=\/wp\/v2\/posts\/13712","targetHints":{"allow":["GET"]}}],"collection":[{"href":"http:\/\/www.korhanyilmaz.com\/index.php?rest_route=\/wp\/v2\/posts"}],"about":[{"href":"http:\/\/www.korhanyilmaz.com\/index.php?rest_route=\/wp\/v2\/types\/post"}],"author":[{"embeddable":true,"href":"http:\/\/www.korhanyilmaz.com\/index.php?rest_route=\/wp\/v2\/users\/1"}],"replies":[{"embeddable":true,"href":"http:\/\/www.korhanyilmaz.com\/index.php?rest_route=%2Fwp%2Fv2%2Fcomments&post=13712"}],"version-history":[{"count":0,"href":"http:\/\/www.korhanyilmaz.com\/index.php?rest_route=\/wp\/v2\/posts\/13712\/revisions"}],"wp:attachment":[{"href":"http:\/\/www.korhanyilmaz.com\/index.php?rest_route=%2Fwp%2Fv2%2Fmedia&parent=13712"}],"wp:term":[{"taxonomy":"category","embeddable":true,"href":"http:\/\/www.korhanyilmaz.com\/index.php?rest_route=%2Fwp%2Fv2%2Fcategories&post=13712"},{"taxonomy":"post_tag","embeddable":true,"href":"http:\/\/www.korhanyilmaz.com\/index.php?rest_route=%2Fwp%2Fv2%2Ftags&post=13712"}],"curies":[{"name":"wp","href":"https:\/\/api.w.org\/{rel}","templated":true}]}}