{"id":13705,"date":"2009-08-18T22:42:29","date_gmt":"2009-08-18T19:42:29","guid":{"rendered":"http:\/\/www.korhanyilmaz.com\/?p=13705"},"modified":"2009-08-18T22:42:29","modified_gmt":"2009-08-18T19:42:29","slug":"%e2%80%98ismailaga-cemaatini-kayirmaca%e2%80%99-ergin%e2%80%99in-onunde","status":"publish","type":"post","link":"http:\/\/www.korhanyilmaz.com\/?p=13705","title":{"rendered":"\u2018\u0130smaila\u011fa Cemaatini Kay\u0131rmaca &#039; Ergin&#039;in \u00d6n\u00fcnde"},"content":{"rendered":"<div id=\"attachment_13706\" style=\"width: 310px\" class=\"wp-caption aligncenter\"><a href=\"http:\/\/www.korhanyilmaz.com\/wp-content\/uploads\/2009\/08\/actuel_1250585029.jpg\"  class=\"lightview\"><img loading=\"lazy\" decoding=\"async\" aria-describedby=\"caption-attachment-13706\" class=\"size-full wp-image-13706\" title=\"Cemaat lideri Mahmut Ustaosmano\u011flu \" src=\"http:\/\/www.korhanyilmaz.com\/wp-content\/uploads\/2009\/08\/actuel_1250585029.jpg\" alt=\"\" width=\"300\" height=\"230\" \/><\/a><p id=\"caption-attachment-13706\" class=\"wp-caption-text\">Cemaat lideri Mahmut Ustaosmano\u011flu <\/p><\/div>\n<p style=\"text-align: justify;\">\u0130smaila\u011fa Cemaatini&#8217;nin korundu\u011funa y\u00f6nelik iddialar meclise ta\u015f\u0131nd\u0131. Kamer Gen\u00e7, Adalet Bakan\u0131 Ergin&#8217;in yan\u0131tlamas\u0131 istemiyle, &#8216;cemaati soru\u015fturan Erzincan Ba\u015fsavc\u0131s\u0131yla ilgili soru\u015fturma a\u00e7\u0131lmas\u0131n\u0131n su\u00e7luyu koruma kapsam\u0131na girip girmedi\u011fini&#8217; sordu.<\/p>\n<p style=\"text-align: justify;\">CHP Mersin Milletvekili \u0130sa G\u00f6k ve Tunceli Ba\u011f\u0131ms\u0131z Milletvekili Kamer Gen\u00e7 verdikleri soru \u00f6nergeleriyle Erzurum Ba\u015fsavc\u0131l\u0131\u011f\u0131\u2019n\u0131n \u0130smaila\u011fa Cemaatine y\u00f6nelik soru\u015fturmay\u0131 engelledi\u011fi iddialar\u0131n\u0131 Meclis g\u00fcndemine ta\u015f\u0131d\u0131lar.<\/p>\n<p style=\"text-align: justify;\">CHP Mersin Milletvekili \u0130sa G\u00f6k, Adalet Bakan\u0131 Sadullah Ergin\u2019in yan\u0131tlamas\u0131 istemiyle Meclis Ba\u015fkanl\u0131\u011f\u0131\u2019na sundu\u011fu soru \u00f6nergesinde Erzincan Cumhuriyet Ba\u015fsavc\u0131l\u0131\u011f\u0131\u2019n\u0131n \u0130smaila\u011fa cemaatinin kentin il\u00e7eleri ve k\u00f6ylerinde okul \u00f6ncesi \u00e7ocuklara Medine Vakf\u0131\u2019na ait evlerde yat\u0131l\u0131 olarak e\u011fitim verdi\u011fi ihbar\u0131 \u00fczerine harekete ge\u00e7ti\u011fi ve Erzincan \u0130l Jandarma Komutanl\u0131\u011f\u0131\u2019na istihbarat toplamas\u0131 talimat\u0131 verdi\u011fini hat\u0131rlatt\u0131. <!--more-->\u00c7al\u0131\u015fmalar sonucunda \u00f6rg\u00fctlenmenin Erzincan ile s\u0131n\u0131rl\u0131 olmad\u0131\u011f\u0131, yurt gelinde bir yap\u0131lanmaya gidildi\u011finin anla\u015f\u0131ld\u0131\u011f\u0131n\u0131 belirten G\u00f6k, \u201c16 ile yay\u0131lacak operasyonlara ba\u015flanaca\u011f\u0131 a\u015famada da , Erzurum Cumhuriyet Ba\u015fsavc\u0131l\u0131\u011f\u0131 devreye girerek, kendisini yetkili g\u00f6stermi\u015f ve dosyay\u0131 Erzincan\u2019dan alm\u0131\u015ft\u0131r. Erzurum Ba\u015fsavc\u0131l\u0131\u011f\u0131\u2019n\u0131n \u0130smaila\u011fa cemaatine y\u00f6nelik soru\u015fturmay\u0131 yapma yetkisinin kendisinde oldu\u011fu \u0131srar\u0131 ve idari bask\u0131larla dosyan\u0131n al\u0131nmas\u0131 nedeniyle 16 ilde yap\u0131lmas\u0131 planlanan operasyonlar ger\u00e7ekle\u015ftirilememi\u015ftir\u201d dedi.<\/p>\n<p style=\"text-align: justify;\"><strong><em>G\u00f6k, Adalet Bakan\u0131 Ergine \u015fu sorular\u0131 y\u00f6neltti:<\/em><\/strong><\/p>\n<p style=\"text-align: justify;\">\u201c\u00d6zel yetkili Erzurum Ba\u015fsavc\u0131l\u0131\u011f\u0131n\u0131n g\u00f6revli olabilmesi i\u00e7in silahl\u0131 bir \u00e7etenin olu\u015fmas\u0131 gerekti\u011fi ve Erzincan\u2019daki soru\u015fturmada bir silahl\u0131 \u00e7ete belirlemesi olmad\u0131\u011f\u0131 halde dosya neden \u0131srarla Erzincan Ba\u015fsavc\u0131l\u0131\u011f\u0131ndan Erzurum\u2019a al\u0131nm\u0131\u015ft\u0131r? Erzurum Cumhuriyet Ba\u015fsavc\u0131l\u0131\u011f\u0131\u2019nca \u0130smaila\u011fa cemaatiyle ilgili soru\u015fturman\u0131n s\u00fcmenalt\u0131 yap\u0131lmad\u0131\u011f\u0131 ifade edilmesine ra\u011fmen, neden Erzincan Ba\u015fsavc\u0131l\u0131\u011f\u0131\u2019n\u0131n planlad\u0131\u011f\u0131ndan \u00e7ok daha dar kapsaml\u0131 bir soru\u015fturma y\u00fcr\u00fct\u00fclm\u00fc\u015ft\u00fcr? 235 ki\u015fiden 13 ki\u015fiye indirilen \u015f\u00fcpheli say\u0131s\u0131 ile soru\u015fturman\u0131n bu denli dar tutulmas\u0131 sonucu soru\u015fturulmas\u0131na gerek g\u00f6r\u00fclmeyen isimler kimlerdir? Erzurum Ba\u015fsavc\u0131l\u0131\u011f\u0131\u2019ndan Erzincan Valili\u011fine g\u00f6nderilen ve i\u00e7eri\u011finde jandarma ve emniyetin, cemaate y\u00f6nelik operasyonlara haz\u0131rlanan Erzincan Ba\u015fsavc\u0131l\u0131\u011f\u0131\u2019n\u0131n talimat\u0131na uymamas\u0131 konusunda destek beklendi\u011fi istenilen yaz\u0131n\u0131n gerek\u00e7esi nedir? Erzurum 2\u2019nci Ceza Mahkemesi\u2019nin 2009\/547 say\u0131l\u0131 dosyas\u0131 \u00fczerinde, \u0130stanbul B\u00fcy\u00fck\u015fehir Belediye Ba\u015fkan\u0131 Kadir Topba\u015f\u2019\u0131n, Belediye\u2019nin parasal kaynaklar\u0131 \u00fczerinde bu cemaate para ve maddi menfaatler aktar\u0131ld\u0131\u011f\u0131 konusunda deliller nelerdir? Erzincan Cumhuriyet Ba\u015fsavc\u0131s\u0131 \u0130lhan Cihaner\u2019in imza att\u0131\u011f\u0131 cemaat soru\u015fturmas\u0131 dahil, \u00e7ok say\u0131daki soru\u015fturma ve i\u015flemi neden soru\u015fturma konusu yap\u0131lm\u0131\u015ft\u0131r? Bakanl\u0131\u011f\u0131n\u0131z\u0131n \u0130lhan Cihaner\u2019le ilgili \u00f6nerisi ne do\u011frultuda olmu\u015ftur?\u201d<\/p>\n<p style=\"text-align: justify;\"><strong>\u2018PEK\u0130 \u015e\u0130MD\u0130 SORU\u015eTURMA A\u00c7ILACAK MI?\u2019<\/strong><\/p>\n<p style=\"text-align: justify;\">Tunceli Ba\u011f\u0131ms\u0131z Milletvekili Kamer Gen\u00e7 de Adalet Bakan\u0131 Ergin\u2019e y\u00f6neltti\u011fi soru \u00f6nergesinde, Erzincan Ba\u015fsavc\u0131l\u0131\u011f\u0131\u2019n\u0131n \u0130smaila\u011fa cemaatiyle ilgili yurt genelinde a\u00e7mak istedi\u011fi soru\u015fturman\u0131n Erzurum Ba\u015fsavc\u0131l\u0131\u011f\u0131nca \u00f6nlenip \u00f6nlenmedi\u011fini sordu. Erzurum Ba\u015fsavc\u0131l\u0131\u011f\u0131\u2019n\u0131n bu y\u00f6nde bir yetkisinin olup olmad\u0131\u011f\u0131 sorusunu da y\u00f6nelten Gen\u00e7, Bakan Ergin\u2019e \u201cErzurum Ba\u015fsavc\u0131l\u0131\u011f\u0131n\u0131n bu davran\u0131\u015f\u0131 su\u00e7lular\u0131 koruma sonucunu do\u011furmaz m\u0131? Ayr\u0131ca bu engellemeyi yapan Erzurum Ba\u015fsavc\u0131l\u0131\u011f\u0131 hakk\u0131nda soru\u015fturma a\u00e7may\u0131 d\u00fc\u015f\u00fcn\u00fcyor musunuz?\u201d diye sordu.<\/p>\n<p style=\"text-align: justify;\"><strong><em>Cemaati soru\u015fturan, soru\u015fturuluyor mu?<\/em><\/strong><\/p>\n<p style=\"text-align: justify;\">Adalet Bakanl\u0131\u011f\u0131, \u0130smaila\u011fa Cemaati\u2019ni soru\u015fturan ve 235 \u015f\u00fcpheliyi kapsayan dosya \u00fczerinde \u00e7al\u0131\u015fan Erzincan Cumhuriyet Ba\u015fsavc\u0131s\u0131\u0130lhan Cihaner hakk\u0131nda soru\u015fturma ba\u015flatm\u0131\u015ft\u0131.<\/p>\n<p style=\"text-align: justify;\">Cemaat lideri Mahmut Ustaosmano\u011flu ile \u0130stanbul B\u00fcy\u00fck\u015fehir Belediye Ba\u015fkan\u0131 Kadir Topba\u015f ve baz\u0131 bakanlar\u0131n da aralar\u0131nda bulundu\u011fu 235 \u015f\u00fcpheliyi kapsayan soru\u015fturma dosyas\u0131 \u00fczerinde \u00e7al\u0131\u015ft\u0131\u011f\u0131 a\u015famada, Adalet Bakanl\u0131\u011f\u0131 m\u00fcfetti\u015flerinin talebiyle telefonlar\u0131 dinlemeye al\u0131nan Cihaner\u2019le ilgili soru\u015fturma &#8220;cemaatin korundu\u011fu&#8221; izlenimi yaratm\u0131\u015ft\u0131. Cihaner\u2019in di\u011fer savc\u0131larla yapt\u0131\u011f\u0131 \u00f6zel nitelikli telefon g\u00f6r\u00fc\u015fmelerinin bile soru\u015fturma konusu yap\u0131ld\u0131\u011f\u0131 ortaya \u00e7\u0131km\u0131\u015ft\u0131.<\/p>\n<p style=\"text-align: justify;\"><span style=\"color: #888888;\">Kaynak : BirG\u00fcn<\/span><\/p>\n","protected":false},"excerpt":{"rendered":"<p id=\"caption-attachment-13706\" class=\"wp-caption-text\">Cemaat lideri Mahmut Ustaosmano\u011flu <\/p>\n<p style=\"text-align: justify;\">\u0130smaila\u011fa Cemaatini&#8217;nin korundu\u011funa y\u00f6nelik iddialar meclise ta\u015f\u0131nd\u0131. Kamer Gen\u00e7, Adalet Bakan\u0131 Ergin&#8217;in yan\u0131tlamas\u0131 istemiyle, &#8216;cemaati soru\u015fturan Erzincan Ba\u015fsavc\u0131s\u0131yla ilgili soru\u015fturma a\u00e7\u0131lmas\u0131n\u0131n su\u00e7luyu koruma kapsam\u0131na girip girmedi\u011fini&#8217; sordu.<\/p>\n<p style=\"text-align: justify;\">CHP Mersin Milletvekili \u0130sa G\u00f6k ve Tunceli Ba\u011f\u0131ms\u0131z Milletvekili Kamer Gen\u00e7 verdikleri soru \u00f6nergeleriyle Erzurum Ba\u015fsavc\u0131l\u0131\u011f\u0131\u2019n\u0131n \u0130smaila\u011fa <\/p>\n","protected":false},"author":1,"featured_media":0,"comment_status":"open","ping_status":"closed","sticky":false,"template":"","format":"standard","meta":{"footnotes":""},"categories":[105],"tags":[],"class_list":["post-13705","post","type-post","status-publish","format-standard","hentry","category-gundem","odd"],"_links":{"self":[{"href":"http:\/\/www.korhanyilmaz.com\/index.php?rest_route=\/wp\/v2\/posts\/13705","targetHints":{"allow":["GET"]}}],"collection":[{"href":"http:\/\/www.korhanyilmaz.com\/index.php?rest_route=\/wp\/v2\/posts"}],"about":[{"href":"http:\/\/www.korhanyilmaz.com\/index.php?rest_route=\/wp\/v2\/types\/post"}],"author":[{"embeddable":true,"href":"http:\/\/www.korhanyilmaz.com\/index.php?rest_route=\/wp\/v2\/users\/1"}],"replies":[{"embeddable":true,"href":"http:\/\/www.korhanyilmaz.com\/index.php?rest_route=%2Fwp%2Fv2%2Fcomments&post=13705"}],"version-history":[{"count":0,"href":"http:\/\/www.korhanyilmaz.com\/index.php?rest_route=\/wp\/v2\/posts\/13705\/revisions"}],"wp:attachment":[{"href":"http:\/\/www.korhanyilmaz.com\/index.php?rest_route=%2Fwp%2Fv2%2Fmedia&parent=13705"}],"wp:term":[{"taxonomy":"category","embeddable":true,"href":"http:\/\/www.korhanyilmaz.com\/index.php?rest_route=%2Fwp%2Fv2%2Fcategories&post=13705"},{"taxonomy":"post_tag","embeddable":true,"href":"http:\/\/www.korhanyilmaz.com\/index.php?rest_route=%2Fwp%2Fv2%2Ftags&post=13705"}],"curies":[{"name":"wp","href":"https:\/\/api.w.org\/{rel}","templated":true}]}}