{"id":13700,"date":"2009-08-18T18:23:41","date_gmt":"2009-08-18T15:23:41","guid":{"rendered":"http:\/\/www.korhanyilmaz.com\/?p=13700"},"modified":"2009-08-18T18:23:41","modified_gmt":"2009-08-18T15:23:41","slug":"turk-ordusunu-pkkya-yenik-ilan-ettiler","status":"publish","type":"post","link":"http:\/\/www.korhanyilmaz.com\/?p=13700","title":{"rendered":"T\u00fcrk ordusunu PKK&#8217;ya yenik ilan ettiler"},"content":{"rendered":"<p style=\"text-align: justify;\">\n<div id=\"attachment_13701\" style=\"width: 92px\" class=\"wp-caption alignleft\"><a href=\"http:\/\/www.korhanyilmaz.com\/wp-content\/uploads\/2009\/08\/savas_suzal.jpg\"  class=\"lightview\"><img loading=\"lazy\" decoding=\"async\" aria-describedby=\"caption-attachment-13701\" class=\"size-full wp-image-13701\" title=\"Sava\u015f S\u00fczal\" src=\"http:\/\/www.korhanyilmaz.com\/wp-content\/uploads\/2009\/08\/savas_suzal.jpg\" alt=\"Sava\u015f S\u00fczal\" width=\"82\" height=\"122\" \/><\/a><p id=\"caption-attachment-13701\" class=\"wp-caption-text\">Sava\u015f S\u00fczal<\/p><\/div>\n<p>\u00dcstteki ba\u015fl\u0131\u011f\u0131n sizleri tedirgin ve rahats\u0131z etti\u011fini \u00e7ok iyi biliyorum. Amac\u0131m bu de\u011fil. Ayr\u0131ca kimseyi de g\u00fccendirme gibi bir niyetim de yok. Yaln\u0131z ortada oynanan orta oyunu ile nereye var\u0131laca\u011f\u0131n\u0131 ve sonucun ne olabilece\u011fini anlatmaya \u00e7al\u0131\u015f\u0131yorum. Evet, ac\u0131 ama ger\u00e7ek bu. Ne yaz\u0131k ki T\u00fcrkiye\u2019de i\u015fba\u015f\u0131nda bulunan iktidar kendi ordusunu, kendi askerini yenik ilan etmi\u015f bulunuyor, hem de ter\u00f6ristlerin ve T\u00fcrkiye d\u00fc\u015fmanlar\u0131n\u0131n beceremedi\u011fi \u00f6l\u00e7\u00fcde. Bu yaln\u0131z benim g\u00f6r\u00fc\u015f\u00fcm de\u011fil, Amerikal\u0131 baz\u0131 \u00e7evrelerin de bu konuda g\u00f6r\u00fc\u015f\u00fc ayn\u0131.\n<\/p>\n<p style=\"text-align: justify;\">Televizyonlarda g\u00f6rm\u00fc\u015fs\u00fcn\u00fczd\u00fcr, hat\u0131rlay\u0131n, boks ma\u00e7lar\u0131nda bir kural vard\u0131r. Ringdeki boks\u00f6rlerden birinin menajeri boks\u00f6r ne kadar d\u00f6v\u00fc\u015fmek isterse istesin havluyu ringe att\u0131 m\u0131 ma\u00e7 durur ve o boks\u00f6r\u00fc hakem yenik ilan eder. Bizdeki durum ise bundan daha ciddi ve a\u011f\u0131r bana g\u00f6re.<!--more--><\/p>\n<p style=\"text-align: justify;\">\u015e\u00f6yle ki;<\/p>\n<p style=\"text-align: justify;\">T\u00fcrk Silahl\u0131 Kuvvetlerinin anayasaya g\u00f6re ba\u015fkomutan\u0131 Cumhurba\u015fkan\u0131d\u0131r ve ordu da Ba\u015fbakana ba\u011fl\u0131d\u0131r. Asker, siyasi iktidar\u0131n ald\u0131\u011f\u0131 kararlar ve politikalara g\u00f6re sava\u015f\u0131r, \u00fclke savunmas\u0131n\u0131 yapar. \u015eimdi sorar\u0131m size? \u00c7ankaya\u2019daki, ortam uygun laflar\u0131 ile bu i\u015fi ba\u015flatmad\u0131 m\u0131? Bir gece Washington\u2019dan i\u00e7ine do\u011fan g\u00fcne\u015ften ilham al\u0131p zamanlama konusunda laflar etti. Ondan sonra \u00f6teki ald\u0131 saz\u0131, a\u00e7\u0131l\u0131m-sa\u00e7\u0131l\u0131m diye \u00fclkenin \u00e7ocuklar\u0131n\u0131 \u00f6ld\u00fcren katillerle masaya oturmak i\u00e7in her t\u00fcrl\u00fc giri\u015fimi yapt\u0131. Hatta \u00f6yle giri\u015fimlerde bulundu ki i\u015fsiz kalacak ki\u015filerin \u00f6denecek i\u015fsizlik maa\u015f\u0131 paralar\u0131n\u0131 bile T\u00fcrkiye\u2019nin vergi ka\u00e7ak\u00e7\u0131l\u0131k merkezi b\u00f6lgesine aktard\u0131. Daha \u00f6nce de oralara bedava elektrik, beyaz e\u015fya vermediler mi? Sanki Anadolu\u2019da fakir yer yokmu\u015f gibi.<\/p>\n<p style=\"text-align: justify;\">\u015eimdi, askerler kendi \u00e7aplar\u0131nda bu ter\u00f6r \u00f6rg\u00fct\u00fc ile m\u00fccadele eder ve her g\u00fcn bir ana baban\u0131n y\u00fcre\u011fi yanarken olay\u0131 \u0130mral\u0131\u2019daki katilin yumurtlayaca\u011f\u0131 cevherlere b\u0131rakt\u0131lar. Bu milletin onuru, gururu olan askerlerini ayaklar alt\u0131nda ezdiler. Tam da askerin bu canilerin a\u011fz\u0131n\u0131n pay\u0131n\u0131 fazlas\u0131yla verdi\u011fi bir s\u0131rada.<\/p>\n<p style=\"text-align: justify;\">Diyeceksiniz ki bunu ben uyduruyorum. Hay\u0131r, efendim hay\u0131r. Hani size Washington\u2019daki Abant toplant\u0131s\u0131nda bir resimden s\u00f6z etmi\u015f ve K\u00fcrt a\u00e7\u0131l\u0131m\u0131nda rol alan ki\u015filerin bu tabloda yer ald\u0131\u011f\u0131n\u0131 anlatm\u0131\u015ft\u0131m. O resimde ise bir ki\u015fi eksik demi\u015ftim. \u0130\u015fte o ki\u015fi de sahneye \u00e7\u0131kt\u0131. Bu tabloda ad\u0131n\u0131 vermedi\u011fim ki\u015fi Washington\u2019da PKK\u2019n\u0131n b\u00fcrosu say\u0131lan AKIN\u2019\u0131n ba\u015f\u0131nda bulunan ve pasaport sahtek\u00e2rl\u0131\u011f\u0131ndan mahk\u00fbm olan Kani Xulam\u2019a siyasi s\u0131\u011f\u0131nma hakk\u0131 verilmesi i\u00e7in referans verenlerden biri.<\/p>\n<p style=\"text-align: justify;\">Henri Barkey\u2019den s\u00f6z ediyorum. Kendisi Taraf\u2019tan Yasemin \u00c7ongar ile Cengiz \u00c7andar\u2019\u0131n kadim dostudur ve ge\u00e7enlerde bu K\u00fcrt a\u00e7\u0131l\u0131m\u0131 konusunda yazd\u0131\u011f\u0131 ve Haber3 adl\u0131 internet sitesinde terc\u00fcmesi yay\u0131nlanan bir makalede resmen T\u00fcrk ordusunun PKK\u2019ya sava\u015fta yenildi\u011fini vurgulam\u0131\u015f. Hi\u00e7 mi hi\u00e7 \u015fa\u015f\u0131rmad\u0131m. Radyo Free Europe (RFE) &#8211; ve Haber3\u2019teki yay\u0131nlanan metne g\u00f6re \u015f\u00f6yle diyor;<\/p>\n<p style=\"text-align: justify;\">\u201c- Ordunun nihayet PKK\u2019yla veya K\u00fcrtlerle 25 y\u0131ld\u0131r s\u00fcren bu sava\u015f\u0131 kazanamayaca\u011f\u0131n\u0131 idrak eder noktaya geldi\u011fini s\u00f6ylemeliyim. T\u00fcrkiye tarihi boyunca \u00e7ok say\u0131da isyan patlak verdi, fakat bu en uzun olan\u0131 ve h\u00e2l\u00e2 s\u00fcr\u00fcyor. 25 y\u0131l \u00f6nce da\u011fda ka\u00e7 ki\u015fi varsa, bug\u00fcn de neredeyse o kadar var. O y\u00fczden en nihayetinde, bu sava\u015f\u0131n sona ermeyece\u011fi ve bitmesinin tek yolunun bir t\u00fcr siyasi \u00e7\u00f6z\u00fcm oldu\u011fu sonucuna vard\u0131lar. Fakat ordu i\u00e7in siyasi \u00e7\u00f6z\u00fcm, T\u00fcrk devletinin temel ilkelerinden ve \u00f6\u011fretilerinden en az\u0131n\u0131 vermek anlam\u0131na geliyor.\u201d<\/p>\n<p style=\"text-align: justify;\">Arkada\u015f kibarca TSK sava\u015f\u0131 kaybetmi\u015ftir demek istiyor. \u015eimdi anlad\u0131n\u0131z m\u0131 yapt\u0131\u011f\u0131n\u0131z\u0131 beyler. O \u015fehit ailelerine verdi\u011finiz yan\u0131t san\u0131yor musunuz ki su serpmi\u015ftir. Sizler nerenizi a\u00e7arsan\u0131z a\u00e7\u0131n ama milletin g\u00fcvenlik ve b\u00fct\u00fcnl\u00fc\u011f\u00fcne daha fazla el s\u00fcrmekten vazge\u00e7in.<\/p>\n<p style=\"text-align: justify;\">Uyan\u0131n efendiler uyan\u0131n. Fenerbah\u00e7e\u2019ye, Galatasaray\u2019a ve Be\u015fikta\u015f\u2019a g\u00f6sterdi\u011finiz hassasiyeti \u00fclkeniz i\u00e7in de g\u00f6sterin, \u00fclkemizi, vatan\u0131m\u0131z\u0131 toprak ve millet a\u00e7\u0131s\u0131ndan par\u00e7al\u0131yorlar, b\u00f6l\u00fcyorlar. T\u00fcrkiye, \u0130stanbul, \u0130zmir veya Ankara\u2019da bitmiyor. S\u0131n\u0131rlar\u0131m\u0131z\u0131 oralara \u00e7ekmeye \u00e7al\u0131\u015f\u0131yorlar. Unutmay\u0131n bug\u00fcn baba topra\u011f\u0131na el koyanlar yar\u0131n \u0130stanbul, Ankara ve \u0130zmir\u2019e ve size de el koyacaklar. Bizlerse kumda oynayaca\u011f\u0131z. Uyan\u0131n&#8230;<\/p>\n<p style=\"text-align: justify;\"><span style=\"color: #888888;\">Sava\u015f S\u00dcZAL <\/span><\/p>\n<p style=\"text-align: justify;\"><span style=\"color: #888888;\">Yazara Ula\u015fmak i\u00e7in : savassuzal@habergazete.com<\/span><\/p>\n<p style=\"text-align: justify;\"><span style=\"color: #888888;\">Kaynak : <a href=\"http:\/\/www.yenicaggazetesi.com.tr\/a_haberdetay.php?hityaz=9702\" target=\"_blank\">yenicaggazetesi.com.tr<\/a><br \/>\n<\/span><\/p>\n","protected":false},"excerpt":{"rendered":"<p style=\"text-align: justify;\">\n<p id=\"caption-attachment-13701\" class=\"wp-caption-text\">Sava\u015f S\u00fczal<\/p>\n<p>\u00dcstteki ba\u015fl\u0131\u011f\u0131n sizleri tedirgin ve rahats\u0131z etti\u011fini \u00e7ok iyi biliyorum. Amac\u0131m bu de\u011fil. Ayr\u0131ca kimseyi de g\u00fccendirme gibi bir niyetim de yok. Yaln\u0131z ortada oynanan orta oyunu ile nereye var\u0131laca\u011f\u0131n\u0131 ve sonucun ne olabilece\u011fini anlatmaya \u00e7al\u0131\u015f\u0131yorum. Evet, ac\u0131 ama ger\u00e7ek bu. Ne yaz\u0131k ki T\u00fcrkiye\u2019de i\u015fba\u015f\u0131nda bulunan iktidar <\/p>\n","protected":false},"author":1,"featured_media":0,"comment_status":"open","ping_status":"closed","sticky":false,"template":"","format":"standard","meta":{"footnotes":""},"categories":[16],"tags":[],"class_list":["post-13700","post","type-post","status-publish","format-standard","hentry","category-kose-yazilari","odd"],"_links":{"self":[{"href":"http:\/\/www.korhanyilmaz.com\/index.php?rest_route=\/wp\/v2\/posts\/13700","targetHints":{"allow":["GET"]}}],"collection":[{"href":"http:\/\/www.korhanyilmaz.com\/index.php?rest_route=\/wp\/v2\/posts"}],"about":[{"href":"http:\/\/www.korhanyilmaz.com\/index.php?rest_route=\/wp\/v2\/types\/post"}],"author":[{"embeddable":true,"href":"http:\/\/www.korhanyilmaz.com\/index.php?rest_route=\/wp\/v2\/users\/1"}],"replies":[{"embeddable":true,"href":"http:\/\/www.korhanyilmaz.com\/index.php?rest_route=%2Fwp%2Fv2%2Fcomments&post=13700"}],"version-history":[{"count":0,"href":"http:\/\/www.korhanyilmaz.com\/index.php?rest_route=\/wp\/v2\/posts\/13700\/revisions"}],"wp:attachment":[{"href":"http:\/\/www.korhanyilmaz.com\/index.php?rest_route=%2Fwp%2Fv2%2Fmedia&parent=13700"}],"wp:term":[{"taxonomy":"category","embeddable":true,"href":"http:\/\/www.korhanyilmaz.com\/index.php?rest_route=%2Fwp%2Fv2%2Fcategories&post=13700"},{"taxonomy":"post_tag","embeddable":true,"href":"http:\/\/www.korhanyilmaz.com\/index.php?rest_route=%2Fwp%2Fv2%2Ftags&post=13700"}],"curies":[{"name":"wp","href":"https:\/\/api.w.org\/{rel}","templated":true}]}}