{"id":13691,"date":"2009-08-18T18:26:25","date_gmt":"2009-08-18T15:26:25","guid":{"rendered":"http:\/\/www.korhanyilmaz.com\/?p=13691"},"modified":"2009-08-18T18:26:25","modified_gmt":"2009-08-18T15:26:25","slug":"katar-emirine-yakin-ilgi","status":"publish","type":"post","link":"http:\/\/www.korhanyilmaz.com\/?p=13691","title":{"rendered":"Katar Emiri&#039;ne yak\u0131n ilgi"},"content":{"rendered":"<p style=\"text-align: center;\"><a href=\"http:\/\/www.korhanyilmaz.com\/wp-content\/uploads\/2009\/08\/180820091825170071419.jpg\"  class=\"lightview\"><img loading=\"lazy\" decoding=\"async\" class=\"size-full wp-image-13692 aligncenter\" src=\"http:\/\/www.korhanyilmaz.com\/wp-content\/uploads\/2009\/08\/180820091825170071419.jpg\" alt=\"\" width=\"329\" height=\"210\" \/><\/a><\/p>\n<p style=\"text-align: justify;\">Erdo\u011fan Katar Emiri&#8217;ni u\u00e7a\u011f\u0131n\u0131n merdivenlerinde kar\u015f\u0131lay\u0131p, Rixos Otel&#8217;e g\u00f6t\u00fcrd\u00fc..<\/p>\n<p style=\"text-align: justify;\">BA\u015eBAKAN Recep Tayyip Erdo\u011fan, Milas- Bodrum Havaliman\u0131&#8217;na inen Katar Emiri \u015eeyh Hamad Bin Halife El Tahani&#8217;yi u\u00e7a\u011f\u0131n merdivenleri ba\u015f\u0131nda kar\u015f\u0131lad\u0131. Erdo\u011fan ile Tahani ayak\u00fcst\u00fc 3- 4 dakika sohbet ettikten sonra ayn\u0131 otomobille Rixos Otel&#8217;e ge\u00e7ti.Bug\u00fcn saat 13.15&#8217;te, \u0130stanbul&#8217;dan Airbus A-330 tipi \u00f6zel u\u00e7akla Milas- Bodrum Havaliman\u0131&#8217;na inen Katar Emiri \u015eeyh Hamad Bin Halife El Tahani&#8217;yi, apronda Ba\u015fbakan Recep Tayyip Erdo\u011fan, Mu\u011fla Valisi Ahmet Alt\u0131parmak, Milas Kaymakam\u0131 \u015eahin Arslan ve kalabal\u0131k grup kar\u015f\u0131lad\u0131. Ba\u015fbakan Erdo\u011fan, 25 ki\u015filik kafileyle gelen Katar Emiri Tahani&#8217;yi kar\u015f\u0131lamak i\u00e7in u\u00e7a\u011f\u0131n merdivenleri ba\u015f\u0131na kadar gitti.<!--more--><\/p>\n<p style=\"text-align: justify;\">K\u0131sa s\u00fcreli bekleyi\u015f ard\u0131ndan Ba\u015fbakan Erdo\u011fan, Katar Emiri Tahani ve yan\u0131ndaki iki bakan\u0131 kucaklayarak sar\u0131ld\u0131. Erdo\u011fan ile Katar Emiri, yakla\u015f\u0131k 3- 4 dakika u\u00e7a\u011f\u0131n \u00f6n\u00fcnde ayak\u00fcst\u00fc sohbet ettikten sonra ayn\u0131 otomobile binip 30 ara\u00e7l\u0131k konvoyla havaliman\u0131ndan ayr\u0131ld\u0131, Torba Koyu&#8217;ndaki Rixos Otel&#8217;e hareket etti. Ola\u011fan\u00fcst\u00fc g\u00fcvenlik \u00f6nlemlerinin al\u0131nd\u0131\u011f\u0131 havaliman\u0131nda, yakla\u015f\u0131k 100 polis ve 50 jandarman\u0131n g\u00f6rev yapt\u0131\u011f\u0131 g\u00f6r\u00fcld\u00fc.<\/p>\n<p style=\"text-align: justify;\">Ba\u015fbakan Erdo\u011fan&#8217;\u0131n yar\u0131n Ayd\u0131n&#8217;\u0131n Didim \u0130l\u00e7esi&#8217;nde Do\u011fu\u015f Holding taraf\u0131ndan yapt\u0131r\u0131lan ve yakla\u015f\u0131k 70 dolara malolan Didim D Marin Marina&#8217;n\u0131n a\u00e7\u0131l\u0131\u015f\u0131n\u0131 yapaca\u011f\u0131 bildirildi. 4 g\u00fcn Bodrum&#8217;da kalmas\u0131 beklenen Katar Emiri&#8217;nin de bu a\u00e7\u0131l\u0131\u015fa kat\u0131labilece\u011fi belirtildi. Emirin ayr\u0131ca, l\u00fcks bir yatla Bodrum&#8217;dan mavi yolculu\u011fa \u00e7\u0131kaca\u011f\u0131, sonras\u0131nda \u00fclkesine d\u00f6nece\u011fi kaydedildi.<\/p>\n<p style=\"text-align: justify;\">Ba\u015fbakan Erdo\u011fan ve ailesinin haftasonuna kadar Bodrum&#8217;da tatilini s\u00fcrd\u00fcrd\u00fckten sonra Ankara&#8217;ya d\u00f6necek. Erdo\u011fan&#8217;\u0131n marina a\u00e7\u0131l\u0131\u015f\u0131ndan sonraki program\u0131na ili\u015fkin de herhangi bir bilgi verilmedi.<\/p>\n<p style=\"text-align: justify;\"><span style=\"color: #888888;\">Kaynak : Vatan<\/span><\/p>\n","protected":false},"excerpt":{"rendered":"<p style=\"text-align: center;\">\n<p style=\"text-align: justify;\">Erdo\u011fan Katar Emiri&#8217;ni u\u00e7a\u011f\u0131n\u0131n merdivenlerinde kar\u015f\u0131lay\u0131p, Rixos Otel&#8217;e g\u00f6t\u00fcrd\u00fc..<\/p>\n<p style=\"text-align: justify;\">BA\u015eBAKAN Recep Tayyip Erdo\u011fan, Milas- Bodrum Havaliman\u0131&#8217;na inen Katar Emiri \u015eeyh Hamad Bin Halife El Tahani&#8217;yi u\u00e7a\u011f\u0131n merdivenleri ba\u015f\u0131nda kar\u015f\u0131lad\u0131. Erdo\u011fan ile Tahani ayak\u00fcst\u00fc 3- 4 dakika sohbet ettikten sonra ayn\u0131 otomobille Rixos Otel&#8217;e ge\u00e7ti.Bug\u00fcn saat 13.15&#8217;te, \u0130stanbul&#8217;dan Airbus <\/p>\n","protected":false},"author":1,"featured_media":0,"comment_status":"open","ping_status":"closed","sticky":false,"template":"","format":"standard","meta":{"footnotes":""},"categories":[105],"tags":[],"class_list":["post-13691","post","type-post","status-publish","format-standard","hentry","category-gundem","odd"],"_links":{"self":[{"href":"http:\/\/www.korhanyilmaz.com\/index.php?rest_route=\/wp\/v2\/posts\/13691","targetHints":{"allow":["GET"]}}],"collection":[{"href":"http:\/\/www.korhanyilmaz.com\/index.php?rest_route=\/wp\/v2\/posts"}],"about":[{"href":"http:\/\/www.korhanyilmaz.com\/index.php?rest_route=\/wp\/v2\/types\/post"}],"author":[{"embeddable":true,"href":"http:\/\/www.korhanyilmaz.com\/index.php?rest_route=\/wp\/v2\/users\/1"}],"replies":[{"embeddable":true,"href":"http:\/\/www.korhanyilmaz.com\/index.php?rest_route=%2Fwp%2Fv2%2Fcomments&post=13691"}],"version-history":[{"count":0,"href":"http:\/\/www.korhanyilmaz.com\/index.php?rest_route=\/wp\/v2\/posts\/13691\/revisions"}],"wp:attachment":[{"href":"http:\/\/www.korhanyilmaz.com\/index.php?rest_route=%2Fwp%2Fv2%2Fmedia&parent=13691"}],"wp:term":[{"taxonomy":"category","embeddable":true,"href":"http:\/\/www.korhanyilmaz.com\/index.php?rest_route=%2Fwp%2Fv2%2Fcategories&post=13691"},{"taxonomy":"post_tag","embeddable":true,"href":"http:\/\/www.korhanyilmaz.com\/index.php?rest_route=%2Fwp%2Fv2%2Ftags&post=13691"}],"curies":[{"name":"wp","href":"https:\/\/api.w.org\/{rel}","templated":true}]}}