{"id":13687,"date":"2009-08-17T23:58:26","date_gmt":"2009-08-17T20:58:26","guid":{"rendered":"http:\/\/www.korhanyilmaz.com\/?p=13687"},"modified":"2009-08-17T23:58:26","modified_gmt":"2009-08-17T20:58:26","slug":"13687","status":"publish","type":"post","link":"http:\/\/www.korhanyilmaz.com\/?p=13687","title":{"rendered":""},"content":{"rendered":"<p style=\"text-align: justify;\"><a href=\"http:\/\/www.korhanyilmaz.com\/wp-content\/uploads\/2009\/08\/2009-08-18_192757.jpg\"  class=\"lightview\"><img loading=\"lazy\" decoding=\"async\" class=\"size-full wp-image-13686 aligncenter\" src=\"http:\/\/www.korhanyilmaz.com\/wp-content\/uploads\/2009\/08\/2009-08-18_192757.jpg\" alt=\"\" width=\"442\" height=\"218\" \/><\/a><\/p>\n<p style=\"text-align: justify;\">\u015eehit aileleri AKP\u2019nin kap\u0131s\u0131na dayand\u0131.<\/p>\n<p style=\"text-align: justify;\">Ba\u015fbakan Erdo\u011fan ve h\u00fck\u00fcmetinin s\u00f6zde a\u00e7\u0131l\u0131m \u00e7al\u0131\u015fmalar\u0131n\u0131 protesto etmek \u00fczere Ankara\u2019da toplanan \u015fehit yak\u0131nlar\u0131, AKP Genel Merkezi\u2019nin \u00f6n\u00fcne siyah \u00e7elenk b\u0131rakt\u0131.<\/p>\n<p style=\"text-align: justify;\">Kamuoyunda \u201cdemokratik a\u00e7\u0131l\u0131m\u201d olarak nitelenen s\u00f6zde a\u00e7\u0131l\u0131m \u00e7al\u0131\u015fmalar\u0131n\u0131 protesto etmek amac\u0131yla Ankara\u2019da toplanan bir grup \u015fehit ailesi, AKP Genel Merkezi \u00f6n\u00fcne siyah bir \u00e7elenk b\u0131rakt\u0131. De\u011fi\u015fik illerden geldi\u011fi belirtilen gruptakiler, AKP Genel Merkezi \u00f6n\u00fcnde topland\u0131. Ba\u015fbakan ve AKP Genel Ba\u015fkan\u0131 Tayyip Erdo\u011fan ile g\u00f6r\u00fc\u015fmek istediklerini belirten gruptakilere, parti yetkilileri, Erdo\u011fan\u2019\u0131n genel merkezde bulunmad\u0131\u011f\u0131n\u0131 s\u00f6yledi. Yetkililer, AKP Genel Ba\u015fkan Yard\u0131mc\u0131lar\u0131 \u015e\u00fckr\u00fc Ayalan, Abdulkadir Aksu ve Edibe S\u00f6zen\u2019in \u015fehit aileleri ile g\u00f6r\u00fc\u015fmek i\u00e7in beklediklerini s\u00f6yledi. <!--more--><\/p>\n<p style=\"text-align: justify;\"><strong><em>Daveti kabul etmediler<\/em><\/strong><\/p>\n<p style=\"text-align: justify;\">\u015eehit aileleri ise sadece Ba\u015fbakan Erdo\u011fan ile g\u00f6r\u00fc\u015feceklerini belirterek daveti kabul etmedi. Bu s\u0131rada AKP Genel Ba\u015fkan Yard\u0131mc\u0131s\u0131 \u015e\u00fckr\u00fc Ayalan, gruptakilerin yan\u0131na gelerek kendilerini parti binas\u0131na davet etti. Baz\u0131 \u015fehit ailelerinin, yapt\u0131klar\u0131 g\u00f6r\u00fc\u015fme taleplerinin kabul edilmedi\u011fini \u00f6ne s\u00fcrmesi \u00fczerine Ayalan, \u201cSiz ne zaman istediyseniz her hafta, her konuda sizlerle konu\u015ftuk. Ne zaman isteseniz g\u00f6r\u00fc\u015f\u00fcyoruz. Ne zaman \u2019alo\u2019dediniz de biz telefona \u00e7\u0131kmad\u0131k? Buyurun i\u00e7eri gelin g\u00f6r\u00fc\u015felim\u201d dedi.<\/p>\n<p style=\"text-align: justify;\"><strong><em>Madalyal\u0131 protesto<\/em><\/strong><\/p>\n<p style=\"text-align: justify;\">Ayalan, gruptakilerin daveti kabul etmemesi \u00fczerine parti binas\u0131na d\u00f6nd\u00fc. Daha sonra a\u00e7\u0131klama yapan \u015fehit babas\u0131 Mehmet Gen\u00e7er, s\u00f6zde a\u00e7\u0131l\u0131m \u00e7al\u0131\u015fmalar\u0131na kar\u015f\u0131 olduklar\u0131n\u0131 s\u00f6yledi. Gen\u00e7er, \u201cT\u00fcrkiye\u2019de K\u00fcrt sorunu de\u011fil, K\u00fcrt\u00e7\u00fcl\u00fck sorunu vard\u0131r. Bunun kayna\u011f\u0131 da ter\u00f6r \u00f6rg\u00fct\u00fc PKK\u2019d\u0131r\u201d diye konu\u015ftu. Bu arada baz\u0131 \u015fehit babalar\u0131 AKP\u2019yi \u00f6v\u00fcn\u00e7 madalyalar\u0131yla protesto etti. Gruptakiler, a\u00e7\u0131klaman\u0131n ard\u0131ndan AKP Genel Merkezi \u00f6n\u00fcne siyah \u00e7elenk b\u0131rakt\u0131.<\/p>\n<p style=\"text-align: justify;\"><strong><em>MHP ve CHP\u2019yi de ziyaret ettiler<\/em><\/strong><\/p>\n<p style=\"text-align: justify;\">Ankara\u2019da h\u00fck\u00fcmetin s\u00f6zde a\u00e7\u0131l\u0131l\u0131m\u0131n\u0131 protesto eden \u015fehit aileleri,  MHP Genel Merkezi\u2019ni de ziyaret etti. Gruptakiler, MHP Grup Ba\u015fkanvekili Oktay Vural ve Genel Ba\u015fkan Yard\u0131mc\u0131s\u0131 Atilla Kaya\u2019n\u0131n da aralar\u0131nda bulundu\u011fu parti y\u00f6neticileriyle g\u00f6r\u00fc\u015ft\u00fc. \u015eehit ailelerinin tepkilerini dinleyen Vural, g\u00f6r\u00fc\u015fme sonras\u0131 yapt\u0131\u011f\u0131 a\u00e7\u0131klamada, \u015fehit ailelerinin, kendilerine a\u00e7\u0131l\u0131m konusunda g\u00f6r\u00fc\u015flerini ve d\u00fc\u015f\u00fcncelerini ilettiklerini belirtti. Partisinin kap\u0131s\u0131n\u0131n, \u201cvatan\u0131 bir ve b\u00fct\u00fcn tutmak isteyen \u015fehit ailelerine, \u015fehit annelerine a\u00e7\u0131k oldu\u011funu\u201d anlatan Vural, \u201cBu vatan\u0131, milleti b\u00f6lmek, bin y\u0131ll\u0131k karde\u015fli\u011fi ortadan kald\u0131rmak isteyen siyasal K\u00fcrt\u00e7\u00fclerin mihmandarlar\u0131na bu kap\u0131 kapal\u0131d\u0131r\u201d dedi.<\/p>\n<p style=\"text-align: justify;\"><strong><em>Katiller muhatap al\u0131nmas\u0131n<\/em><\/strong><\/p>\n<p style=\"text-align: justify;\">Grup, daha sonra CHP Genel Merkezi\u2019ne giderek Genel Sekreter Yard\u0131mc\u0131s\u0131 Algan Hacalo\u011flu ile g\u00f6r\u00fc\u015ft\u00fc. \u0130stanbul \u015eehit Aileleri Dayan\u0131\u015fma ve Sosyal Yard\u0131mla\u015fma Derne\u011fi Genel Ba\u015fkan\u0131 \u015eencan Bayramo\u011flu, muhalefet partilerinin \u015fehit yak\u0131nlar\u0131n\u0131n sesi olaca\u011f\u0131n\u0131 belirterek \u201cKatiller muhatap al\u0131nmas\u0131n\u201d dedi. Hacalo\u011flu da, \u201cElini kana bulam\u0131\u015f ki\u015filer, kesinlikle T\u00fcrkiye Cumhuriyeti Devleti\u2019nin muhatab\u0131 olamaz, hi\u00e7bir \u015fekilde olamayacakt\u0131r\u201d diye konu\u015ftu.<\/p>\n<p style=\"text-align: justify;\"><a href=\"http:\/\/www.yenicaggazetesi.com.tr\/haberdetay.php?hit=21673\" target=\"_blank\"><span style=\"color: #888888;\">Kaynak : Fatih Erboz &#8211; yenicaggazetesi.com.tr<\/span><\/a><\/p>\n","protected":false},"excerpt":{"rendered":"<p style=\"text-align: justify;\">\n<p style=\"text-align: justify;\">\u015eehit aileleri AKP\u2019nin kap\u0131s\u0131na dayand\u0131.<\/p>\n<p style=\"text-align: justify;\">Ba\u015fbakan Erdo\u011fan ve h\u00fck\u00fcmetinin s\u00f6zde a\u00e7\u0131l\u0131m \u00e7al\u0131\u015fmalar\u0131n\u0131 protesto etmek \u00fczere Ankara\u2019da toplanan \u015fehit yak\u0131nlar\u0131, AKP Genel Merkezi\u2019nin \u00f6n\u00fcne siyah \u00e7elenk b\u0131rakt\u0131.<\/p>\n<p style=\"text-align: justify;\">Kamuoyunda \u201cdemokratik a\u00e7\u0131l\u0131m\u201d olarak nitelenen s\u00f6zde a\u00e7\u0131l\u0131m \u00e7al\u0131\u015fmalar\u0131n\u0131 protesto etmek amac\u0131yla Ankara\u2019da toplanan bir grup \u015fehit ailesi, AKP Genel Merkezi <\/p>\n","protected":false},"author":1,"featured_media":0,"comment_status":"open","ping_status":"closed","sticky":false,"template":"","format":"standard","meta":{"footnotes":""},"categories":[105],"tags":[],"class_list":["post-13687","post","type-post","status-publish","format-standard","hentry","category-gundem","odd"],"_links":{"self":[{"href":"http:\/\/www.korhanyilmaz.com\/index.php?rest_route=\/wp\/v2\/posts\/13687","targetHints":{"allow":["GET"]}}],"collection":[{"href":"http:\/\/www.korhanyilmaz.com\/index.php?rest_route=\/wp\/v2\/posts"}],"about":[{"href":"http:\/\/www.korhanyilmaz.com\/index.php?rest_route=\/wp\/v2\/types\/post"}],"author":[{"embeddable":true,"href":"http:\/\/www.korhanyilmaz.com\/index.php?rest_route=\/wp\/v2\/users\/1"}],"replies":[{"embeddable":true,"href":"http:\/\/www.korhanyilmaz.com\/index.php?rest_route=%2Fwp%2Fv2%2Fcomments&post=13687"}],"version-history":[{"count":0,"href":"http:\/\/www.korhanyilmaz.com\/index.php?rest_route=\/wp\/v2\/posts\/13687\/revisions"}],"wp:attachment":[{"href":"http:\/\/www.korhanyilmaz.com\/index.php?rest_route=%2Fwp%2Fv2%2Fmedia&parent=13687"}],"wp:term":[{"taxonomy":"category","embeddable":true,"href":"http:\/\/www.korhanyilmaz.com\/index.php?rest_route=%2Fwp%2Fv2%2Fcategories&post=13687"},{"taxonomy":"post_tag","embeddable":true,"href":"http:\/\/www.korhanyilmaz.com\/index.php?rest_route=%2Fwp%2Fv2%2Ftags&post=13687"}],"curies":[{"name":"wp","href":"https:\/\/api.w.org\/{rel}","templated":true}]}}