{"id":13682,"date":"2009-08-18T19:24:58","date_gmt":"2009-08-18T16:24:58","guid":{"rendered":"http:\/\/www.korhanyilmaz.com\/?p=13682"},"modified":"2009-08-18T19:24:58","modified_gmt":"2009-08-18T16:24:58","slug":"86-yil-once-uc-ay-sonra","status":"publish","type":"post","link":"http:\/\/www.korhanyilmaz.com\/?p=13682","title":{"rendered":"86 y\u0131l \u00f6nce, \u00fc\u00e7 ay sonra!"},"content":{"rendered":"<p style=\"text-align: justify;\">\n<div id=\"attachment_13683\" style=\"width: 92px\" class=\"wp-caption alignleft\"><a href=\"http:\/\/www.korhanyilmaz.com\/wp-content\/uploads\/2009\/08\/Altemur_K\u0131l\u0131\u00e7.jpg\"  class=\"lightview\"><img loading=\"lazy\" decoding=\"async\" aria-describedby=\"caption-attachment-13683\" class=\"size-full wp-image-13683\" style=\"margin-top: 0px; margin-bottom: 0px;\" title=\"Altemur K\u0131l\u0131\u00e7\" src=\"http:\/\/www.korhanyilmaz.com\/wp-content\/uploads\/2009\/08\/Altemur_K\u0131l\u0131\u00e7.jpg\" alt=\"Altemur K\u0131l\u0131\u00e7\" width=\"82\" height=\"122\" \/><\/a><p id=\"caption-attachment-13683\" class=\"wp-caption-text\">Altemur K\u0131l\u0131\u00e7<\/p><\/div>\n<p>Ba\u015fbakan Recep Tayyip Erdo\u011fan,  \u201cKararl\u0131y\u0131z, bu i\u015fi (a\u00e7\u0131l\u0131m\u0131) y\u0131lba\u015f\u0131na kadar bitirmemiz gerek\u201d  diyor. Yani, 86 y\u0131ll\u0131k T\u00fcrkiye Cumhuriyetinin 3 ayda bitirilmesi laz\u0131m! Yalakalar\u0131 da, \u201cBu f\u0131rsat ka\u00e7mas\u0131n, a\u00e7\u0131l\u0131m\u0131n gaz\u0131 kesilmesin\u201d diye tela\u015flan\u0131yorlar! Hakl\u0131lar; acele edilmezse, Apo-PKK-DTP elbirli\u011fiyle giderek azarak  \u201ca\u00e7\u0131l\u0131m\u0131n gaz\u0131n\u0131n\u201d art\u0131k neden kesilmesi gerekti\u011fini millete g\u00f6steriyorlar&#8230;\n<\/p>\n<p style=\"text-align: justify;\"><strong><em>\u0130hanet-ibret kareleri<\/em><\/strong><\/p>\n<p style=\"text-align: justify;\">\u0130\u015fte d\u00fcnden kareler; PKKba\u015f\u0131 Karay\u0131lan, Kandil da\u011f\u0131ndan meydan okuyor, devleti, gittik\u00e7e say\u0131lar\u0131 artan  \u201cordusuyla\u201d tehdit ediyor&#8230; Eruh ve \u015eemdinli\u2019de de azd\u0131lar. T\u00fcrkler i\u00e7in ihanetin ba\u015flang\u0131\u00e7 noktas\u0131 ve cinayet meydanlar\u0131 olan bu yerler, b\u00f6l\u00fcc\u00fcler i\u00e7in kutsal alanlar! Eruh- \u015eemdinli\u2019de askerlerimizi \u015fehit etti\u011fi i\u00e7in iftihar eden al\u00e7ak kahraman gibi alk\u0131\u015flan\u0131yor! Ve ter\u00f6r eylemleri, k\u0131rda, kentte devam ediyor: Adana\u2019da PKK g\u00f6sterileri esnas\u0131nda, gencecik bir polis memuru, bir PKK\u2019l\u0131 taraf\u0131ndan, al\u00e7ak\u00e7a b\u0131\u00e7aklan\u0131yor! <!--more--><\/p>\n<p style=\"text-align: justify;\"><strong><em>Yalakalar\u0131n gafleti<\/em><\/strong><\/p>\n<p style=\"text-align: justify;\">Ve yalaka gafletinin, ihanetinin de yeni kan\u0131t\u0131; Altanlar, \u00c7andarlar, vb. bu cinayet ve ihanet olaylar\u0131 -sahneleri- kar\u015f\u0131s\u0131nda infial g\u00f6sterecekleri yerde, h\u00e2l\u00e2 e\u015fk\u0131yalar\u0131 destekliyor ve onlara,  \u201c\u015fimdilik susun, dalgaland\u0131rmay\u0131n, a\u00e7\u0131l\u0131m\u0131n gaz\u0131n\u0131 kesmeyin\u201d  diyorlar!<\/p>\n<p style=\"text-align: justify;\">Evet, bizler de susal\u0131m, a\u00e7\u0131l\u0131m gere\u011fi genel af ilan edilsin da\u011fdaki e\u015fk\u0131ya, zaten i\u00e7imizde yay\u0131lan e\u015fk\u0131yay\u0131 takviye etsin ve T\u00fcrkler kendi \u00fclkelerinde kentlerde de, kitle halinde b\u0131\u00e7aklas\u0131nlar&#8230; Hep  \u201cbar\u0131\u015f\u201d  u\u011fruna!<\/p>\n<p style=\"text-align: justify;\"><strong><em>\u015eehitler<\/em><\/strong><\/p>\n<p style=\"text-align: justify;\">D\u00fcnden as\u0131l ibret karesi, \u015fehit-gazi ailelerinin, Koordinat\u00f6r Bakan Be\u015fir Atalay\u2019a ve  \u201ca\u00e7\u0131l\u0131m\u0131na\u201d  kar\u015f\u0131 g\u00f6sterdikleri, duyarl\u0131, duygulu tepki idi. A\u00e7\u0131k\u00e7a  \u201cBizler, bu PKK cinayetlerinin as\u0131l ma\u011fdurlar\u0131 bu a\u00e7\u0131l\u0131m\u0131 asla kabul etmeyiz, canilerle kucakla\u015fmay\u0131z, ayn\u0131 masaya oturmay\u0131z\u201d  dediler&#8230; Bu ger\u00e7ek\u00e7i s\u00f6zler, ger\u00e7ek ac\u0131lar kar\u015f\u0131s\u0131nda, tuzlar\u0131 kuru, t\u0131k\u0131rlar\u0131 yolunda STK\u2019lar\u0131n, T\u00dcS\u0130AD\u2019\u0131n \u201ca\u00e7\u0131l\u0131m\u0131\u201d desteklemeleri mi \u00f6nemli, ge\u00e7erli?<\/p>\n<p style=\"text-align: justify;\">Atalay, d\u00fcnk\u00fc tepkilerden dolay\u0131 allak bullak oldular, ama \u201cyi\u011fitli\u011fe\u201d toz kondurmad\u0131, \u201ca\u00e7\u0131l\u0131ma\u201d pay \u00e7\u0131kard\u0131. \u201cBu ac\u0131lar, bu sorunun bitmesi gerekti\u011fini\u201d g\u00f6steriyor. \u00d6yle ama nas\u0131l? Apo form\u00fcl\u00fcyle mi, anl\u0131k tedbirlerle mi, yoksa y\u00f6nettikleri devletin ger\u00e7ek T.C. Devleti oldu\u011funun idraki i\u00e7indeki devlet adamlar\u0131n\u0131n radikal iradesiyle mi?<\/p>\n<p style=\"text-align: justify;\">Fakat ne ac\u0131d\u0131r ki AKP \u0130ktidar\u0131, yar\u0131n Apo\u2019dan nazil olacak \u201cyol haritas\u0131n\u0131\u201d bekliyor&#8230; H\u00fck\u00fcmet, ne derse desin \u201ca\u00e7\u0131l\u0131m\u201d bu yol haritas\u0131na endeksli ve referans, muhatap Apo!<\/p>\n<p style=\"text-align: justify;\">H\u00fck\u00fcmet bu konuda, foyas\u0131 meydana \u00e7\u0131kacak diye kayg\u0131l\u0131. \u00c7\u00fcnk\u00fc Apo\u2019nun, K\u00fcrt sorununun \u00e7\u00f6z\u00fcm\u00fcne y\u00f6nelik \u00f6nerileri, H\u00fck\u00fcmetin \u00fczerinde \u00e7al\u0131\u015ft\u0131\u011f\u0131 \u00e7\u00f6z\u00fcm \u00f6nerileriyle \u00f6rt\u00fc\u015f\u00fcyormu\u015f&#8230; Ankara, bunun toplumda infial yarataca\u011f\u0131ndan endi\u015fe ediyormu\u015f&#8230; Endi\u015fe etmekte hakl\u0131lar, endi\u015feleri, \u015fekil ve zamanlama hususunda. Apo\u2019nun yol haritas\u0131yla \u201cdemokratik a\u00e7\u0131l\u0131m\u201d  paketinin ayn\u0131 olmas\u0131, h\u00fck\u00fcmeti asl\u0131nda rahats\u0131z etmiyor! Maksatlar\u0131 ayn\u0131! Yanda\u015f medyadakiler de bunun b\u00f6yle olmas\u0131n\u0131 yad\u0131rgam\u0131yorlar, aksine tasvip ediyorlar! Son tahlilde; T.C.\u2019nin kaderi, Apo\u2019nun elinde&#8230;<\/p>\n<p style=\"text-align: justify;\">Ama bu i\u015f burada ve b\u00f6yle, bitmeyecek. Y\u00fcce Divan dosyalar\u0131 kabar\u0131yor. Erdo\u011fan\u2019\u0131n \u201c\u00fc\u00e7 ayda\u201d bitirmeyi vaat etti\u011fi \u201ca\u00e7\u0131l\u0131m\u0131n\u201d, 86 y\u0131ll\u0131k Atat\u00fcrk Cumhuriyetini bitirmesi tehlikesi gittik\u00e7e b\u00fcy\u00fcyor.<\/p>\n<p style=\"text-align: justify;\">Sorun, \u201cG\u00fcneydo\u011fu meselesinden\u201d ibaret de\u011fil. Asl\u0131nda, alt\u0131nda 1919\u2019da Sevr\u2019de, K\u00fcrt Teali Cemiyetinin talepleriyle birlikte, T\u00fcrkl\u00fc\u011f\u00fcn ve de\u011ferlerinin ink\u00e2r edilmesi talepleri var. Bug\u00fcn de, 1919\u2019daki  \u201cK\u00fcrt Nemrut Mustafa Pa\u015fa Divan\u0131 Harbi\u201d  benzerleri ve Cumhuriyetin b\u00fct\u00fcn kazan\u0131mlar\u0131n\u0131n ink\u00e2r edilmesi, T\u00dcRKL\u00dc\u011e\u00dcN yok edilmesi tehlikesi var.<\/p>\n<p style=\"text-align: justify;\">T\u00fcrk milleti  \u201cAptal\u201d  de\u011fildir&#8230; Arkada\u015flar\u0131m\u0131n beni teselli ve teskin etmek i\u00e7in  \u201cT\u00fcrklerin ayran\u0131 kabarmaya, \u00e7\u0131ld\u0131rmaya g\u00f6rs\u00fcn!\u201d  diyesiler.. B\u0131\u00e7ak kemi\u011fe dayan\u0131yor; 86 y\u0131ll\u0131k T.C. Erdo\u011fan\u2019\u0131n  \u201c\u00fc\u00e7 ay\u0131nda\u201d  feda edilemez. Bir \u015feylerin olmas\u0131 gerek!..<\/p>\n<p style=\"text-align: justify;\"><span style=\"color: #808080;\">Altemur K\u0131l\u0131\u00e7 &#8211; <a href=\"http:\/\/www.yenicaggazetesi.com.tr\/a_haberdetay.php?hityaz=9709\" target=\"_blank\">yenicaggazetesi.com.tr<\/a><\/span><\/p>\n<p style=\"text-align: justify;\"><span style=\"color: #808080;\">Yazara Ula\u015fmak i\u00e7in :altemurkilic@ttmail.com<\/span><\/p>\n","protected":false},"excerpt":{"rendered":"<p style=\"text-align: justify;\">\n<p id=\"caption-attachment-13683\" class=\"wp-caption-text\">Altemur K\u0131l\u0131\u00e7<\/p>\n<p>Ba\u015fbakan Recep Tayyip Erdo\u011fan, \u201cKararl\u0131y\u0131z, bu i\u015fi (a\u00e7\u0131l\u0131m\u0131) y\u0131lba\u015f\u0131na kadar bitirmemiz gerek\u201d diyor. Yani, 86 y\u0131ll\u0131k T\u00fcrkiye Cumhuriyetinin 3 ayda bitirilmesi laz\u0131m! Yalakalar\u0131 da, \u201cBu f\u0131rsat ka\u00e7mas\u0131n, a\u00e7\u0131l\u0131m\u0131n gaz\u0131 kesilmesin\u201d diye tela\u015flan\u0131yorlar! Hakl\u0131lar; acele edilmezse, Apo-PKK-DTP elbirli\u011fiyle giderek azarak \u201ca\u00e7\u0131l\u0131m\u0131n gaz\u0131n\u0131n\u201d art\u0131k neden kesilmesi gerekti\u011fini millete g\u00f6steriyorlar&#8230; <\/p>\n","protected":false},"author":1,"featured_media":0,"comment_status":"open","ping_status":"closed","sticky":false,"template":"","format":"standard","meta":{"footnotes":""},"categories":[16],"tags":[],"class_list":["post-13682","post","type-post","status-publish","format-standard","hentry","category-kose-yazilari","odd"],"_links":{"self":[{"href":"http:\/\/www.korhanyilmaz.com\/index.php?rest_route=\/wp\/v2\/posts\/13682","targetHints":{"allow":["GET"]}}],"collection":[{"href":"http:\/\/www.korhanyilmaz.com\/index.php?rest_route=\/wp\/v2\/posts"}],"about":[{"href":"http:\/\/www.korhanyilmaz.com\/index.php?rest_route=\/wp\/v2\/types\/post"}],"author":[{"embeddable":true,"href":"http:\/\/www.korhanyilmaz.com\/index.php?rest_route=\/wp\/v2\/users\/1"}],"replies":[{"embeddable":true,"href":"http:\/\/www.korhanyilmaz.com\/index.php?rest_route=%2Fwp%2Fv2%2Fcomments&post=13682"}],"version-history":[{"count":0,"href":"http:\/\/www.korhanyilmaz.com\/index.php?rest_route=\/wp\/v2\/posts\/13682\/revisions"}],"wp:attachment":[{"href":"http:\/\/www.korhanyilmaz.com\/index.php?rest_route=%2Fwp%2Fv2%2Fmedia&parent=13682"}],"wp:term":[{"taxonomy":"category","embeddable":true,"href":"http:\/\/www.korhanyilmaz.com\/index.php?rest_route=%2Fwp%2Fv2%2Fcategories&post=13682"},{"taxonomy":"post_tag","embeddable":true,"href":"http:\/\/www.korhanyilmaz.com\/index.php?rest_route=%2Fwp%2Fv2%2Ftags&post=13682"}],"curies":[{"name":"wp","href":"https:\/\/api.w.org\/{rel}","templated":true}]}}