{"id":13677,"date":"2009-08-18T08:02:31","date_gmt":"2009-08-18T05:02:31","guid":{"rendered":"http:\/\/www.korhanyilmaz.com\/?p=13677"},"modified":"2009-08-18T08:02:31","modified_gmt":"2009-08-18T05:02:31","slug":"daglardaki-turk-izlerini-siliyorlar","status":"publish","type":"post","link":"http:\/\/www.korhanyilmaz.com\/?p=13677","title":{"rendered":"Da\u011flardaki T\u00fcrk izlerini siliyorlar"},"content":{"rendered":"<p><a href=\"http:\/\/www.korhanyilmaz.com\/wp-content\/uploads\/2009\/08\/2009-08-18_190211.jpg\"  class=\"lightview\"><img loading=\"lazy\" decoding=\"async\" class=\"aligncenter size-full wp-image-13678\" title=\"2009-08-18_190211\" src=\"http:\/\/www.korhanyilmaz.com\/wp-content\/uploads\/2009\/08\/2009-08-18_190211.jpg\" alt=\"2009-08-18_190211\" width=\"394\" height=\"194\" \/><\/a><\/p>\n<p style=\"text-align: justify;\">\u2018Ne mutlu T\u00fcrk\u00fcm diyene\u2019 yaz\u0131s\u0131n\u0131 sildiler.<\/p>\n<p style=\"text-align: justify;\">Van\u2019\u0131n Bah\u00e7esaray il\u00e7esindeki Mustafa Kemal Atat\u00fcrk\u2019\u00fcn T\u00fcrk kimli\u011fi vurgusu yapan anlaml\u0131 s\u00f6z\u00fcn\u00fcn yerine \u2019\u00d6nce Vatan\u2019 slogan\u0131 yaz\u0131ld\u0131.<\/p>\n<p style=\"text-align: justify;\">Fatih \u00c7ekirge\u2019nin H\u00fcrriyet Gazetesi\u2019ndeki yaz\u0131s\u0131, G\u00fcneydo\u011fu\u2019da bir ger\u00e7e\u011fi ortaya \u00e7\u0131kard\u0131. S\u00f6zde K\u00fcrt a\u00e7\u0131l\u0131m\u0131n\u0131n tart\u0131\u015f\u0131ld\u0131\u011f\u0131 \u015fu g\u00fcnlerde ilk a\u00e7\u0131l\u0131m da\u011flarda yap\u0131lm\u0131\u015f. Van\u2019\u0131n Bah\u00e7esaray il\u00e7esi yak\u0131nlar\u0131nda bir tepenin yamac\u0131ndaki T\u00fcrkiye Cumhuriyeti\u2019nin kurucusu Mustafa Kemal Atat\u00fcrk\u2019\u00fcn s\u00f6z\u00fc olan \u201cNe mutlu T\u00fcrk\u00fcm diyene\u201d s\u00f6z\u00fc silinmi\u015f. Yerine \u201c\u00d6nce Vatan\u201d slogan\u0131 yaz\u0131lm\u0131\u015f. <!--more--><\/p>\n<p style=\"text-align: justify;\"><strong><em>Bir ya\u015fl\u0131 anlat\u0131yor<\/em><\/strong><\/p>\n<p style=\"text-align: justify;\">\u00c7ekirge\u2019nin yaz\u0131s\u0131ndan, de\u011fi\u015fikli\u011fin b\u00f6lge milletvekilleri ve ileri gelenlerin iste\u011fi ile yerine getirildi\u011fi anla\u015f\u0131yor. Yaz\u0131da Fatih \u00c7ekirge, konuyu Bah\u00e7esaray Festivali nedeniyle kat\u0131ld\u0131\u011f\u0131 bir yemekte yan\u0131nda oturan bir ya\u015fl\u0131n\u0131n, kendisine anlatt\u0131\u011f\u0131na yer veriyor. Ad\u0131n\u0131 vermedi\u011fi k\u00f6yl\u00fc, \u00c7ekirge\u2019ye, \u201cBiliyor musun devlet art\u0131k makul&#8230; Devlet \u015fefkati geliyor&#8230;\u201d diyor. Eliyle da\u011fdaki \u2019\u00d6nce Vatan\u2019yaz\u0131s\u0131n\u0131 g\u00f6sterirken yine f\u0131s\u0131ld\u0131yor: \u201cBak \u015fu da\u011fdaki yaz\u0131n\u0131n yerinde daha \u00f6nce \u201d Ne Mutlu T\u00fcrk\u2019\u00fcm diyene \u201c yaz\u0131yordu&#8230;\u201d Bu olay sayesinde ya\u015fl\u0131n\u0131n kafas\u0131ndaki devlet eski \u00f6zelliklerini (yaz\u0131da belirtilmemi\u015f) bir anda kaybediyor.  \u201cMakul\u201d oluyor, \u201cdevlet \u015fefkati\u201d geliyor. Bu sevindirici ve \u00e7ok \u00f6nemli geli\u015fmeyi de il\u00e7esine gelen bir gazeteciyle payla\u015fmay\u0131 bir g\u00f6rev biliyor.<\/p>\n<p style=\"text-align: justify;\">Yaz\u0131da, k\u00f6yl\u00fcn\u00fcn d\u00fc\u015f\u00fcncesinin bu \u015fekilde de\u011fi\u015fmesine neden olan tek bir olay anlat\u0131l\u0131yor.  Da\u011f\u0131n yamac\u0131ndaki \u201cNe mutlu T\u00fcrk\u00fcm diyene\u201d yaz\u0131s\u0131n\u0131n silinmesi. Yerine de \u201c\u00d6nce Vatan\u201d yaz\u0131lmas\u0131. \u00c7ekirge, yaz\u0131s\u0131nda k\u00f6yl\u00fcn\u00fcn, bu \u015fekilde sevinip, mutlu olmas\u0131na devlet hakk\u0131ndaki d\u00fc\u015f\u00fcncelerinin de\u011fi\u015fmesine neden olacak ba\u015fka ekonomik, sosyal ya da k\u00fclt\u00fcrel hi\u00e7 bir geli\u015fmeden bahsetmiyor. Bir  k\u00f6yl\u00fcn\u00fcn anlat\u0131m\u0131na g\u00f6re: \u00c7ekirge geli\u015fmeyi \u015f\u00f6yle aktar\u0131yor:<\/p>\n<p style=\"text-align: justify;\"><strong><em>Yanl\u0131\u015f anla\u015f\u0131l\u0131r<\/em><\/strong><\/p>\n<p style=\"text-align: justify;\">\u201cB\u00f6lgenin milletvekilleri, ileri gelenleri devlete demi\u015fler ki; \u2019Kimsenin bu s\u00f6zle bir sorunu yok. Ama hassasiyetleri biliyorsunuz. Bu hassasiyetler \u00fczerinden yap\u0131lan propaganday\u0131 biliyorsunuz. \u015eimdi ben K\u00fcrd\u00fcm diyen insanlar\u0131n \u00f6n\u00fcne \u2018Ne mutlu T\u00fcrk\u2019\u00fcm diye yazarsan\u0131z bu yanl\u0131\u015f anla\u015f\u0131l\u0131r&#8230; Bunu kullananlar \u00e7\u0131kar.\u201d<\/p>\n<p style=\"text-align: justify;\"><strong><em>Geli\u015fmeyi \u00f6nemsiyor<\/em><\/strong><\/p>\n<p style=\"text-align: justify;\">\u00c7ekirge, geli\u015fmeyi \u015f\u00f6yle yorumluyor: \u201cBu uyar\u0131lar makul gelmi\u015f. Ve o da\u011fa \u201d \u00d6nce Vatan \u201c  diye yaz\u0131lm\u0131\u015f&#8230;\u0130\u015fte ben bu geli\u015fmeyi \u00f6nemsiyorum&#8230; Elbette \u201d Ne mutlu T\u00fcrk\u2019\u00fcm Diyene \u201c yaz\u0131s\u0131 beni rahats\u0131z etmez&#8230; \u00c7\u00fcnk\u00fc ben bu s\u00f6z\u00fc, bir Irk\u2019\u0131n b\u00f6b\u00fcrlenmesi ya da kendisini di\u011ferlerine \u00fcst\u00fcn g\u00f6rmesi olarak alg\u0131lam\u0131yorum. Ben bu s\u00f6z\u00fc, bu topraklarda ya\u015fayan insanlar\u0131n kendisini bir millet olarak bu isimle tan\u0131mlamas\u0131 olarak  d\u00fc\u015f\u00fcn\u00fcyorum\u201d<\/p>\n<p style=\"text-align: justify;\"><span style=\"color: #888888;\">Salim YAVA\u015eO\u011eLU &#8211; <a href=\"http:\/\/www.yenicaggazetesi.com.tr\/haberdetay.php?hit=21675\" target=\"_blank\">yenicaggazetesi.com.tr<\/a><\/span><\/p>\n","protected":false},"excerpt":{"rendered":"<\/p>\n<p style=\"text-align: justify;\">\u2018Ne mutlu T\u00fcrk\u00fcm diyene\u2019 yaz\u0131s\u0131n\u0131 sildiler.<\/p>\n<p style=\"text-align: justify;\">Van\u2019\u0131n Bah\u00e7esaray il\u00e7esindeki Mustafa Kemal Atat\u00fcrk\u2019\u00fcn T\u00fcrk kimli\u011fi vurgusu yapan anlaml\u0131 s\u00f6z\u00fcn\u00fcn yerine \u2019\u00d6nce Vatan\u2019 slogan\u0131 yaz\u0131ld\u0131.<\/p>\n<p style=\"text-align: justify;\">Fatih \u00c7ekirge\u2019nin H\u00fcrriyet Gazetesi\u2019ndeki yaz\u0131s\u0131, G\u00fcneydo\u011fu\u2019da bir ger\u00e7e\u011fi ortaya \u00e7\u0131kard\u0131. S\u00f6zde K\u00fcrt a\u00e7\u0131l\u0131m\u0131n\u0131n tart\u0131\u015f\u0131ld\u0131\u011f\u0131 \u015fu g\u00fcnlerde ilk a\u00e7\u0131l\u0131m da\u011flarda yap\u0131lm\u0131\u015f. Van\u2019\u0131n Bah\u00e7esaray il\u00e7esi yak\u0131nlar\u0131nda bir <\/p>\n","protected":false},"author":1,"featured_media":0,"comment_status":"open","ping_status":"closed","sticky":false,"template":"","format":"standard","meta":{"footnotes":""},"categories":[105],"tags":[],"class_list":["post-13677","post","type-post","status-publish","format-standard","hentry","category-gundem","odd"],"_links":{"self":[{"href":"http:\/\/www.korhanyilmaz.com\/index.php?rest_route=\/wp\/v2\/posts\/13677","targetHints":{"allow":["GET"]}}],"collection":[{"href":"http:\/\/www.korhanyilmaz.com\/index.php?rest_route=\/wp\/v2\/posts"}],"about":[{"href":"http:\/\/www.korhanyilmaz.com\/index.php?rest_route=\/wp\/v2\/types\/post"}],"author":[{"embeddable":true,"href":"http:\/\/www.korhanyilmaz.com\/index.php?rest_route=\/wp\/v2\/users\/1"}],"replies":[{"embeddable":true,"href":"http:\/\/www.korhanyilmaz.com\/index.php?rest_route=%2Fwp%2Fv2%2Fcomments&post=13677"}],"version-history":[{"count":0,"href":"http:\/\/www.korhanyilmaz.com\/index.php?rest_route=\/wp\/v2\/posts\/13677\/revisions"}],"wp:attachment":[{"href":"http:\/\/www.korhanyilmaz.com\/index.php?rest_route=%2Fwp%2Fv2%2Fmedia&parent=13677"}],"wp:term":[{"taxonomy":"category","embeddable":true,"href":"http:\/\/www.korhanyilmaz.com\/index.php?rest_route=%2Fwp%2Fv2%2Fcategories&post=13677"},{"taxonomy":"post_tag","embeddable":true,"href":"http:\/\/www.korhanyilmaz.com\/index.php?rest_route=%2Fwp%2Fv2%2Ftags&post=13677"}],"curies":[{"name":"wp","href":"https:\/\/api.w.org\/{rel}","templated":true}]}}