{"id":13664,"date":"2009-08-18T18:47:05","date_gmt":"2009-08-18T15:47:05","guid":{"rendered":"http:\/\/www.korhanyilmaz.com\/?p=13664"},"modified":"2009-08-18T18:47:05","modified_gmt":"2009-08-18T15:47:05","slug":"alemi-sersem-milleti-kormu-saniyorsunuz","status":"publish","type":"post","link":"http:\/\/www.korhanyilmaz.com\/?p=13664","title":{"rendered":"Alemi sersem milleti k\u00f6rm\u00fc san\u0131yorsunuz"},"content":{"rendered":"<p style=\"text-align: justify;\"><a href=\"http:\/\/www.korhanyilmaz.com\/wp-content\/uploads\/2009\/08\/\u00f6calan3.jpg\"  class=\"lightview\"><img loading=\"lazy\" decoding=\"async\" class=\"aligncenter size-full wp-image-13665\" src=\"http:\/\/www.korhanyilmaz.com\/wp-content\/uploads\/2009\/08\/\u00f6calan3.jpg\" alt=\"\" width=\"398\" height=\"192\" \/><\/a><\/p>\n<p style=\"text-align: justify;\">S\u00d6ZDE \u201ca\u00e7\u0131l\u0131m\u201d ad\u0131 alt\u0131nda sahnelenen tehlikeli oyunda b\u00f6l\u00fcc\u00fc ter\u00f6r \u00f6rg\u00fct\u00fc PKK ve onun siyasi kanad\u0131 DTP ile birlikte rol kapma yar\u0131\u015f\u0131na giren  i\u015fbirlik\u00e7iler, T\u00fcrkiye\u2019yi gerdi.<\/p>\n<p style=\"text-align: justify;\"><strong><em>40 bin ki\u015finin katili<\/em><\/strong><\/p>\n<p style=\"text-align: justify;\">D\u00dcN\u00dc unutturacaklar\u0131n\u0131 sanan hainler, T\u00fcrkiye\u2019de 25 y\u0131ld\u0131r, \u00e7o\u011fu kad\u0131n ve \u00e7ocuk 40 bin ki\u015finin kan\u0131n\u0131 d\u00f6ken \u00e7eteba\u015f\u0131 Abdullah \u00d6calan i\u00e7in \u201cdemokratik lider\u201d pazarlamas\u0131 yap\u0131yor.<\/p>\n<p style=\"text-align: justify;\"><strong>\u0130\u015eTE CAN\u0130<\/strong><\/p>\n<p style=\"text-align: justify;\">* AKP \u0130ktidar\u0131n\u0131n a\u00e7\u0131l\u0131m \u00e7al\u0131\u015fmalar\u0131ndan cesaret alan \u0130mral\u0131 canisi \u00d6calan\u2019\u0131n dili \u00e7\u00f6z\u00fcld\u00fc, demokrasi nutuklar\u0131 havada u\u00e7u\u015ftu!<\/p>\n<p style=\"text-align: justify;\">* Binlerce insan\u0131n katili oldu\u011funu unutan Abdullah \u00d6calan, bar\u0131\u015f ve karde\u015flik i\u00e7in projeye herkesin destek vermesini istedi!<\/p>\n<p style=\"text-align: justify;\">Binlerce insan\u0131n katili olan Abdullah \u00d6calan, \u201cDemokrasi havarisi\u201d kesildi. \u00d6m\u00fcr boyu hapse mahkum edildi\u011fi \u0130mral\u0131\u2019dan avukatlar\u0131 arac\u0131l\u0131\u011f\u0131yla, iktidar\u0131n a\u00e7\u0131l\u0131m projesi hakk\u0131nda mesajlar g\u00f6nderen cani, AKP\u2019ye destek verdi. T\u0131pk\u0131 Ba\u015fbakan Erdo\u011fan gibi \u00e7\u00f6z\u00fcm\u00fcn y\u0131l sonuna b\u0131rak\u0131lamayaca\u011f\u0131n\u0131 ifade eden bebek katili, \u201cK\u00fcrtlerin demokratik ulus olma hakk\u0131n\u0131n\u201d  kabul edilmesi gerekti\u011fini \u00f6ne s\u00fcrd\u00fc. PKK\u2019ya yak\u0131nl\u0131\u011f\u0131yla bilinen F\u0131rat Haber Ajans\u0131\u2019n\u0131n haberine g\u00f6re \u00d6calan \u015funlar\u0131 s\u00f6yledi: <!--more--><\/p>\n<p style=\"text-align: justify;\"><em><strong>Ba\u015flanan i\u015f tamamlanacak<\/strong><\/em><\/p>\n<p style=\"text-align: justify;\">* Sorumlulu\u011fu sadece benim \u00fczerime atarak bu i\u015fler y\u00fcr\u00fcmez. \u201cBir yerlerde haz\u0131rlans\u0131n, ben de emre uyay\u0131m\u201d demekle olmaz. Bir yerden \u0131smarlama \u00e7\u00f6z\u00fcmler beklemek \u00e7\u00f6z\u00fcme g\u00f6t\u00fcrmez. Bu tip \u00e7\u00f6z\u00fcm mant\u0131\u011f\u0131 eskiden teokratik d\u00fczenlerde h\u00e2kimdi.<\/p>\n<p style=\"text-align: justify;\">* Yeni bir s\u00fcre\u00e7 ba\u015flad\u0131. Bu yeni, farkl\u0131 bir d\u00f6nem. Mustafa Kemal\u2019in cumhuriyeti kurmas\u0131 kadar \u00f6nemlidir bu s\u00fcre\u00e7. Demokratik bir toplum in\u015fa edilecek bu d\u00f6nemde. Ben cumhuriyetin kazan\u0131mlar\u0131n\u0131 g\u00f6z ard\u0131 etmiyorum, ama cumhuriyet \u015fimdi demokratikle\u015fecek, t\u00fcm olumlu yanlar\u0131, kazan\u0131mlar\u0131 yeni d\u00f6neme ta\u015f\u0131r\u0131lacak. Ge\u00e7 oldu ama iyi olacak. 1920\u2019lerde ba\u015flanan i\u015fi \u015fimdi tamamlayaca\u011f\u0131z.<\/p>\n<p style=\"text-align: justify;\"><strong><em>DTP s\u00fcreci iyi anlamal\u0131<\/em><\/strong><\/p>\n<p style=\"text-align: justify;\">* Herkes bu yeni s\u00fcreci, d\u00f6nemi iyi anlamal\u0131d\u0131r. DTP de derinlemesine anlamal\u0131d\u0131r. DTP bu yeni d\u00f6nemi anlamazsa, derinlemesine anlamazsa a\u015f\u0131l\u0131r. MHP ve CHP, bu s\u00fcrecin \u00f6n\u00fcnde engel olmamal\u0131d\u0131r. Engel olmaya devam ederlerse alt\u0131 aya kalmaz biterler. AKP de fazla bekleyemez. Yeni y\u0131l\u0131 bile bekleyemezler. Bir iki ay sonra AKP\u2019nin ger\u00e7ek niyeti, gidebilece\u011fi yer belli olur.<\/p>\n<p style=\"text-align: justify;\"><strong><em>ABD uzla\u015fmak zorunda<\/em><\/strong><\/p>\n<p style=\"text-align: justify;\">* Amerika ve di\u011fer siyasi g\u00fc\u00e7ler, yeni bir tarzla Ortado\u011fu\u2019da politika y\u00fcr\u00fctecek. Bu s\u00fcre\u00e7te PKK\u2019n\u0131n da olmas\u0131n\u0131 istemiyor, ancak bunu zorla, silahla bitiremeyece\u011fini anlam\u0131\u015f durumda. PKK\u2019y\u0131 da silahs\u0131zland\u0131rmak istiyor, ama bizimle de uzla\u015fmak zorunda. Bir uzla\u015fma do\u011facak. Bu, \u0130ngiltere ve Amerika\u2019n\u0131n iki y\u00fcz y\u0131ll\u0131k politikalar\u0131n\u0131n bizi de dikkate alacak uzla\u015fmas\u0131 olacak.<\/p>\n<p style=\"text-align: justify;\"><strong><em>Federasyona kar\u015f\u0131y\u0131m<\/em><\/strong><\/p>\n<p style=\"text-align: justify;\">* Eskiden devlet kurarsak her \u015fey hallolunur diye d\u00fc\u015f\u00fcn\u00fcyordum. Sonra devletin \u00e7\u00f6z\u00fcm de\u011fil, sorunun kayna\u011f\u0131 oldu\u011fu d\u00fc\u015f\u00fcncesine vard\u0131m. Devletin varl\u0131\u011f\u0131 sorunu \u00e7\u00f6zm\u00fcyor, daha da derinle\u015ftiriyor. Bu nedenle ben \u00e7\u00f6z\u00fcm\u00fc devlette g\u00f6rm\u00fcyorum. Bana, Amerika\u2019n\u0131n Barzani\u2019ye verdi\u011fi gibi bir federasyon deseler bunu kabul etmem. Benim \u00e7\u00f6z\u00fcm\u00fcm bunu a\u015f\u0131yor. Avrupa modeli benimkine biraz yak\u0131nd\u0131, ama Avrupa\u2019dan da daha geli\u015fkindir, Avrupa modeli tam demokratik de\u011fil.<\/p>\n<p style=\"text-align: justify;\"><strong><em>Ulus hakk\u0131m\u0131z olacak<\/em><\/strong><\/p>\n<p style=\"text-align: justify;\">* Benim \u00e7\u00f6z\u00fcm modelim \u015fudur: Devlet olacak, di\u011fer tarafta da demokratik K\u00fcrt ulusu olacak. K\u00fcrtler devletin varl\u0131\u011f\u0131n\u0131 tan\u0131yacak, kabul edecek. Devlet de K\u00fcrtlerin demokratik ulus olma hakk\u0131n\u0131 kabul edecek. B\u00f6ylece orta bir yerde bulu\u015facak, uzla\u015facaklar. Sonra devlet isterse yine her yerde bayra\u011f\u0131 olacak, isterse her yere hizmet g\u00f6t\u00fcrecek, isterse her yerde T\u00fcrk\u00e7e \u00f6\u011fretecek.<\/p>\n<p style=\"text-align: justify;\"><em><strong>K\u00fcrtlerin meclisi kurulmal\u0131<\/strong><\/em><\/p>\n<p style=\"text-align: justify;\">* K\u00fcrtlerin her alanda \u00f6rg\u00fctlenmesinin \u00f6n\u00fc a\u00e7\u0131lacak, K\u00fcrtler demokratik bir ulus olarak varl\u0131k kazanacak. Kendi sporunu, e\u011fitimini, dini \u00f6rg\u00fctlenmelerini, meclisini, belediyelerini yapabilirse kendisi yapacak, kuracak. Hatta kendi \u00f6z savunmas\u0131 bile olacak. Kendi ihtilaflar\u0131n\u0131 \u00e7\u00f6zecek bir savunma g\u00fcc\u00fc olacak. K\u00fcrtler, kendini demokratik bir \u015fekilde \u00f6rg\u00fctleyecek, savunacak. Bu s\u00fcre\u00e7te \u00f6n\u00fcm\u00fcn a\u00e7\u0131lmas\u0131 i\u00e7in, bunu hep beraber y\u00fcr\u00fctebilmemiz i\u00e7in ko\u015fullar\u0131m\u0131n d\u00fczeltilmesi laz\u0131m.<\/p>\n<p style=\"text-align: justify;\"><img loading=\"lazy\" decoding=\"async\" class=\"aligncenter size-full wp-image-13668\" src=\"http:\/\/www.korhanyilmaz.com\/wp-content\/uploads\/2009\/08\/d-ap-1.jpg\" alt=\"\" width=\"400\" height=\"1302\" \/><\/p>\n<p style=\"text-align: justify;\"><img loading=\"lazy\" decoding=\"async\" class=\"aligncenter size-full wp-image-13667\" style=\"margin-top: 15px; margin-bottom: 15px;\" src=\"http:\/\/www.korhanyilmaz.com\/wp-content\/uploads\/2009\/08\/d-ap-21.jpg\" alt=\"\" width=\"500\" height=\"684\" \/><\/p>\n<p style=\"text-align: justify;\"><strong>\u0130\u015eTE ESER\u0130<\/strong><\/p>\n<p style=\"text-align: justify;\">Bug\u00fcn, birileri onu demokrasi havarisi ilan ediyor ve muhatap al\u0131nmas\u0131n\u0131 istiyor&#8230; Hem de bu katliamlar\u0131 unutturmaya \u00e7al\u0131\u015farak;<\/p>\n<p style=\"text-align: justify;\">15 A\u011fustos 1984;  PKK\u2019l\u0131 ter\u00f6ristler Siirt Eruh Ba\u011fg\u00f6z\u00fc\u2019de 1 eri \u015fehit ederek ilk kan\u0131 d\u00f6kt\u00fcler<\/p>\n<p style=\"text-align: justify;\">21 Ekim 1993;  Siirt, Baykan, G\u00fcnbulak k\u00f6y\u00fc, Derince mezras\u0131n\u0131 kana bulayan hainler 13\u2019\u00fc \u00e7ocuk 22 ki\u015fiyi \u00f6ld\u00fcrd\u00fc<\/p>\n<p style=\"text-align: justify;\">1 Ekim 1992; Bitlis\u2019in Cevizdal\u0131 k\u00f6y\u00fcn\u00fc basan ter\u00f6ristler, aralar\u0131nda \u00e7ocuk ve kad\u0131nlar\u0131n bulundu\u011fu 30 ki\u015fiyi \u00f6ld\u00fcrd\u00fc<\/p>\n<p style=\"text-align: justify;\">25 Aral\u0131k 1991; \u0130stanbul Bak\u0131rk\u00f6y\u2019de  \u00c7etinkaya Ma\u011fazas\u0131\u2019ndaki PKK\u2019n\u0131n bombal\u0131 eyleminde 6 \u00e7ocuk ve 6 kad\u0131n can verdi<\/p>\n<p style=\"text-align: justify;\">5 Temmuz 1993; Erzincan\u2019\u0131n Ba\u015fba\u011flar K\u00f6y\u00fc\u2019n\u00fc basan t\u00f6r\u00f6ristler 33 vatanda\u015f\u0131   kur\u015funa dizdi<\/p>\n<p style=\"text-align: justify;\">26 Haziran 1993; Mardin Ye\u015filli\u2019deki   Koyunlu K\u00f6y\u00fc\u2019nde 1\u2019i \u00e7ocuk 8 k\u00f6yl\u00fc katledildi<\/p>\n<p style=\"text-align: justify;\">19 Mart 1992; \u015e\u0131rnak Cizre\u2019de PKK\u2019ya destek vermek istemeyen bir vatanda\u015f sokak ortas\u0131nda katledildi<\/p>\n<p style=\"text-align: justify;\">21 Ocak 1994;  Mardin\u2019in Ormanc\u0131k ve Aky\u00fcrek k\u00f6yleri\u2019nde 10\u2019u \u00e7ocuk 20 ki\u015fi haince \u00f6ld\u00fcr\u00fcld\u00fc<\/p>\n<p style=\"text-align: justify;\">11 Eyl\u00fcl 1994; Tunceli\u2019nin Dar\u0131kent   beldesinde 6 \u00f6\u011fretmen kur\u015funa dizildi<\/p>\n<p style=\"text-align: justify;\">29 Eyl\u00fcl 1993; Batman Ba\u015fkonak   K\u00f6y\u00fc\u2019nde 2\u2019si \u00e7ocuk 5 ki\u015fi katledildi<\/p>\n<p style=\"text-align: justify;\">4 Kas\u0131m 1993; Siirt Daltepe K\u00f6y\u00fc\u2019ne   yap\u0131lan bask\u0131nda 10\u2019u \u00e7ocuk 33 k\u00f6yl\u00fc   ac\u0131mas\u0131zca \u00f6ld\u00fcr\u00fcld\u00fc<\/p>\n<p style=\"text-align: justify;\">15 May\u0131s 1994; Erzincan\u2019\u0131n Edeb\u00fck   K\u00f6y\u00fc\u2019nde 2\u2019si \u00e7ocuk 7 ki\u015fi katledildi<\/p>\n<p style=\"text-align: justify;\">14 Mart 1999; \u0130stanbul Mavi \u00c7ar\u015f\u0131\u2019ya molotof kokteyli sald\u0131r\u0131da 11 ki\u015fi hayat\u0131n\u0131 kaybetti<\/p>\n<p style=\"text-align: justify;\">24 Temmuz 1995; Van G\u00fcrp\u0131nar\u2019daki Atabinen K\u00f6y\u00fc\u2019ne kanl\u0131 bask\u0131n: 3\u2019\u00fc \u00e7ocuk  12 ki\u015fi katledildi<\/p>\n<p style=\"text-align: justify;\">17 Ekim 1994; Elaz\u0131\u011f Kulundere   K\u00f6y\u00fc\u2019ndeki tek ilkokul, hain ter\u00f6ristlerce   ate\u015fe verildi<\/p>\n<p style=\"text-align: justify;\">13 \u015eubat 1994; \u0130stanbul Tuzla tren   istasyonunda ger\u00e7ekle\u015ftirlen bombalamada  5 yedek subay \u00f6\u011frenci can verdi<\/p>\n<p style=\"text-align: justify;\">25 Ekim1993; Erzurum \u00c7at\u2019taki Yavi   Beldesi\u2019ne ger\u00e7ekle\u015ftirilen bask\u0131nda 40 ki\u015fi ac\u0131mas\u0131zca \u00f6ld\u00fcr\u00fcld\u00fc<\/p>\n<p style=\"text-align: justify;\">24 Ekim 1987; Mardin, Midyat, Bayburt K\u00f6yleri, Efeler Mezras\u0131na kanl\u0131 bask\u0131n; 7\u2019si  \u00e7ocuk 11 k\u00f6yl\u00fc katledildi<\/p>\n<p style=\"text-align: justify;\">20 Haziran 1987; Mardin P\u0131narc\u0131k   K\u00f6y\u00fc\u2019n\u00fc hedef alan ter\u00f6ristler 17\u2019si \u00e7ocuk  30 ki\u015fiyi katletti,<\/p>\n<p style=\"text-align: justify;\">7 Ekim 1993; Tunceli P\u0131narlar K\u00f6y\u00fc   katliam\u0131nda 4 \u00f6\u011fretmen kur\u015funa dizildi<\/p>\n<p style=\"text-align: justify;\">7 Mart1987;  Mardin Nusaybin\u2019deki  A\u00e7\u0131kyol K\u00f6y\u00fc ter\u00f6ristler taraf\u0131ndan bas\u0131ld\u0131,   6\u2019s\u0131 \u00e7ocuk 8 ki\u015fi kurban edildi<\/p>\n<p style=\"text-align: justify;\">29 Haziran 1993; Mardin Yal\u0131m K\u00f6y\u00fc\u2019ne d\u00fczenlenen sald\u0131r\u0131da 4\u2019\u00fc \u00e7ocuk 6 ki\u015fi \u00f6ld\u00fcr\u00fcld\u00fc<\/p>\n<p style=\"text-align: justify;\">09 Kas\u0131m 1992; Diyarbak\u0131r Hani\u2019de 4\u2019\u00fc \u00e7ocuk 13 ki\u015fi katledildi<\/p>\n<p style=\"text-align: justify;\">01 Temmuz 1992; ter\u00f6ristler Hizan\u2019da 10 ki\u015fiyi katletti.<\/p>\n<p style=\"text-align: justify;\">22 Temmuz 1992; \u00c7ukurca\u2019da hain pusu: 10 er \u015fehit.<\/p>\n<p style=\"text-align: justify;\">05 A\u011fustos 1992; Midyat\u2019ta biri korucu 4 ki\u015fi PKK bask\u0131n\u0131na kar\u015f\u0131 koyarlarken can verdi<\/p>\n<p style=\"text-align: justify;\">28 Eyl\u00fcl 1992; Mutki ve Lice\u2019de   askerlerimize pusu kuruldu. 14 er \u015fehit.<\/p>\n<p style=\"text-align: justify;\">23 A\u011fustos 1993; Suriye s\u0131n\u0131r\u0131nda karakol bask\u0131n\u0131; 18 \u015fehit.<\/p>\n<p style=\"text-align: justify;\">5 Kas\u0131m 1994; Mardin, Savur P\u0131nardere k\u00f6y\u00fcnde 4 \u00f6\u011fretmen \u00f6ld\u00fcr\u00fcld\u00fc<\/p>\n<p style=\"text-align: justify;\">17 Kas\u0131m 1994;  Siirt\u2019in merkeze ba\u011fl\u0131 \u00c7\u00f6lk\u00f6y\u00fc bas\u0131ld\u0131: 10 vatanda\u015f\u0131m\u0131z haince   katledildi<\/p>\n<p style=\"text-align: justify;\">24 Temmuz 1995; Van\u2019\u0131n G\u00fcrp\u0131nar il\u00e7esine sald\u0131ran PKK ter\u00f6ristleri, 12 ki\u015fiyi  \u00f6ld\u00fcrd\u00fc, 2 g\u00fcvenlik g\u00f6revlisi \u015fehit oldu<\/p>\n<p style=\"text-align: justify;\">3 Eyl\u00fcl 1996; Van\u2019da ter\u00f6ristlerle girilen \u00e7at\u0131\u015fmalarda 12 asker \u015fehit d\u00fc\u015ft\u00fc.<\/p>\n<p style=\"text-align: center;\"><img loading=\"lazy\" decoding=\"async\" class=\"aligncenter size-full wp-image-13669\" style=\"margin-top: 15px; margin-bottom: 15px;\" src=\"http:\/\/www.korhanyilmaz.com\/wp-content\/uploads\/2009\/08\/3-ap-1.jpg\" alt=\"\" width=\"300\" height=\"498\" \/><\/p>\n<p style=\"text-align: justify;\"><img loading=\"lazy\" decoding=\"async\" class=\"aligncenter size-full wp-image-13670\" style=\"margin-top: 15px; margin-bottom: 15px;\" src=\"http:\/\/www.korhanyilmaz.com\/wp-content\/uploads\/2009\/08\/3-ap-2.jpg\" alt=\"\" width=\"400\" height=\"863\" \/><img loading=\"lazy\" decoding=\"async\" class=\"aligncenter size-full wp-image-13671\" style=\"margin-top: 15px; margin-bottom: 15px;\" src=\"http:\/\/www.korhanyilmaz.com\/wp-content\/uploads\/2009\/08\/3-ap-3.jpg\" alt=\"\" width=\"500\" height=\"245\" \/><\/p>\n<p style=\"text-align: justify;\"><strong><em>PKK kana doymak bilmedi<\/em><\/strong><\/p>\n<p style=\"text-align: justify;\">ter\u00d6ristler\u0130n son kanl\u0131 eylemlerinden biri de Hakkari\u2019deki Akt\u00fct\u00fcn Jandarma Karakolu\u2019na ger\u00e7ekle\u015fti. 3 Ekim 2008\u2019de d\u00fczenlenen hain sald\u0131r\u0131da 1 astsubay, 6 uzman erba\u015f ve 8 er \u015fehit d\u00fc\u015fm\u00fc\u015ft\u00fc. Pompal\u0131 t\u00fcfekler ve roketatarlarla sald\u0131ran ter\u00f6ristlerden 250\u2019si etkisiz hale getirilmi\u015fti.<\/p>\n<p style=\"text-align: justify;\"><strong><em>Da\u011fl\u0131ca Sald\u0131r\u0131s\u0131 h\u00e2l\u00e2 haf\u0131zalarda<\/em><\/strong><\/p>\n<p style=\"text-align: justify;\">250 PKK\u2019l\u0131 ter\u00f6ristin, 22 Ekim 2007\u2019de Hakkari\u2019deki Da\u011fl\u0131ca Komando Taburu\u2019na d\u00fczenledi\u011fi sald\u0131r\u0131da 12 asker \u015fehit d\u00fc\u015fm\u00fc\u015f, 16 asker ise yaralanm\u0131\u015ft\u0131. T\u00fcrkiye g\u00fcnlerce \u015fehitlerine a\u011flam\u0131\u015f, ter\u00f6rist \u00f6rg\u00fct PKK\u2019ya T\u00fcrkiye\u2019nin her k\u00f6\u015fesinden lanet ya\u011fd\u0131r\u0131lm\u0131\u015ft\u0131.<\/p>\n<p style=\"text-align: justify;\"><a href=\"http:\/\/www.yenicaggazetesi.com.tr\/haberdetay.php?hit=21671\" target=\"_blank\"><span style=\"color: #888888;\">Kaynak : \u00d6nsel \u00dcnal &#8211; Yeni\u00e7aggazetesi.com <\/span><\/a><\/p>\n","protected":false},"excerpt":{"rendered":"<p style=\"text-align: justify;\">\n<p style=\"text-align: justify;\">S\u00d6ZDE \u201ca\u00e7\u0131l\u0131m\u201d ad\u0131 alt\u0131nda sahnelenen tehlikeli oyunda b\u00f6l\u00fcc\u00fc ter\u00f6r \u00f6rg\u00fct\u00fc PKK ve onun siyasi kanad\u0131 DTP ile birlikte rol kapma yar\u0131\u015f\u0131na giren i\u015fbirlik\u00e7iler, T\u00fcrkiye\u2019yi gerdi.<\/p>\n<p style=\"text-align: justify;\">40 bin ki\u015finin katili<\/p>\n<p style=\"text-align: justify;\">D\u00dcN\u00dc unutturacaklar\u0131n\u0131 sanan hainler, T\u00fcrkiye\u2019de 25 y\u0131ld\u0131r, \u00e7o\u011fu kad\u0131n ve \u00e7ocuk 40 bin ki\u015finin kan\u0131n\u0131 d\u00f6ken \u00e7eteba\u015f\u0131 <\/p>\n","protected":false},"author":1,"featured_media":0,"comment_status":"open","ping_status":"closed","sticky":false,"template":"","format":"standard","meta":{"footnotes":""},"categories":[105],"tags":[],"class_list":["post-13664","post","type-post","status-publish","format-standard","hentry","category-gundem","odd"],"_links":{"self":[{"href":"http:\/\/www.korhanyilmaz.com\/index.php?rest_route=\/wp\/v2\/posts\/13664","targetHints":{"allow":["GET"]}}],"collection":[{"href":"http:\/\/www.korhanyilmaz.com\/index.php?rest_route=\/wp\/v2\/posts"}],"about":[{"href":"http:\/\/www.korhanyilmaz.com\/index.php?rest_route=\/wp\/v2\/types\/post"}],"author":[{"embeddable":true,"href":"http:\/\/www.korhanyilmaz.com\/index.php?rest_route=\/wp\/v2\/users\/1"}],"replies":[{"embeddable":true,"href":"http:\/\/www.korhanyilmaz.com\/index.php?rest_route=%2Fwp%2Fv2%2Fcomments&post=13664"}],"version-history":[{"count":0,"href":"http:\/\/www.korhanyilmaz.com\/index.php?rest_route=\/wp\/v2\/posts\/13664\/revisions"}],"wp:attachment":[{"href":"http:\/\/www.korhanyilmaz.com\/index.php?rest_route=%2Fwp%2Fv2%2Fmedia&parent=13664"}],"wp:term":[{"taxonomy":"category","embeddable":true,"href":"http:\/\/www.korhanyilmaz.com\/index.php?rest_route=%2Fwp%2Fv2%2Fcategories&post=13664"},{"taxonomy":"post_tag","embeddable":true,"href":"http:\/\/www.korhanyilmaz.com\/index.php?rest_route=%2Fwp%2Fv2%2Ftags&post=13664"}],"curies":[{"name":"wp","href":"https:\/\/api.w.org\/{rel}","templated":true}]}}