{"id":13659,"date":"2009-08-18T09:25:44","date_gmt":"2009-08-18T06:25:44","guid":{"rendered":"http:\/\/www.korhanyilmaz.com\/?p=13659"},"modified":"2009-08-18T09:25:44","modified_gmt":"2009-08-18T06:25:44","slug":"ocalan-genelkurmaya-ne-yazdi","status":"publish","type":"post","link":"http:\/\/www.korhanyilmaz.com\/?p=13659","title":{"rendered":"\u00d6calan Genelkurmaya ne Yazd\u0131?"},"content":{"rendered":"<p style=\"text-align: justify;\"><a href=\"http:\/\/www.korhanyilmaz.com\/wp-content\/uploads\/2009\/08\/\u00f6calan2.jpg\"  class=\"lightview\"><img loading=\"lazy\" decoding=\"async\" class=\"aligncenter size-full wp-image-13660\" src=\"http:\/\/www.korhanyilmaz.com\/wp-content\/uploads\/2009\/08\/\u00f6calan2.jpg\" alt=\"\" width=\"366\" height=\"205\" \/><\/a><\/p>\n<p style=\"text-align: justify;\">Son g\u00fcnlerde h\u00fck\u00fcmetin K\u00fcrt a\u00e7\u0131l\u0131m\u0131 g\u00fcndemi belirliyor. \u00d6rt\u00fcl\u00fc olarak s\u00fcren g\u00f6r\u00fc\u015fmelerde kilit rollerden birini Abdullah \u00d6calan oynuyor. D\u00fcn neredeyse t\u00fcm gazetelerin man\u015fetinde \u00d6calan&#8217;\u0131n a\u00e7\u0131klamalar\u0131 vard\u0131. \u00d6calan\u2019\u0131n a\u00e7\u0131klayaca\u011f\u0131n\u0131 s\u00f6yledi\u011fi yol haritas\u0131 yarat\u0131lan beklentiler ile herkesin merak konusu. Peki \u00d6calan daha \u00f6nce bir yol haritas\u0131 a\u00e7\u0131klad\u0131 m\u0131? \u0130sterseniz bu sorunun yan\u0131t\u0131n\u0131 PKK kaynaklar\u0131nda arayal\u0131m.<\/p>\n<p style=\"text-align: justify;\">\u00d6calan Devleti Yeniden Yap\u0131land\u0131rmay\u0131 Teklif Ediyor.<\/p>\n<p style=\"text-align: justify;\">Tarih 1998 y\u0131l\u0131 Nisan Ay\u0131\u2026.<\/p>\n<p style=\"text-align: justify;\">PKK\u2019ya yak\u0131n \u00d6zg\u00fcr Halk Dergisi\u2026<\/p>\n<p style=\"text-align: justify;\">Derginin kapa\u011f\u0131 ikiye b\u00f6l\u00fcnm\u00fc\u015f durumda\u2026<\/p>\n<p style=\"text-align: justify;\">Bir yan\u0131nda PKK\u2019l\u0131lar\u0131n d\u00fc\u015f\u00fcrd\u00fc\u011f\u00fc bir askeri helikopterin g\u00f6r\u00fcnt\u00fcs\u00fc, di\u011fer yar\u0131s\u0131nda ise Abdullah \u00d6calan\u2019\u0131n masa ba\u015f\u0131nda bir foto\u011fraf\u0131\u2026 <!--more--><\/p>\n<p style=\"text-align: justify;\">Derginin kapa\u011f\u0131nda \u015fu yaz\u0131yor: \u201c<strong><em>Halklar\u0131n Ba\u011f\u0131ms\u0131zl\u0131k \u0130radesi Temelinde Devleti Yeniden Yap\u0131land\u0131ral\u0131m<\/em><\/strong>\u201d<\/p>\n<p style=\"text-align: justify;\">Bu s\u00f6zler \u00d6calan\u2019a ait. \u00d6calan T\u00fcrkiye Cumhuriyeti\u2019ni yeniden yap\u0131land\u0131rmaktan s\u00f6z ediyor. Yeniden yap\u0131lanma konusunda K\u00fcrt sorunun \u00e7\u00f6z\u00fcm\u00fcn\u00fc gerekli ko\u015ful olarak \u00f6ne s\u00fcr\u00fcyor. \u00d6calan dergideki yaz\u0131s\u0131nda \u015funlar\u0131 s\u00f6yl\u00fcyor: \u201cGelinen a\u015famada K\u00fcrt sorunu, en geni\u015f haliyle tart\u0131\u015fmaya a\u00e7\u0131lm\u0131\u015ft\u0131r. Art\u0131k sorunun kendisinden ziyade \u00e7\u00f6z\u00fcm\u00fcn\u00fcn tart\u0131\u015f\u0131lmas\u0131, olduk\u00e7a anlaml\u0131d\u0131r. Gerek sava\u015fan taraflar\u0131n gerekse uluslararas\u0131 g\u00fc\u00e7lerin bu s\u00fcre\u00e7te \u00e7\u00f6z\u00fcme y\u00f6nelmeleri, \u00e7\u00f6z\u00fcm aray\u0131\u015flar\u0131na girmeleri, sava\u015f\u0131n belli bir noktas\u0131nda kendisini dayatan bir ihtiya\u00e7t\u0131r.\u201d<\/p>\n<p style=\"text-align: justify;\">\u00d6calan 1998 y\u0131l\u0131nda K\u00fcrt sorununun uluslararas\u0131 \u00e7\u00f6z\u00fcm\u00fcn\u00fcn imkanlar\u0131n\u0131n olu\u015ftu\u011funu s\u00f6yl\u00fcyor. Peki bu \u00e7\u00f6z\u00fcm olana\u011f\u0131n\u0131 g\u00f6ren \u00d6calan, \u00e7\u00f6z\u00fcm i\u00e7in ne yap\u0131yor? Yine \u00d6calan\u2019\u0131n yaz\u0131s\u0131ndan devam edelim: \u201cSon d\u00f6nemlerde kamuoyunda tart\u0131\u015f\u0131lan ve bizim taraf\u0131m\u0131zdan baz\u0131 dostlar\u0131n ricas\u0131 \u00fczerine T\u00fcrk Genelkurmay\u0131na ve Ba\u015fbakan\u0131na g\u00f6nderdi\u011fimiz ve kimi \u00f6nerileri i\u00e7eren mektupta bahsetti\u011fimiz s\u00fcreci ve ordunun niyetlerini a\u00e7\u0131\u011fa \u00e7\u0131karmay\u0131 ama\u00e7l\u0131yor.\u201d \u00d6calan baz\u0131 dostlar\u0131n ricas\u0131 \u00fczerine genelkurmay ve ba\u015fbakana mektup g\u00f6nderdi\u011fini s\u00f6yl\u00fcyor. D\u00f6nemin Genelkurmay Ba\u015fkan\u0131 \u0130smail Hakk\u0131 Karaday\u0131, \u00d6calan\u2019\u0131n mektup g\u00f6nderdi\u011fini s\u00f6yledi\u011fi d\u00f6nemin Ba\u015fbakan\u0131 ise Mesut Y\u0131lmaz. Yaz\u0131n\u0131n i\u00e7eri\u011finden mektubun 1998 y\u0131l\u0131n\u0131n ba\u015flang\u0131c\u0131nda yaz\u0131ld\u0131\u011f\u0131 sonucu \u00e7\u0131k\u0131yor.<\/p>\n<p style=\"text-align: justify;\"><strong><em>28 \u015eubat ve PKK <\/em><\/strong><\/p>\n<p style=\"text-align: justify;\">Yaz\u0131n\u0131n yay\u0131nland\u0131\u011f\u0131 tarihte Erbakan h\u00fck\u00fcmeti d\u00fc\u015fm\u00fc\u015f durumda. Erbakan h\u00fck\u00fcmetinin d\u00fc\u015f\u00fc\u015f\u00fcne gerek\u00e7e olarak ise elbette ba\u015f etken 28 \u015eubat. K\u0131sacas\u0131 28 \u015eubat s\u00fcreci sonras\u0131 \u00d6calan yazd\u0131\u011f\u0131 mektubu hem Y\u0131lmaz\u2019a hem de d\u00f6nemin Genelkurmay Ba\u015fkan\u0131 \u0130smail Hakk\u0131 Karaday\u0131\u2019ya g\u00f6nderdi. Mektupta Erbakan h\u00fck\u00fcmetinin d\u00fc\u015f\u00fc\u015f\u00fc..<\/p>\n<p style=\"text-align: justify;\">\u00d6calan taraf\u0131ndan analiz ediliyor ve esas olarak orduya seslendi\u011fi yaz\u0131s\u0131na \u015fu sat\u0131rlar ile devam ediyor: \u201cYani dolayl\u0131 da olsa edindi\u011fimiz izlenim -ki bu son h\u00fck\u00fcmetle ordu aras\u0131ndaki olduk\u00e7a a\u00e7\u0131\u011fa \u00e7\u0131kan \u00e7eli\u015fkili konumdan da yararlanarak ve onu g\u00f6z \u00f6n\u00fcne getirerek, bir ger\u00e7e\u011fi tespit etmek gerekir- askerin rahats\u0131zl\u0131\u011f\u0131 salt bir t\u00fcrbanla ilgili de\u011fil. O bir bahanedir, o bir g\u00f6r\u00fcnt\u00fcd\u00fcr. Esasta asker \u015funun i\u00e7in rahats\u0131z: siyasi partiler taraf\u0131ndan ucuz s\u00f6ylemlerle demagojik yakla\u015f\u0131mlarla ve kesinlikle koltuk \u00e7\u0131kar\u0131, \u015fahsi \u00e7\u0131kar diyebilece\u011fimiz T\u00fcrkiye\u2019nin bir sorunuyla, \u00e7\u00f6z\u00fcm\u00fcyle alakas\u0131 olmayan; sadece \u201cbenim partim, senin partin\u201d i\u015fte, \u201cben gelirim iktidara, kapar\u0131m koltu\u011fu, \u015fu kadar rant toplar\u0131m\u201d gibi son derece aleyhte hesaplarla g\u00fcndemi \u00f6rtbas ettikleri, sapt\u0131rd\u0131klar\u0131 i\u00e7in asker rahats\u0131zd\u0131r. \u0130\u015fin \u00f6z\u00fc de budur.\u201d<\/p>\n<p style=\"text-align: justify;\">\u00d6calan a\u00e7\u0131k\u00e7a ordunun meselelere siyasilerden daha derinlikli bakt\u0131\u011f\u0131n\u0131 s\u00f6yl\u00fcyor. \u00dcstelik bunu 28 \u015eubat s\u00fcrecinin ard\u0131ndan s\u00f6ylemesi, bu s\u00fcre\u00e7te askerin rol\u00fcn\u00fc \u00f6vmesi 28 \u015eubat s\u00fcrecine verdi\u011fi \u00f6nemi g\u00f6steriyor.<\/p>\n<p style=\"text-align: justify;\"><strong><em>Peki bu \u00f6vg\u00fcn\u00fcn nedeni nedir? \u015e\u00f6yle anlatal\u0131m\u2026<br \/>\n<\/em><\/strong>\n<\/p>\n<p style=\"text-align: justify;\">1997 y\u0131l\u0131 hat\u0131rlan\u0131rsa Necmettin Erbakan\u2019\u0131n ba\u015f\u0131nda oldu\u011fu 54. h\u00fck\u00fcmet ile ordunun siyasal gerilimlerine sahne oldu. Ordu ile PKK aras\u0131ndaki \u00e7at\u0131\u015fmalar ise 1997 ba\u015f\u0131na gelindi\u011finde ge\u00e7mi\u015f d\u00f6neme g\u00f6re olduk\u00e7a azalm\u0131\u015ft\u0131. Ancak 1997 y\u0131l\u0131na girildi\u011finde devlet i\u00e7erisinde PKK ile m\u00fccadele ad\u0131na kurulan gayr\u0131nizami \u00f6rg\u00fctlenmeler bulunuyordu. Bu \u00f6rg\u00fctlenmeler genel olarak T\u00fcrk-\u0130slam sentezi fikrinden besleniyor, mafya faaliyeti ile ter\u00f6rle m\u00fccadele \u00e7o\u011fu zaman i\u00e7 i\u00e7e ge\u00e7iyordu. \u0130\u015fte 28 \u015eubat s\u00fcreci bu d\u00f6nemde ger\u00e7ekle\u015fti. 28 \u015eubat yaln\u0131zca iktidarda bulunan \u0130slamc\u0131 unsurlara bir darbe de\u011fildi. Ayn\u0131 zamanda devlet i\u00e7erisinde gayr\u0131 nizami \u015fekilde \u00f6rg\u00fctlenmi\u015f mafyavari olu\u015fumlar\u0131n tasfiyesi idi.<\/p>\n<p style=\"text-align: justify;\">Bunun izlerini Erbakan h\u00fck\u00fcmeti d\u00f6neminde haz\u0131rlanmaya ba\u015flanan ve Erbakan\u2019\u0131n d\u00fc\u015f\u00fc\u015f\u00fc sonras\u0131 tamamlanan d\u00f6nemin Milli G\u00fcvenlik Siyaset Belgesi\u2019nde g\u00f6rmek m\u00fcmk\u00fcnd\u00fc. Bu belgede dikkat \u00e7ekici olan unsur, y\u0131llard\u0131r birincil \u00f6ncelikli tehdit olan \u201c<strong><em>b\u00f6l\u00fcc\u00fcl\u00fck<\/em><\/strong>\u201d yerini \u201c<strong><em>irtica<\/em><\/strong>\u201dya b\u0131rak\u0131yordu. MGSB\u2019de yeni tehditler aras\u0131nda dikkat \u00e7ekici \u015fu unsurlar bulunuyordu: \u201c<strong><em>T\u00fcrk milliyet\u00e7ili\u011fi baz\u0131 kesimlerce \u0131rk\u00e7\u0131l\u0131\u011fa d\u00f6n\u00fc\u015ft\u00fcr\u00fclmek istenmektedir. \u00dclk\u00fcc\u00fc mafya bundan yararlanmak istemektedir. Bu da bir tehdit unsuru olu\u015fturmaktad\u0131r.<\/em><\/strong>\u201d Irk\u00e7\u0131l\u0131\u011fa varan \u00f6l\u00e7\u00fcde milliyet\u00e7ilik ordu taraf\u0131ndan tehdit unsurlar\u0131 aras\u0131nda say\u0131l\u0131yordu. Bunun d\u0131\u015f\u0131nda tehdit unsurlar\u0131 aras\u0131nda \u201c\u00fclk\u00fcc\u00fc mafya\u201d da vard\u0131. Ayr\u0131ca MGSB\u2019de ilk kez K\u00fcrt sorununun \u00e7\u00f6z\u00fcm\u00fc \u015fu s\u00f6zlerle dile getiriliyordu: \u201c<strong><em>kamusal alana kaymamak ko\u015fuluyla, mahalli ve k\u00fclt\u00fcrel \u00f6zelliklerin geli\u015ftirilmesine y\u00f6nelik d\u00fczenlemeler yap\u0131lmal\u0131d\u0131r<\/em><\/strong>\u201d. T\u00fcm bu geli\u015fmeler \u0131\u015f\u0131\u011f\u0131nda T\u00fcrkiye Ordusu 1997 y\u0131l\u0131na gelindi\u011finde devlet i\u00e7indeki \u00e7etelerin tasfiyesini programla\u015ft\u0131ran ve bu program i\u00e7inde K\u00fcrt sorununu \u00e7\u00f6zmeyi hedefleyen bir g\u00fc\u00e7t\u00fc. \u0130\u015fte Abdullah \u00d6calan bu a\u00e7\u0131l\u0131mlar\u0131 g\u00f6rd\u00fc\u011f\u00fc i\u00e7in orduyu y\u00f6netenlere seslenme gere\u011fi duymu\u015ftu. \u015ea\u015f\u0131rt\u0131c\u0131 bir ayr\u0131nt\u0131 daha, 28 \u015eubat Kararlar\u0131\u2019n\u0131 Abdullah \u00d6calan, PKK\u2019n\u0131n Merkez Yay\u0131n Organ\u0131 Serxwebun\u2019da \u201c<strong><em>yeni Amasya tamimi<\/em><\/strong>\u201d diyerek destekliyordu.<\/p>\n<p style=\"text-align: justify;\"><strong><em>Askerler K\u00fcrt Sorununa Daha Ciddi Yakla\u015f\u0131yor<\/em><\/strong><\/p>\n<p style=\"text-align: justify;\">\u00d6calan\u2019\u0131n yollad\u0131\u011f\u0131 mektubu anlatt\u0131\u011f\u0131 yaz\u0131s\u0131na geri d\u00f6nelim\u2026<\/p>\n<p style=\"text-align: justify;\">\u00d6calan mektubu ba\u015fbakana da g\u00f6ndermesine ra\u011fmen as\u0131l beklentisinin askerlerden oldu\u011funu s\u00f6yledikten sonra bunu \u015f\u00f6yle gerek\u00e7elendiriyor: \u201cBana g\u00f6re, askerler soruna daha ciddi yakla\u015f\u0131yorlar; hem sava\u015fa ciddi yakla\u015f\u0131yorlar hem de sonu\u00e7lar\u0131na ciddi yakla\u015f\u0131yorlar. Benim demokrat deyip demememden ziyade; kimler ciddidir, kimler T\u00fcrkiye\u2019nin esas meselelerine ilgi duyuyor? \u00d6nemli olan budur. Tespitlerimize g\u00f6re askerler daha ciddi. Dediler ki; bu sava\u015fta i\u015fler buraya kadar gelebilir. Bunu \u00e7ok net s\u00f6ylediler.\u201d \u00d6calan a\u00e7\u0131klamas\u0131nda sorunun \u00e7\u00f6z\u00fcm\u00fcnde demokrasiden \u00e7ok ciddiyetin \u00f6nemli oldu\u011funu s\u00f6yl\u00fcyor.<\/p>\n<p style=\"text-align: justify;\">Uzun a\u00e7\u0131klamas\u0131n\u0131n devam\u0131nda \u00d6calan bug\u00fcne kadar gelen siyasi iktidarlar\u0131n K\u00fcrt sorununu \u00e7\u00f6zmeden toplumu oyalad\u0131klar\u0131n\u0131 o g\u00fcn (1998) sorunu ancak askerlerin anlayabildi\u011fini s\u00f6yledikten sonra herkesi \u015fa\u015f\u0131rtacak \u015fu s\u00f6zleri s\u00f6yl\u00fcyordu: \u201c\u015eimdi denebilir ki, bu noktada asker o kadar g\u00fc\u00e7l\u00fcyse neden s\u00fcrece daha fazla m\u00fcdahale edemiyor? Baz\u0131lar\u0131 \u201cm\u00fcdahale antidemokratiktir, demokrasiyi zorluyor\u201d diyorlar; bana g\u00f6re tam tersi antidemokratiktir. Yani e\u011fer ordu ciddi bir siyasi misyonun i\u00e7indeyse-ki \u00f6yledir- daha fazla m\u00fcdahale etmelidir. Hem de demokrasi ad\u0131na! \u00c7\u00fcnk\u00fc bu siyasi demagoglar\u0131n demokrasi \u00f6n\u00fcnde en b\u00fcy\u00fck tehlike olduklar\u0131 a\u00e7\u0131kt\u0131r.\u201d \u00d6calan, yukar\u0131daki s\u00f6zleri ile ordunun demokrasi i\u00e7in s\u00fcrece daha fazla m\u00fcdahale etmesini istiyordu. Hatta ordunun siyasi iradeye m\u00fcdahalesini demokrasinin geli\u015fmesi ad\u0131na \u00f6v\u00fcyordu. Bir \u00f6l\u00e7\u00fcde o g\u00fcnlerden bak\u0131ld\u0131\u011f\u0131nda ordu yasad\u0131\u015f\u0131 \u00e7eteleri tasfiye ediyordu.<\/p>\n<p style=\"text-align: justify;\"><strong><em>S\u0131rr\u0131 Sak\u0131k\u2019\u0131n \u0130n\u015faat \u0130\u015fleri <\/em><\/strong><\/p>\n<p style=\"text-align: justify;\">\u00d6calan kendisinin orducu olmad\u0131\u011f\u0131n\u0131, \u00f6yle anla\u015f\u0131lmamas\u0131n\u0131 s\u00f6yledikten sonra, T\u00fcrkiye i\u00e7in as\u0131l tehdidin ya\u015fanan \u00e7at\u0131\u015fmalar \u00fczerinden politika yapan siyasiler oldu\u011funu s\u00f6yledi\u011fi yaz\u0131s\u0131nda siyasiler ile orduyu \u015fu s\u00f6zler ile kar\u015f\u0131la\u015ft\u0131r\u0131yordu: \u201cBiz bu orduyla amans\u0131z sava\u015fan hareketiz. Ve her g\u00fcn bizi g\u00fc\u00e7 dengesizli\u011fi i\u00e7inde muazzam teknikle varmaya \u00e7al\u0131\u015f\u0131yor. Do\u011frudur, y\u00fczy\u0131l\u0131n en b\u00fcy\u00fck sava\u015f\u0131n\u0131 biz y\u00fcr\u00fct\u00fcyoruz. Ama bu sava\u015f, bu demagoglar\u0131n yaratt\u0131\u011f\u0131 \u00e7\u0131kmazdan daha az felaketli de\u011fildir.\u201d \u00d6calan, demagoglar dedi\u011fi siyasilerin, sava\u015ftan daha tehlikeli oldu\u011funu s\u00f6yl\u00fcyordu.<\/p>\n<p style=\"text-align: justify;\">\u00d6calan, o g\u00fcn (1998) var olan ordu konseptinin Do\u011fan G\u00fcre\u015f d\u00f6neminden farkl\u0131 oldu\u011funu anlatt\u0131ktan sonra, devlet i\u00e7i \u00e7etele\u015fmenin Do\u011fan G\u00fcre\u015f-Tansu \u00c7iller- Mehmet A\u011far d\u00f6neminde artt\u0131\u011f\u0131n\u0131 s\u00f6yleyerek olduk\u00e7a \u015fa\u015f\u0131rt\u0131c\u0131 isimler veriyor. Yeniden \u00d6calan\u2019\u0131n yaz\u0131s\u0131na d\u00f6nelim. \u201cBu ekip, b\u00fct\u00fcn K\u00fcrt  k\u00f6ylerinin bo\u015falt\u0131lmas\u0131nda, faili binlerce faili me\u00e7hul cinayetten sorumludur ve \u00fcst d\u00fczeyde planlanm\u0131\u015ft\u0131r. Bu komplonun i\u00e7inde baz\u0131 \u00f6\u011feler var. A\u011far\u2019lar bunun i\u00e7inde, Sedat Bucak\u2019lar bunun i\u00e7inde. \u015eimdi Ye\u015fil bunun i\u00e7indedir. Ye\u015fil,  93\u2019te bu \u00fc\u00e7gende, Bing\u00f6l-Mu\u015f Diyarbak\u0131r \u00fc\u00e7geninde faaliyet y\u00fcr\u00fct\u00fcyor. Bu, o d\u00f6nemin b\u00fct\u00fcn faili me\u00e7hullerinin planlamas\u0131nda ve bizzat ger\u00e7ekle\u015ftirilmesinde \u00e7ok etkili bir isimdir. Peki Ye\u015fil kimdir? Ye\u015fil denilen ki\u015fi, \u00e7ok etkili bir taraf. Mesela Sak\u0131k\u2019\u0131 elde etmi\u015f, korkutarak veya \u00e7\u0131kar sunarak. Biz biliyoruz, ne kadar m\u00fcteahhitlik verilmi\u015f, ne kadar trilyon var. Mesela \u0130brahim G\u00fc\u00e7l\u00fc \u0130sve\u00e7\u2019tedir. T\u00fcrkiye\u2019ye gidecekmi\u015f. Bu adam bir m\u00fclteciydi. Urfa\u2019da GAP b\u00f6lgesinde bir fabrika kuruyor. Bu para nereden geliyor? Bu ayd\u0131n m\u0131d\u0131r? Siyaset\u00e7i midir? Anlamak gerekir. Sak\u0131k\u2019\u0131n Ankara\u2019da ne kadar m\u00fcteahhitlik i\u015fleri oldu\u011fu biliniyor. Bu, milletvekilli\u011finden olmu\u015ftur. Bu \u00e7ark nas\u0131l d\u00f6n\u00fcyor, nereden geliyor? Bunlar\u0131 halk\u0131n bilmesi gerekir. \u201d<\/p>\n<p style=\"text-align: justify;\">\u00d6calan Ye\u015fil kod adl\u0131 Mahmut Y\u0131ld\u0131r\u0131m ile ili\u015fkili olarak iki K\u00fcrt siyaset\u00e7inin ismini veriyor. Bunlardan biri Hak-Par y\u00f6neticisi ve T\u00fcrkiye\u2019nin federasyon olmas\u0131 i\u00e7in kampanya d\u00fczenleyen Kurd-Der\u2019in kurucusu \u0130brahim G\u00fc\u00e7l\u00fc. \u00d6calan\u2019\u0131n Ye\u015fil ile ili\u015fkili oldu\u011funu iddia etti\u011fi di\u011fer isim ise bug\u00fcn DTP milletvekili olan S\u0131rr\u0131 Sak\u0131k. \u00d6calan Sak\u0131k\u2019\u0131n Ankara\u2019daki m\u00fcteahhitlik i\u015flerini Ye\u015fil sayesinde ald\u0131\u011f\u0131n\u0131 s\u00f6yl\u00fcyor. Sak\u0131k\u2019\u0131n bir cevab\u0131 var m\u0131 bilmiyoruz\u2026<\/p>\n<p style=\"text-align: justify;\"><strong><em>G\u00fcneyde kurulacak bir devletin hesab\u0131 sorulmal\u0131 <\/em><\/strong><\/p>\n<p style=\"text-align: justify;\">\u00d6calan yaz\u0131s\u0131nda Kuzey Irak\u2019ta kurulan K\u00fcrt devleti \u00e7al\u0131\u015fmalar\u0131na da de\u011finiyor. B\u00f6yle bir devletin kurulmas\u0131n\u0131n T\u00fcrkiye\u2019ye de ta\u015f\u0131nmas\u0131 anlam\u0131na gelece\u011fini s\u00f6yl\u00fcyor: \u201c\u0130\u015fte, G\u00fcney\u2019de K\u00fcrt devletini bizzat kurduracaklar. Peki, bu e\u015fittir T\u00fcrkiye\u2019de de kurulacakt\u0131r. Hem de en k\u00f6t\u00fc bir bi\u00e7imde. Bunun hesab\u0131n\u0131n sorulmas\u0131 gerekiyor. Do\u011frusu, bizim daha \u00f6nce s\u00f6yledi\u011fimiz gibidir. Bir siyasi diyalog imk\u00e2n\u0131 a\u00e7\u0131lsa, ger\u00e7ekten de biz ispatlamak istiyoruz; biz T\u00fcrkiye\u2019ye zenginlik getirmek istiyoruz. Biz T\u00fcrkiye halk\u0131yla karde\u015flik geli\u015ftirmek istiyoruz. Bir \u015fey daha s\u00f6yledim. Dedim ki serbest politika da yapmak istiyorum. T\u00fcrkiye halk\u0131n\u0131n yarar\u0131na kesin projelerle, politikalarla ortaya \u00e7\u0131kmak istiyoruz. Buna bir izin, buna bir pratik f\u0131rsat, se\u00e7enek sunulmas\u0131 gerekir dedik. Bunlar \u00f6nemlidir. \u201cYok\u201d dediler. \u201cE\u015fk\u0131yad\u0131r, \u015fudur, budur\u201d deyip demagojiyle u\u011fra\u015ft\u0131lar. Yeni konsept, bundan b\u00fcy\u00fck rahats\u0131zl\u0131k i\u00e7inde. Yeni konsept bana g\u00f6re, buna biraz tepkidir. Ama ne kadar tepkidir? Bu noktan\u0131n \u00f6nemli oldu\u011fu d\u00fc\u015f\u00fcncesindeyim. Baz\u0131 askerlerin de bu noktay\u0131 fark etti\u011fi kan\u0131s\u0131nday\u0131m.\u201d<\/p>\n<p style=\"text-align: justify;\">\u00d6calan genelkurmaya yazd\u0131\u011f\u0131 mektubun hikayesini yaz\u0131s\u0131nda \u015fu \u015fekilde anlat\u0131yor: \u201cA\u00e7\u0131k g\u00f6r\u00fc\u015f\u00fcm\u00fc s\u00f6yl\u00fcyorum: Biz burada T\u00fcrk ordusunun direncini t\u00fcmden yok edelim diye bir d\u00fc\u015f\u00fcncede de\u011filiz. Bunun gerekli oldu\u011fu kan\u0131s\u0131nda de\u011filim. Hatta m\u00fcmk\u00fcn olsa da bu bi\u00e7imin tercih edilmemesi gerekti\u011fi kan\u0131s\u0131nday\u0131m. Bence, ordunun da bizi t\u00fcm\u00fcyle tasfiye bi\u00e7iminde bir yakla\u015f\u0131m i\u00e7ine girmesi do\u011fru de\u011fil. Bu \u201892 konseptinin g\u00f6r\u00fc\u015f\u00fcd\u00fcr. Yeni konsept, san\u0131r\u0131m bu konuda bir a\u015fama yapmak istiyor. Fakat \u00f6n\u00fcnde ciddi siyasi engeller vard\u0131r. D\u00fc\u011f\u00fcmlenme buradad\u0131r. Ben bu d\u00fc\u011f\u00fcmlenmeyi a\u015fmak i\u00e7in baz\u0131 dostlar\u0131n da istemi \u00fczerine, bu mektup deneyimini yapt\u0131m. Hatta hi\u00e7bir ordu yetkilisini g\u00fc\u00e7 duruma d\u00fc\u015f\u00fcrmemek i\u00e7in, bas\u0131nda s\u00f6ylendi\u011fi gibi a\u00e7\u0131k isim de belirtmedim, sadece ilgili \u00e7evrelere dedim. \u00d6z\u00fc budur. Yanl\u0131\u015f anla\u015f\u0131lmas\u0131n; rica \u00fczerine ben bu mektubu yazd\u0131m. Benim yalvarmamla, s\u0131k\u0131\u015fmamla alakas\u0131 yoktur. Rica edilmi\u015ftir, b\u00f6yle bir mektup olursa biz ula\u015ft\u0131r\u0131r\u0131z, \u015f\u00f6yle iyi olur, b\u00f6yle iyi olur denmi\u015ftir. Ben de sayg\u0131l\u0131 olmu\u015fumdur. \u0130\u015fin \u00f6z\u00fc budur.\u201d Belirli kimselerin ricac\u0131 oldu\u011funu ve bu nedenle orduya mektup yazd\u0131\u011f\u0131n\u0131 s\u00f6yl\u00fcyor.<\/p>\n<p style=\"text-align: justify;\"><strong><em>D\u00f6rt A\u015famal\u0131 \u00c7\u00f6z\u00fcm Plan\u0131<\/em><\/strong><\/p>\n<p style=\"text-align: justify;\">\u00d6calan yaz\u0131s\u0131n\u0131n devam\u0131nda orduya yazd\u0131\u011f\u0131 mektupta d\u00f6rt a\u015famal\u0131 bir \u00e7\u00f6z\u00fcm plan\u0131 oldu\u011fundan bahsediyor. Bu d\u00f6rt a\u015fama hakk\u0131nda bilgi veriyor. Bu d\u00f6rt a\u015famay\u0131 \u00f6zetlersek:<\/p>\n<p style=\"text-align: justify;\"><strong>1. <\/strong>\u00d6calan\u2019dan aynen aktar\u0131yorum: \u201cT\u00fcrkiye\u2019nin mevcut s\u0131n\u0131rlar\u0131 d\u00e2hilinde, bir par\u00e7alanmay\u0131 pek politik ama\u00e7lar\u0131m\u0131za uygun bulmuyoruz. Yani bunun g\u00fcc\u00fcm\u00fczle ilgisi s\u00f6z- konusu de\u011fildir. Kesinlikle bu mevcut s\u0131n\u0131rlar d\u00e2hilinde politika yapman\u0131n, sonuca gitmenin daha ger\u00e7ek\u00e7i, yararl\u0131 olabilece\u011fi g\u00f6r\u00fc\u015f\u00fcn\u00fc dile getirdim. K\u00fcrtlerin ba\u011f\u0131ms\u0131z olmas\u0131 da s\u0131n\u0131rlar\u0131n illa de\u011fi\u015fmesi anlam\u0131na gelmez. Halklar ba\u011f\u0131ms\u0131zla\u015fmas\u0131 bir co\u011frafi olay de\u011fildir; ideoloji, irade, kendi kaderlerine hakim olma olay\u0131d\u0131r. Ayn\u0131 s\u0131n\u0131rlar i\u00e7erisinde de rahatl\u0131kla halklar \u00f6zg\u00fcr olabilir\u2026.En g\u00fczeli, kavga etmeden, halklar\u0131n ba\u011f\u0131ms\u0131zl\u0131k iradesini \u00e7ak\u0131\u015ft\u0131rmak, b\u00fct\u00fcnle\u015ftirmek, ayn\u0131 \u00e7\u0131kar, ayn\u0131 yarar noktalar\u0131nda birle\u015ftirmek. Yeni devleti bu temelde organize etmek.\u201d<\/p>\n<p style=\"text-align: justify;\"><strong>2.<\/strong> Bu maddede \u00d6calan yeniden organize etmekten neyi kastetti\u011fini a\u00e7\u0131yor: \u201c\u2026 genelde bir demokrasi meselesidir. Bunun art\u0131k g\u00f6r\u00fclmesi gerekir. Bunu bir gurur meselesi yapmaya gerek yok. T\u00fcrkiye devletinin ger\u00e7ekten yeniden yap\u0131land\u0131r\u0131lmas\u0131, toplumun geli\u015fmesinin bir sonucu olarak g\u00f6r\u00fclmelidir. Hangi temelde? Halklar\u0131n kimli\u011fine, k\u00fclt\u00fcr\u00fcne ve demokratik taleplerine uygun bir bi\u00e7imde, bir anayasal ifadeye yeniden kavu\u015fturulmal\u0131d\u0131r. Yani \u00e7o\u011fulcu demokrasi anlay\u0131\u015f\u0131n\u0131n T\u00fcrkiye ger\u00e7ekleriyle ba\u011flant\u0131l\u0131 bir bi\u00e7imde hayata ge\u00e7irilmesi.\u201d<\/p>\n<p style=\"text-align: justify;\"><strong>3. <\/strong>\u00d6calan \u00fc\u00e7\u00fcnc\u00fc madde olarak ate\u015fkesi ger\u00e7ekle\u015ftirmekten s\u00f6z ediyor: \u201cBu noktada \u015fimdi siyasi bir \u00e7\u00f6z\u00fcm\u00fcn\u00fc, dolay\u0131s\u0131yla bu sava\u015f\u0131n ate\u015fkesini art\u0131k ger\u00e7ekle\u015ftirmek gerekir.\u201d<\/p>\n<p style=\"text-align: justify;\"><strong>4.<\/strong>D\u00f6rd\u00fcnc\u00fc maddeyi a\u00e7mamakla beraber \u00d6calan kar\u015f\u0131l\u0131kl\u0131 de\u011ferlere sayg\u0131dan s\u00f6z ediyor: \u201cbir de duygusal anlamda, moral anlamda dedim ki, ger\u00e7ekten ac\u0131mak gerekir\u2026 Bir de ahlaki ilkeye ba\u011fl\u0131 olmak. Baz\u0131 moral de\u011ferlere sayg\u0131l\u0131 olal\u0131m dedim.\u201d<\/p>\n<p style=\"text-align: justify;\"><strong><em>Mektuptan Dikkat \u00c7ekici Noktalar <\/em><\/strong><\/p>\n<p style=\"text-align: justify;\">\u00d6calan genelkurmaya g\u00f6nderdi\u011fi mektubun hikayesini bu \u015fekilde tamaml\u0131yor. 11 y\u0131l \u00f6nce yaz\u0131lan bu mektubun i\u00e7eri\u011fi ilgin\u00e7 baz\u0131 sonu\u00e7lar i\u00e7eriyor. \u00d6calan\u2019\u0131n hen\u00fcz a\u00e7\u0131klamad\u0131\u011f\u0131 yol haritas\u0131n\u0131 bilmesek de 11 y\u0131l \u00f6nce sundu\u011fu \u00e7\u00f6z\u00fcm plan\u0131n\u0131n bug\u00fcn tart\u0131\u015f\u0131landan \u00e7ok daha m\u00fctevazi oldu\u011fu tart\u0131\u015f\u0131lmaz.<\/p>\n<p style=\"text-align: justify;\">Di\u011fer bir dikkat \u00e7eken nokta ise 11 y\u0131l \u00f6nce \u00e7\u00f6z\u00fcme engel olanlar\u0131n bug\u00fcn a\u00e7\u0131l\u0131m\u0131 savunuyor olmas\u0131. Bu ki\u015filer \u00d6calan\u2019\u0131n ifadelerine bak\u0131l\u0131rsa bug\u00fcn DTP i\u00e7indeki Sak\u0131k\u2019tan bug\u00fcn h\u00fck\u00fcmeti olu\u015fturan o d\u00f6nemin Milli G\u00f6r\u00fc\u015f\u2019\u00fcne kadar uzan\u0131yor.<\/p>\n<p style=\"text-align: justify;\">\u00dc\u00e7\u00fcnc\u00fc \u00f6nemli sonu\u00e7 ise orduya dair. Her ne kadar h\u00fck\u00fcmetler a\u00e7\u0131l\u0131m yapsa da a\u00e7\u0131l\u0131m\u0131n kal\u0131c\u0131 sonu\u00e7lar\u0131n\u0131n olup olmayaca\u011f\u0131n\u0131n g\u00f6stergesi ordunun tutumuna ba\u011fl\u0131. \u00d6calan, \u00e7\u00f6z\u00fcm i\u00e7in siyasilerden \u00e7ok orduyu dikkate al\u0131yor. Nitekim bug\u00fcn de h\u00fck\u00fcmet, k\u00fclt\u00fcrel ve sosyal d\u00fczenlemeleri yapsa da a\u00e7\u0131l\u0131m PKK\u2019n\u0131n silah b\u0131rakmas\u0131na gelince ordunun \u00e7\u00f6z\u00fcme d\u00f6n\u00fck tavr\u0131 belirleyici olacak. Bu nedenle ordunun ikna edilmedi\u011fi bir K\u00fcrt a\u00e7\u0131l\u0131m\u0131 \u00d6calan\u2019\u0131n a\u00e7\u0131klamalar\u0131 dikkate al\u0131nd\u0131\u011f\u0131nda PKK taraf\u0131ndan dahi \u015f\u00fcpheli bulunacak. Tam da bu d\u00f6nemde eski Genelkurmay Ba\u015fkan\u0131 Hilmi \u00d6zk\u00f6k\u2019\u00fcn a\u00e7\u0131l\u0131ma dair orduyu ikna edici a\u00e7\u0131klamalar yapmas\u0131 ise s\u00fcreci takip etmek a\u00e7\u0131s\u0131ndan olduk\u00e7a dikkat \u00e7ekici.<\/p>\n<p style=\"text-align: justify;\"><span style=\"color: #888888;\">Bar\u0131\u015f Terko\u011flu &#8211; Odatv.com<\/span><\/p>\n<p style=\"text-align: justify;\"><span style=\"color: #888888;\">18 A\u011fustos 2009<\/span><\/p>\n","protected":false},"excerpt":{"rendered":"<p style=\"text-align: justify;\">\n<p style=\"text-align: justify;\">Son g\u00fcnlerde h\u00fck\u00fcmetin K\u00fcrt a\u00e7\u0131l\u0131m\u0131 g\u00fcndemi belirliyor. \u00d6rt\u00fcl\u00fc olarak s\u00fcren g\u00f6r\u00fc\u015fmelerde kilit rollerden birini Abdullah \u00d6calan oynuyor. D\u00fcn neredeyse t\u00fcm gazetelerin man\u015fetinde \u00d6calan&#8217;\u0131n a\u00e7\u0131klamalar\u0131 vard\u0131. \u00d6calan\u2019\u0131n a\u00e7\u0131klayaca\u011f\u0131n\u0131 s\u00f6yledi\u011fi yol haritas\u0131 yarat\u0131lan beklentiler ile herkesin merak konusu. Peki \u00d6calan daha \u00f6nce bir yol haritas\u0131 a\u00e7\u0131klad\u0131 m\u0131? \u0130sterseniz bu sorunun yan\u0131t\u0131n\u0131 PKK <\/p>\n","protected":false},"author":1,"featured_media":0,"comment_status":"open","ping_status":"closed","sticky":false,"template":"","format":"standard","meta":{"footnotes":""},"categories":[105],"tags":[],"class_list":["post-13659","post","type-post","status-publish","format-standard","hentry","category-gundem","odd"],"_links":{"self":[{"href":"http:\/\/www.korhanyilmaz.com\/index.php?rest_route=\/wp\/v2\/posts\/13659","targetHints":{"allow":["GET"]}}],"collection":[{"href":"http:\/\/www.korhanyilmaz.com\/index.php?rest_route=\/wp\/v2\/posts"}],"about":[{"href":"http:\/\/www.korhanyilmaz.com\/index.php?rest_route=\/wp\/v2\/types\/post"}],"author":[{"embeddable":true,"href":"http:\/\/www.korhanyilmaz.com\/index.php?rest_route=\/wp\/v2\/users\/1"}],"replies":[{"embeddable":true,"href":"http:\/\/www.korhanyilmaz.com\/index.php?rest_route=%2Fwp%2Fv2%2Fcomments&post=13659"}],"version-history":[{"count":0,"href":"http:\/\/www.korhanyilmaz.com\/index.php?rest_route=\/wp\/v2\/posts\/13659\/revisions"}],"wp:attachment":[{"href":"http:\/\/www.korhanyilmaz.com\/index.php?rest_route=%2Fwp%2Fv2%2Fmedia&parent=13659"}],"wp:term":[{"taxonomy":"category","embeddable":true,"href":"http:\/\/www.korhanyilmaz.com\/index.php?rest_route=%2Fwp%2Fv2%2Fcategories&post=13659"},{"taxonomy":"post_tag","embeddable":true,"href":"http:\/\/www.korhanyilmaz.com\/index.php?rest_route=%2Fwp%2Fv2%2Ftags&post=13659"}],"curies":[{"name":"wp","href":"https:\/\/api.w.org\/{rel}","templated":true}]}}