{"id":13651,"date":"2009-08-18T11:08:50","date_gmt":"2009-08-18T08:08:50","guid":{"rendered":"http:\/\/www.korhanyilmaz.com\/?p=13651"},"modified":"2009-08-18T11:08:50","modified_gmt":"2009-08-18T08:08:50","slug":"cem-garipoglunun-yakalanip-birakilmasi-mumkun-degil","status":"publish","type":"post","link":"http:\/\/www.korhanyilmaz.com\/?p=13651","title":{"rendered":"`Cem Garipo\u011flu&#039;nun yakalan\u0131p b\u0131rak\u0131lmas\u0131 m\u00fcmk\u00fcn de\u011fil&#039;"},"content":{"rendered":"<p style=\"text-align: center;\"><a href=\"http:\/\/www.korhanyilmaz.com\/wp-content\/uploads\/2009\/08\/garipoglu.jpg\"  class=\"lightview\"><img loading=\"lazy\" decoding=\"async\" class=\"aligncenter size-full wp-image-13652\" src=\"http:\/\/www.korhanyilmaz.com\/wp-content\/uploads\/2009\/08\/garipoglu.jpg\" alt=\"\" width=\"329\" height=\"210\" \/><\/a><\/p>\n<p style=\"text-align: justify;\">Celalettin Cerrah, Karabulut cinayetiyle ilgili `son kez&#8217; konu\u015ftu.<\/p>\n<p style=\"text-align: justify;\">OSMAN\u0130YE Valisi Celalettin Cerrah, \u0130stanbul Emniyet M\u00fcd\u00fcr\u00fc oldu\u011fu d\u00f6nemde \u00f6ld\u00fcr\u00fclen M\u00fcnevver Karabulut&#8217;un katil zanl\u0131s\u0131 Cem Garipo\u011flu&#8217;nun polis taraf\u0131ndan yakalan\u0131p serbest b\u0131rak\u0131lmas\u0131n\u0131n m\u00fcmk\u00fcn olmad\u0131\u011f\u0131n\u0131 s\u00f6yledi.<\/p>\n<p style=\"text-align: justify;\">Adana&#8217;da polis memuru Ferdi \u00d6zkan&#8217;\u0131n yasad\u0131\u015f\u0131 g\u00f6steride b\u0131\u00e7aklanarak \u015fehit olmas\u0131 nedeniyle Adana Emniyet M\u00fcd\u00fcr\u00fc Mehmet Salih Kesmez&#8217;e ba\u015fsa\u011fl\u0131\u011f\u0131 ziyaretinde bulunan Celalettin Cerrah, gazetecilerin M\u00fcnevver Karabulut cinayeti ile ilgili sorular\u0131yla kar\u015f\u0131la\u015ft\u0131. Bu konuda `son kez konu\u015faca\u011f\u0131n\u0131&#8217; belirterek sorular\u0131 yan\u0131tlayan Cerrah, katil zanl\u0131s\u0131 Cem Garipo\u011flu&#8217;nun yakalan\u0131p serbest b\u0131rak\u0131lmas\u0131 iddialar\u0131n\u0131n m\u00fcmk\u00fcn olmad\u0131\u011f\u0131n\u0131 belirtti. Cerrah, bu iddialarla ilgili \u015f\u00f6yle konu\u015ftu: <!--more--><\/p>\n<p style=\"text-align: justify;\">&#8220;B\u00f6yle bir ortamda polisin su\u00e7lanmas\u0131 yanl\u0131\u015f. Cem Garipo\u011flu denen katil zanl\u0131s\u0131 evde olsayd\u0131, mutlaka orada yakalan\u0131r ve adalete teslim edilirdi. Ayr\u0131ca evde arama yap\u0131l\u0131rken Cem Garipo\u011flu&#8217;nun anne ve babas\u0131, site sakinleri ve jandarma vard\u0131. Polis bu kadar ki\u015finin i\u00e7inde katil zanl\u0131s\u0131n\u0131 yakalayacak, sonra da serbest b\u0131rakacak. B\u00f6yle bir \u015fey m\u00fcmk\u00fcn de\u011fil. Aramalar s\u0131ras\u0131nda evde 700 bin Euro&#8217;nun bulundu\u011fu s\u00f6yleniyor, polis buna g\u00f6z m\u00fc yumacak? Savc\u0131l\u0131\u011f\u0131n yapt\u0131\u011f\u0131 tahkikat sonucunda b\u00f6yle bir konu s\u00fcbut bulmaz ise, bu a\u00e7\u0131klamalardan dolay\u0131 Karabulut Ailesi nas\u0131l bir a\u00e7\u0131klama yapacak? Ayr\u0131ca bu olay\u0131n failini emniyet te\u015fkilat\u0131 yakalayacak. Katil zanl\u0131s\u0131n\u0131n t\u00fcm delillerini emniyet te\u015fkilat\u0131 a\u00e7\u0131\u011fa kavu\u015fturdu. Olay ayd\u0131nlat\u0131lm\u0131\u015ft\u0131r. Ancak katil zanl\u0131s\u0131 Cem Garipo\u011flu yakalanamam\u0131\u015ft\u0131r. Maalesef firarda bulunmaktad\u0131r. Ancak yurt d\u0131\u015f\u0131nda ve i\u00e7inde aranmaktad\u0131r.&#8221;<\/p>\n<p style=\"text-align: justify;\"><strong>`T\u00dcM POL\u0130S TE\u015eK\u0130LATI \u00c7ALI\u015eIYOR&#8217; <\/strong><\/p>\n<p style=\"text-align: justify;\">\u00d6ld\u00fcr\u00fclen gen\u00e7 k\u0131z\u0131n ailesinin kesinlikle tehdit edilmedi\u011fini, ancak ailenin devaml\u0131 emniyet te\u015fkilat\u0131n\u0131 delil olmamas\u0131na ra\u011fmen su\u00e7lad\u0131\u011f\u0131n\u0131 belirten Celalettin Cerrah, \u015f\u00f6yle devam etti:<\/p>\n<p style=\"text-align: justify;\">&#8220;Anne ve babay\u0131 tehdit etme durumu yoktur. \u015eimdiye kadar onlar\u0131n yapt\u0131\u011f\u0131 hi\u00e7 bir a\u00e7\u0131klamaya kar\u015f\u0131 bir a\u00e7\u0131klamada bulunmad\u0131k. Ancak anne ve baba emniyet te\u015fkilat\u0131n\u0131 su\u00e7lad\u0131. Beni, yani Celalettin Cerrah&#8217;\u0131 su\u00e7lamad\u0131lar. Ancak o d\u00f6nemde \u0130stanbul Emniyet Te\u015fkilat\u0131&#8217;n\u0131n ba\u015f\u0131nda ben oldu\u011fum i\u00e7in avukatlar\u0131ma talimat verdim, ailenin su\u00e7lamalar\u0131na y\u00f6nelik a\u00e7\u0131klama yapt\u0131k. Amac\u0131m\u0131z, anne ve babay\u0131 tehdit etmek de\u011fil. Ben emniyet te\u015fkilat\u0131n\u0131n yanl\u0131\u015fl\u0131k yapaca\u011f\u0131na inanm\u0131yorum. Ancak varsa da gere\u011fi yap\u0131lmal\u0131d\u0131r. Bundan sonra bu olay\u0131n \u00fczerine \u0130stanbul Emniyet M\u00fcd\u00fcr\u00fc H\u00fcseyin \u00c7apk\u0131n gidecektir. Koskoca emniyet te\u015fkilat\u0131n\u0131 kimse su\u00e7layamaz. Anne ve baban\u0131n k\u0131zlar\u0131 hunharca \u00f6ld\u00fcr\u00fclm\u00fc\u015ft\u00fcr. Failinin de en k\u0131sa zamanda yakalanmas\u0131n\u0131 istiyoruz. Sadece \u0130stanbul Emniyet M\u00fcd\u00fcrl\u00fc\u011f\u00fc de\u011fil, t\u00fcm polis te\u015fkilat\u0131 bu konuda \u00e7al\u0131\u015f\u0131yor. E\u011fer bilgim olursa, katil zanl\u0131s\u0131n\u0131n bulundu\u011fu yer ile ilgili Osmaniye emniyetinden de bir ekip \u00e7\u0131kar\u0131p yakalanaca\u011f\u0131 yere g\u00f6nderirim. Bundan sonra da bu konuya nokta koyuyorum. Bir daha bu konuda konu\u015fmak istemiyorum.&#8221;<\/p>\n<p style=\"text-align: justify;\"><span style=\"color: #888888;\">DHA<\/span><\/p>\n","protected":false},"excerpt":{"rendered":"<p style=\"text-align: center;\">\n<p style=\"text-align: justify;\">Celalettin Cerrah, Karabulut cinayetiyle ilgili `son kez&#8217; konu\u015ftu.<\/p>\n<p style=\"text-align: justify;\">OSMAN\u0130YE Valisi Celalettin Cerrah, \u0130stanbul Emniyet M\u00fcd\u00fcr\u00fc oldu\u011fu d\u00f6nemde \u00f6ld\u00fcr\u00fclen M\u00fcnevver Karabulut&#8217;un katil zanl\u0131s\u0131 Cem Garipo\u011flu&#8217;nun polis taraf\u0131ndan yakalan\u0131p serbest b\u0131rak\u0131lmas\u0131n\u0131n m\u00fcmk\u00fcn olmad\u0131\u011f\u0131n\u0131 s\u00f6yledi.<\/p>\n<p style=\"text-align: justify;\">Adana&#8217;da polis memuru Ferdi \u00d6zkan&#8217;\u0131n yasad\u0131\u015f\u0131 g\u00f6steride b\u0131\u00e7aklanarak \u015fehit olmas\u0131 nedeniyle Adana Emniyet M\u00fcd\u00fcr\u00fc <\/p>\n","protected":false},"author":1,"featured_media":0,"comment_status":"open","ping_status":"closed","sticky":false,"template":"","format":"standard","meta":{"footnotes":""},"categories":[105],"tags":[],"class_list":["post-13651","post","type-post","status-publish","format-standard","hentry","category-gundem","odd"],"_links":{"self":[{"href":"http:\/\/www.korhanyilmaz.com\/index.php?rest_route=\/wp\/v2\/posts\/13651","targetHints":{"allow":["GET"]}}],"collection":[{"href":"http:\/\/www.korhanyilmaz.com\/index.php?rest_route=\/wp\/v2\/posts"}],"about":[{"href":"http:\/\/www.korhanyilmaz.com\/index.php?rest_route=\/wp\/v2\/types\/post"}],"author":[{"embeddable":true,"href":"http:\/\/www.korhanyilmaz.com\/index.php?rest_route=\/wp\/v2\/users\/1"}],"replies":[{"embeddable":true,"href":"http:\/\/www.korhanyilmaz.com\/index.php?rest_route=%2Fwp%2Fv2%2Fcomments&post=13651"}],"version-history":[{"count":0,"href":"http:\/\/www.korhanyilmaz.com\/index.php?rest_route=\/wp\/v2\/posts\/13651\/revisions"}],"wp:attachment":[{"href":"http:\/\/www.korhanyilmaz.com\/index.php?rest_route=%2Fwp%2Fv2%2Fmedia&parent=13651"}],"wp:term":[{"taxonomy":"category","embeddable":true,"href":"http:\/\/www.korhanyilmaz.com\/index.php?rest_route=%2Fwp%2Fv2%2Fcategories&post=13651"},{"taxonomy":"post_tag","embeddable":true,"href":"http:\/\/www.korhanyilmaz.com\/index.php?rest_route=%2Fwp%2Fv2%2Ftags&post=13651"}],"curies":[{"name":"wp","href":"https:\/\/api.w.org\/{rel}","templated":true}]}}