{"id":13646,"date":"2009-08-18T08:42:23","date_gmt":"2009-08-18T05:42:23","guid":{"rendered":"http:\/\/www.korhanyilmaz.com\/?p=13646"},"modified":"2009-08-18T08:42:23","modified_gmt":"2009-08-18T05:42:23","slug":"ocalan%e2%80%99in-yol-haritasini-40-kisi-cozmeye-calisiyor","status":"publish","type":"post","link":"http:\/\/www.korhanyilmaz.com\/?p=13646","title":{"rendered":"\u00d6calan\u2019\u0131n &#039;yol haritas\u0131&#039;n\u0131 40 ki\u015fi \u00e7\u00f6zmeye \u00e7al\u0131\u015f\u0131yor"},"content":{"rendered":"<p style=\"text-align: center;\"><a href=\"http:\/\/www.korhanyilmaz.com\/wp-content\/uploads\/2009\/08\/\u00d6CALAN.jpg\"  class=\"lightview\"><img loading=\"lazy\" decoding=\"async\" class=\"aligncenter size-full wp-image-13647\" src=\"http:\/\/www.korhanyilmaz.com\/wp-content\/uploads\/2009\/08\/\u00d6CALAN.jpg\" alt=\"\" width=\"263\" height=\"202\" \/><\/a><\/p>\n<p style=\"text-align: justify;\">Abdullah \u00d6calan\u2019\u0131n, avukatlar\u0131 arac\u0131l\u0131\u011f\u0131yla a\u00e7\u0131klad\u0131\u011f\u0131 \u2018yol haritas\u0131\u2019ndaki meclisten ve \u2018\u00f6z savunma g\u00fcc\u00fcnden\u2019 ne kastetti\u011fini kimse anlamad\u0131, farkl\u0131 yorumlar ortaya \u00e7\u0131kt\u0131.<\/p>\n<p style=\"text-align: justify;\"><span style=\"color: #000000;\"><span style=\"background-color: #ffffff;\">Milliyet gazetesinde Nam\u0131k Durukan imzas\u0131yla yay\u0131mlanan haber \u015f\u00f6yle: <\/span><\/span><\/p>\n<p style=\"text-align: justify;\">Siyaset bilimcileri, K\u00fcrt sorununun \u00e7\u00f6z\u00fcm\u00fcne ili\u015fkin yol haritas\u0131na y\u00f6nelik verdi\u011fi ipu\u00e7lar\u0131nda isteklerini s\u0131ralayan ter\u00f6rist Abdullah \u00d6calan\u2019\u0131n \u201cK\u00fcrtlerin savunma g\u00fcc\u00fc olmal\u0131\u201d tespitini, Milliyet\u2019e de\u011ferlendirdi.<\/p>\n<p style=\"text-align: justify;\">Ankara \u00dcniversitesi Hukuk Fak\u00fcltesi \u00f6\u011fretim \u00fcyesi Prof. Dr Mithat Sancar, ayr\u0131 silahl\u0131 g\u00fcc\u00fc olacak bir y\u00f6netim modelinin federasyonun da \u00f6tesine ge\u00e7ece\u011fini belirtti. K\u00fcrt a\u00e7\u0131l\u0131m\u0131 konusunu yak\u0131ndan izleyenlerden biri olan Sancar \u015fu g\u00f6r\u00fc\u015fleri \u00f6ne s\u00fcrd\u00fc: <!--more--><\/p>\n<p style=\"text-align: justify;\"><em><strong>\u2018Neye kar\u015f\u0131l\u0131k belli de\u011fil\u2019<\/strong><\/em><\/p>\n<p style=\"text-align: justify;\">\u201cYeni bir \u015fey s\u00f6ylemiyor. Eski a\u00e7\u0131klamalar\u0131nda \u2018Demokratik K\u00fcrt Ulusu\u2019 terimi yer al\u0131yordu. Demokratik konfederalizm tezinde de benzer \u015feyler vard\u0131. Federasyon istemedi\u011fini \u00e7ok a\u00e7\u0131k s\u00f6yl\u00fcyor ama DTP ve Demokratik Toplum Kongresi\u2019nce sahiplenilen \u2018Demokratik \u00d6zerklik Projesi\u2019nin tam olarak neye kar\u015f\u0131l\u0131k geldi\u011fi belli de\u011fil. Federasyon ile \u00f6zerk b\u00f6lgeler y\u00f6netimi aras\u0131 bir yerde durdu\u011fu izlenimi veriyor. \u2018\u00d6z savunma birlikleri\u2019 dedi\u011fi \u015feyden g\u00fcvenlik birimlerini mi kastetti\u011fi yoksa daha fazlas\u0131n\u0131 m\u0131 istedi\u011fi \u00f6nemli. Kendi ayr\u0131 silahl\u0131 g\u00fcc\u00fc olacak bir y\u00f6netim modeli, federasyonun da \u00f6tesine ge\u00e7er. Ama yerel y\u00f6netimlerin zab\u0131ta g\u00fcc\u00fcn\u00fcn biraz ilerisine ge\u00e7en bir \u015fey kastediliyorsa, eyalet modeli alt\u0131 bir \u015fey kastedildi\u011fi sonucunu \u00e7\u0131karabiliriz. B\u00fct\u00fcn tezlerin \u00f6zg\u00fcrce tart\u0131\u015f\u0131lmas\u0131 gerekti\u011fini savunuyorum. T\u00fcrkiye\u2019nin buradan, ortak, kolektif, akla dayal\u0131 geni\u015f bir mutabakata varma ihtimalini y\u00fcksek g\u00f6r\u00fcyorum.<\/p>\n<p style=\"text-align: justify;\"><em><strong>\u2018Tutars\u0131zl\u0131k var\u2019<\/strong><\/em><\/p>\n<p style=\"text-align: justify;\">Prof. Bask\u0131n Oran ile \u015e\u0131rnak Milletvekili Hasip Kaplan\u2019\u0131n konuya ili\u015fkin yorumlar\u0131 ise \u015f\u00f6yle oldu:<\/p>\n<p style=\"text-align: justify;\">Prof. Dr. Bask\u0131n Oran: Orada tutars\u0131zl\u0131k g\u00f6r\u00fcyorum ve bunu da normal say\u0131yorum. \u00c7\u00fcnk\u00fc sadece TRT dinleyebiliyor. T\u00fcrkiye hakk\u0131nda sa\u011fl\u0131kl\u0131 haber alam\u0131yor. Kimse ile g\u00f6r\u00fc\u015fmesine izin verilmiyor. Yapaca\u011f\u0131 bir tak\u0131m hatalar\u0131n sorumlusu devlettir. Hem \u2018Federal sistem istemem\u2019 diyor, hem bunun \u2018\u00d6z savunma g\u00fcc\u00fc olacak\u2019 diyor. \u00d6z savunma g\u00fcc\u00fc ne demek? Asker ve polis demek. ABD g\u00fc\u00e7l\u00fc bir federal sistemdir. Orada ordu federaldir. Federal devletin de polis g\u00fcc\u00fc vard\u0131r, FBI gibi. Hem \u2018Federal sistem istemem, tek devlet, tek bayrak, \u00fcniter devlet\u2019 diyorsun, hem de \u2018\u00d6z savunma g\u00fcc\u00fcm olsun\u2019 diyorsun. Bu tutars\u0131zl\u0131kt\u0131r. S\u0131n\u0131rs\u0131z bir demokrasi olmadan K\u00fcrt sorunu \u00e7\u00f6z\u00fclemez. K\u00fcrtler ayr\u0131lmay\u0131 savunabilmeli, \u00f6l\u00fclerine \u015fehit diyebilmeli. \u00c7ocuk panzere ta\u015f at\u0131nca \u00f6rg\u00fct \u00fcyesi say\u0131lmamal\u0131.<\/p>\n<p style=\"text-align: justify;\"><em><strong>\u2018Yerel y\u00f6netimler g\u00fc\u00e7lenirse\u2019<\/strong><\/em><\/p>\n<p style=\"text-align: justify;\">DTP \u015e\u0131rnak Milletvekili Hasip Kaplan: \u00d6calan\u2019\u0131n a\u00e7\u0131klamas\u0131, yerel y\u00f6netimlerin g\u00fc\u00e7lendirilmesini, merkezi yap\u0131n\u0131n s\u0131n\u0131rland\u0131r\u0131larak bir k\u0131s\u0131m yetki ve g\u00f6revlerin yerel y\u00f6netimlere b\u0131rak\u0131lmas\u0131n\u0131 \u00f6ng\u00f6r\u00fcyor. \u2018Savunma g\u00fcc\u00fc olmal\u0131\u2019 a\u00e7\u0131klamas\u0131n\u0131, demokratik toplumlar\u0131n kendini savunma \u00f6rg\u00fctlenmeleri olma anlam\u0131nda de\u011ferlendiriyorum. Farkl\u0131 bir \u015fekilde, \u2018ordusu, silahl\u0131 g\u00fcc\u00fc olsun\u2019 anlam\u0131nda de\u011fil. Yerel y\u00f6netimler g\u00fc\u00e7lendi\u011fi zaman, yerel mec-lislerin koydu\u011fu yasalar\u0131n uygulanmas\u0131 gerekir. Kim uygulayacak? Trafik polisi, kendi i\u00e7 g\u00fcvenli\u011fi olacak. Bu tart\u0131\u015f\u0131lmal\u0131, bi\u00e7imlendirilmeli. Tam bir federasyon, demokratik \u00f6zerklik demiyor ama i\u00e7erik ve uygulama olarak Alman ve \u0130talyan modeline, eyalet sistemine dikkat \u00e7ekiyor. Kullan\u0131m ve yetki bak\u0131m\u0131ndan ABD\u2019deki y\u00f6netimle benze\u015fiyor.<\/p>\n<p style=\"text-align: justify;\"><span style=\"color: #888888;\">CNN T\u00dcRK<\/span><\/p>\n","protected":false},"excerpt":{"rendered":"<p style=\"text-align: center;\">\n<p style=\"text-align: justify;\">Abdullah \u00d6calan\u2019\u0131n, avukatlar\u0131 arac\u0131l\u0131\u011f\u0131yla a\u00e7\u0131klad\u0131\u011f\u0131 \u2018yol haritas\u0131\u2019ndaki meclisten ve \u2018\u00f6z savunma g\u00fcc\u00fcnden\u2019 ne kastetti\u011fini kimse anlamad\u0131, farkl\u0131 yorumlar ortaya \u00e7\u0131kt\u0131.<\/p>\n<p style=\"text-align: justify;\">Milliyet gazetesinde Nam\u0131k Durukan imzas\u0131yla yay\u0131mlanan haber \u015f\u00f6yle: <\/p>\n<p style=\"text-align: justify;\">Siyaset bilimcileri, K\u00fcrt sorununun \u00e7\u00f6z\u00fcm\u00fcne ili\u015fkin yol haritas\u0131na y\u00f6nelik verdi\u011fi ipu\u00e7lar\u0131nda isteklerini s\u0131ralayan ter\u00f6rist Abdullah \u00d6calan\u2019\u0131n \u201cK\u00fcrtlerin <\/p>\n","protected":false},"author":1,"featured_media":0,"comment_status":"open","ping_status":"closed","sticky":false,"template":"","format":"standard","meta":{"footnotes":""},"categories":[105],"tags":[],"class_list":["post-13646","post","type-post","status-publish","format-standard","hentry","category-gundem","odd"],"_links":{"self":[{"href":"http:\/\/www.korhanyilmaz.com\/index.php?rest_route=\/wp\/v2\/posts\/13646","targetHints":{"allow":["GET"]}}],"collection":[{"href":"http:\/\/www.korhanyilmaz.com\/index.php?rest_route=\/wp\/v2\/posts"}],"about":[{"href":"http:\/\/www.korhanyilmaz.com\/index.php?rest_route=\/wp\/v2\/types\/post"}],"author":[{"embeddable":true,"href":"http:\/\/www.korhanyilmaz.com\/index.php?rest_route=\/wp\/v2\/users\/1"}],"replies":[{"embeddable":true,"href":"http:\/\/www.korhanyilmaz.com\/index.php?rest_route=%2Fwp%2Fv2%2Fcomments&post=13646"}],"version-history":[{"count":0,"href":"http:\/\/www.korhanyilmaz.com\/index.php?rest_route=\/wp\/v2\/posts\/13646\/revisions"}],"wp:attachment":[{"href":"http:\/\/www.korhanyilmaz.com\/index.php?rest_route=%2Fwp%2Fv2%2Fmedia&parent=13646"}],"wp:term":[{"taxonomy":"category","embeddable":true,"href":"http:\/\/www.korhanyilmaz.com\/index.php?rest_route=%2Fwp%2Fv2%2Fcategories&post=13646"},{"taxonomy":"post_tag","embeddable":true,"href":"http:\/\/www.korhanyilmaz.com\/index.php?rest_route=%2Fwp%2Fv2%2Ftags&post=13646"}],"curies":[{"name":"wp","href":"https:\/\/api.w.org\/{rel}","templated":true}]}}