{"id":13643,"date":"2009-08-18T13:37:54","date_gmt":"2009-08-18T10:37:54","guid":{"rendered":"http:\/\/www.korhanyilmaz.com\/?p=13643"},"modified":"2025-10-30T21:59:04","modified_gmt":"2025-10-30T18:59:04","slug":"toplu-gorusmelerde-2-tur-yarin","status":"publish","type":"post","link":"http:\/\/www.korhanyilmaz.com\/?p=13643","title":{"rendered":"Toplu g\u00f6r\u00fc\u015fmelerde 2. tur yar\u0131n&#8230;"},"content":{"rendered":"<p><a href=\"http:\/\/www.korhanyilmaz.com\/wp-content\/uploads\/2009\/08\/toplugrimages.jpg\"  class=\"lightview\"><img loading=\"lazy\" decoding=\"async\" class=\"aligncenter wp-image-621022\" src=\"http:\/\/www.korhanyilmaz.com\/wp-content\/uploads\/2009\/08\/toplugrimages.jpg\" alt=\"\" width=\"400\" height=\"266\" \/><\/a><\/p>\n<p style=\"text-align: justify;\">Toplu g\u00f6r\u00fc\u015fmelerde 2. turu yar\u0131n yap\u0131lacak. Bakan Hayati Yaz\u0131c\u0131 ba\u015fkanl\u0131\u011f\u0131nda yap\u0131lacak toplant\u0131da, de\u011fi\u015fik stat\u00fclerde \u00e7al\u0131\u015fan memurlar\u0131n sorunlar\u0131 ele al\u0131nacak.<\/p>\n<p style=\"text-align: justify;\">\u00c7ar\u015famba g\u00fcn\u00fc s\u00f6zle\u015fmeliler \u00f6zelle\u015ftirme kapsam\u0131ndaki kurulu\u015flarda g\u00f6rev yapanlar gibi de\u011fi\u015fik stat\u00fcdeki memurlar\u0131n sorunlar\u0131 g\u00f6r\u00fc\u015f\u00fclecek.<\/p>\n<p style=\"text-align: justify;\">Per\u015fembe g\u00fcn\u00fc yap\u0131lacak 3. turda ise, sendikalar temsilcisi olduklar\u0131 i\u015f kollar\u0131yla ilgili sunum yapacaklar.<\/p>\n<p style=\"text-align: justify;\">Ancak as\u0131l \u00f6nemli konular sona b\u0131rak\u0131ld\u0131. Toplu s\u00f6zle\u015fme ve grev hakk\u0131 22 A\u011fustos&#8217;ta, mali haklar ise 25 A\u011fustos&#8217;ta ele al\u0131nacak. <!--more--><\/p>\n<p style=\"text-align: justify;\">Edinilen bilgilere g\u00f6re, demokratik haklar komisyonu \u00e7al\u0131\u015fmalar\u0131na ba\u015flad\u0131. Mali haklar komisyonu ise, bug\u00fcn ilk toplant\u0131s\u0131n\u0131 yapacak.<\/p>\n<p style=\"text-align: justify;\">15 A\u011fustos cumartesi g\u00fcn\u00fc yap\u0131lan ilk toplant\u0131da, MEMUR-SEN ve KAMU-SEN, h\u00fck\u00fcmet ile g\u00fcndem konusunda anla\u015ft\u0131.<\/p>\n<p style=\"text-align: justify;\">Ancak KESK, toplu s\u00f6zle\u015fme ve grev ilk g\u00fcndem maddesi yap\u0131lmad\u0131\u011f\u0131 i\u00e7in masadan kalkt\u0131. KESK&#8217;in 2. tur g\u00f6r\u00fc\u015fmelere kat\u0131l\u0131p kat\u0131lmayaca\u011f\u0131 hen\u00fcz belli de\u011fil.<\/p>\n<p style=\"text-align: justify;\"><span style=\"color: #888888;\">CNN T\u00dcRK<\/span><\/p>\n","protected":false},"excerpt":{"rendered":"<\/p>\n<p style=\"text-align: justify;\">Toplu g\u00f6r\u00fc\u015fmelerde 2. turu yar\u0131n yap\u0131lacak. Bakan Hayati Yaz\u0131c\u0131 ba\u015fkanl\u0131\u011f\u0131nda yap\u0131lacak toplant\u0131da, de\u011fi\u015fik stat\u00fclerde \u00e7al\u0131\u015fan memurlar\u0131n sorunlar\u0131 ele al\u0131nacak.<\/p>\n<p style=\"text-align: justify;\">\u00c7ar\u015famba g\u00fcn\u00fc s\u00f6zle\u015fmeliler \u00f6zelle\u015ftirme kapsam\u0131ndaki kurulu\u015flarda g\u00f6rev yapanlar gibi de\u011fi\u015fik stat\u00fcdeki memurlar\u0131n sorunlar\u0131 g\u00f6r\u00fc\u015f\u00fclecek.<\/p>\n<p style=\"text-align: justify;\">Per\u015fembe g\u00fcn\u00fc yap\u0131lacak 3. turda ise, sendikalar temsilcisi olduklar\u0131 i\u015f kollar\u0131yla ilgili sunum yapacaklar.<\/p>\n<p  \n\n","protected":false},"author":1,"featured_media":0,"comment_status":"open","ping_status":"closed","sticky":false,"template":"","format":"standard","meta":{"footnotes":""},"categories":[7],"tags":[],"class_list":["post-13643","post","type-post","status-publish","format-standard","hentry","category-ekonomi","odd"],"_links":{"self":[{"href":"http:\/\/www.korhanyilmaz.com\/index.php?rest_route=\/wp\/v2\/posts\/13643","targetHints":{"allow":["GET"]}}],"collection":[{"href":"http:\/\/www.korhanyilmaz.com\/index.php?rest_route=\/wp\/v2\/posts"}],"about":[{"href":"http:\/\/www.korhanyilmaz.com\/index.php?rest_route=\/wp\/v2\/types\/post"}],"author":[{"embeddable":true,"href":"http:\/\/www.korhanyilmaz.com\/index.php?rest_route=\/wp\/v2\/users\/1"}],"replies":[{"embeddable":true,"href":"http:\/\/www.korhanyilmaz.com\/index.php?rest_route=%2Fwp%2Fv2%2Fcomments&post=13643"}],"version-history":[{"count":0,"href":"http:\/\/www.korhanyilmaz.com\/index.php?rest_route=\/wp\/v2\/posts\/13643\/revisions"}],"wp:attachment":[{"href":"http:\/\/www.korhanyilmaz.com\/index.php?rest_route=%2Fwp%2Fv2%2Fmedia&parent=13643"}],"wp:term":[{"taxonomy":"category","embeddable":true,"href":"http:\/\/www.korhanyilmaz.com\/index.php?rest_route=%2Fwp%2Fv2%2Fcategories&post=13643"},{"taxonomy":"post_tag","embeddable":true,"href":"http:\/\/www.korhanyilmaz.com\/index.php?rest_route=%2Fwp%2Fv2%2Ftags&post=13643"}],"curies":[{"name":"wp","href":"https:\/\/api.w.org\/{rel}","templated":true}]}}