{"id":13639,"date":"2009-08-18T12:14:30","date_gmt":"2009-08-18T09:14:30","guid":{"rendered":"http:\/\/www.korhanyilmaz.com\/?p=13639"},"modified":"2009-08-18T12:14:30","modified_gmt":"2009-08-18T09:14:30","slug":"caykur-2-surgun-yas-cay-alimlarini-tamamliyor","status":"publish","type":"post","link":"http:\/\/www.korhanyilmaz.com\/?p=13639","title":{"rendered":"\u00c7AYKUR, 2. s\u00fcrg\u00fcn ya\u015f \u00e7ay al\u0131mlar\u0131n\u0131 tamaml\u0131yor"},"content":{"rendered":"<p style=\"text-align: center;\"><a href=\"http:\/\/www.korhanyilmaz.com\/wp-content\/uploads\/2009\/08\/CAYKUR.jpg\"  class=\"lightview\"><img loading=\"lazy\" decoding=\"async\" class=\"aligncenter size-full wp-image-13640\" src=\"http:\/\/www.korhanyilmaz.com\/wp-content\/uploads\/2009\/08\/CAYKUR.jpg\" alt=\"\" width=\"234\" height=\"179\" \/><\/a><\/p>\n<p style=\"text-align: justify;\">\u00c7AYKUR Genel M\u00fcd\u00fcr\u00fc Ekrem Y\u00fcce, 2009 y\u0131l\u0131 ya\u015f \u00e7ay kampanyas\u0131 kapsam\u0131nda ikinci s\u00fcrg\u00fcnde \u015fu ana kadar 223 bin ton civar\u0131nda ya\u015f \u00e7ay ald\u0131klar\u0131n\u0131, b\u00f6ylece bu sezon toplam 426 bin ton civar\u0131nda ya\u015f \u00e7ay alm\u0131\u015f olduklar\u0131n\u0131 s\u00f6yledi.<\/p>\n<p style=\"text-align: justify;\">Y\u00fcce, 15 May\u0131s&#8217;ta ba\u015flad\u0131klar\u0131 2009 y\u0131l\u0131 ya\u015f \u00e7ay al\u0131m kampanyas\u0131 ikinci s\u00fcrg\u00fcn al\u0131mlar\u0131nda sona yakla\u015ft\u0131klar\u0131n\u0131 belirtti.<\/p>\n<p style=\"text-align: justify;\">Fabrikalar\u0131n\u0131n teorik kapasitelerine g\u00f6re ya\u015f \u00e7ay al\u0131m programlar\u0131n\u0131 her s\u00fcrg\u00fcnde 200 bin ton civar\u0131nda olmak \u00fczere sezon boyunca toplam 600 bin ton olarak belirlediklerini ifade eden Y\u00fcce, &#8220;Bu kapsamda birinci s\u00fcrg\u00fcnde 202 bin 445 ton ya\u015f \u00e7ay al\u0131m\u0131 ger\u00e7ekle\u015ftirmi\u015ftik. \u0130kinci s\u00fcrg\u00fcnde ise \u015fu ana kadar 223 bin ton civar\u0131nda ya\u015f \u00e7ay ald\u0131k. B\u00f6ylece bu sezon toplam 426 bin ton civar\u0131nda ya\u015f \u00e7ay alm\u0131\u015f olduk&#8221; dedi. <!--more--><\/p>\n<p style=\"text-align: justify;\">Y\u00fcce, &#8220;Al\u0131mlar\u0131m\u0131z y\u00fcksek kesimdeki 6 farkl\u0131 yerde az miktarda devam ediyor. Birka\u00e7 g\u00fcn i\u00e7inde bunun da tamamlanaca\u011f\u0131n\u0131 tahmin ediyoruz&#8221; diye konu\u015ftu.<\/p>\n<p style=\"text-align: justify;\">\u00dc\u00e7\u00fcnc\u00fc s\u00fcrg\u00fcn i\u00e7in haz\u0131rl\u0131klar\u0131n\u0131n s\u00fcrd\u00fc\u011f\u00fcn\u00fc kaydeden Y\u00fcce, &#8220;Yakla\u015f\u0131k bir hafta sonra \u00fc\u00e7\u00fcnc\u00fc s\u00fcrg\u00fcn al\u0131mlar\u0131na ba\u015flamay\u0131 planl\u0131yoruz. \u00dc\u00e7\u00fcnc\u00fc s\u00fcrg\u00fcnde \u00fcreticilerden ge\u00e7ti\u011fimiz y\u0131llarda oldu\u011fu gibi dekar ba\u015f\u0131na 300 kilogram ya\u015f \u00e7ay alaca\u011f\u0131z&#8221; dedi.<\/p>\n<p style=\"text-align: justify;\">Y\u00fcce, birinci s\u00fcrg\u00fcnde may\u0131s ay\u0131nda ald\u0131klar\u0131 ya\u015f \u00e7ay\u0131n 70 milyon lira olarak tahakkuk eden \u00fcr\u00fcn bedellerini daha \u00f6nce \u00fcreticilere \u00f6dediklerini an\u0131msatarak, haziran ay\u0131nda ald\u0131klar\u0131 ya\u015f \u00e7ay\u0131n \u00fcr\u00fcn bedeli kar\u015f\u0131l\u0131\u011f\u0131 olan yakla\u015f\u0131k 89 milyon liran\u0131n da 25 A\u011fustos Sal\u0131 g\u00fcn\u00fcnden itibaren \u00f6denmesine ba\u015flanaca\u011f\u0131n\u0131 s\u00f6yledi.<\/p>\n<p style=\"text-align: justify;\"><span style=\"color: #888888;\">CNN T\u00dcRK<\/span><\/p>\n","protected":false},"excerpt":{"rendered":"<p style=\"text-align: center;\">\n<p style=\"text-align: justify;\">\u00c7AYKUR Genel M\u00fcd\u00fcr\u00fc Ekrem Y\u00fcce, 2009 y\u0131l\u0131 ya\u015f \u00e7ay kampanyas\u0131 kapsam\u0131nda ikinci s\u00fcrg\u00fcnde \u015fu ana kadar 223 bin ton civar\u0131nda ya\u015f \u00e7ay ald\u0131klar\u0131n\u0131, b\u00f6ylece bu sezon toplam 426 bin ton civar\u0131nda ya\u015f \u00e7ay alm\u0131\u015f olduklar\u0131n\u0131 s\u00f6yledi.<\/p>\n<p style=\"text-align: justify;\">Y\u00fcce, 15 May\u0131s&#8217;ta ba\u015flad\u0131klar\u0131 2009 y\u0131l\u0131 ya\u015f \u00e7ay al\u0131m kampanyas\u0131 ikinci s\u00fcrg\u00fcn <\/p>\n","protected":false},"author":1,"featured_media":0,"comment_status":"open","ping_status":"closed","sticky":false,"template":"","format":"standard","meta":{"footnotes":""},"categories":[7],"tags":[],"class_list":["post-13639","post","type-post","status-publish","format-standard","hentry","category-ekonomi","odd"],"_links":{"self":[{"href":"http:\/\/www.korhanyilmaz.com\/index.php?rest_route=\/wp\/v2\/posts\/13639","targetHints":{"allow":["GET"]}}],"collection":[{"href":"http:\/\/www.korhanyilmaz.com\/index.php?rest_route=\/wp\/v2\/posts"}],"about":[{"href":"http:\/\/www.korhanyilmaz.com\/index.php?rest_route=\/wp\/v2\/types\/post"}],"author":[{"embeddable":true,"href":"http:\/\/www.korhanyilmaz.com\/index.php?rest_route=\/wp\/v2\/users\/1"}],"replies":[{"embeddable":true,"href":"http:\/\/www.korhanyilmaz.com\/index.php?rest_route=%2Fwp%2Fv2%2Fcomments&post=13639"}],"version-history":[{"count":0,"href":"http:\/\/www.korhanyilmaz.com\/index.php?rest_route=\/wp\/v2\/posts\/13639\/revisions"}],"wp:attachment":[{"href":"http:\/\/www.korhanyilmaz.com\/index.php?rest_route=%2Fwp%2Fv2%2Fmedia&parent=13639"}],"wp:term":[{"taxonomy":"category","embeddable":true,"href":"http:\/\/www.korhanyilmaz.com\/index.php?rest_route=%2Fwp%2Fv2%2Fcategories&post=13639"},{"taxonomy":"post_tag","embeddable":true,"href":"http:\/\/www.korhanyilmaz.com\/index.php?rest_route=%2Fwp%2Fv2%2Ftags&post=13639"}],"curies":[{"name":"wp","href":"https:\/\/api.w.org\/{rel}","templated":true}]}}