{"id":13630,"date":"2009-08-17T16:12:13","date_gmt":"2009-08-17T13:12:13","guid":{"rendered":"http:\/\/www.korhanyilmaz.com\/?p=13630"},"modified":"2009-08-17T16:12:13","modified_gmt":"2009-08-17T13:12:13","slug":"kizilcik-c-vitamini-deposu","status":"publish","type":"post","link":"http:\/\/www.korhanyilmaz.com\/?p=13630","title":{"rendered":"K\u0131z\u0131lc\u0131k C vitamini deposu"},"content":{"rendered":"<p style=\"text-align: center;\"><a href=\"http:\/\/www.korhanyilmaz.com\/wp-content\/uploads\/2009\/08\/kizilcik.jpg\"  class=\"lightview\"><img loading=\"lazy\" decoding=\"async\" class=\"aligncenter size-full wp-image-13631\" src=\"http:\/\/www.korhanyilmaz.com\/wp-content\/uploads\/2009\/08\/kizilcik.jpg\" alt=\"\" width=\"234\" height=\"232\" \/><\/a><\/p>\n<p style=\"text-align: justify;\">K\u0131z\u0131lc\u0131ktaki C vitamininin portakal\u0131n iki kat\u0131 oldu\u011fu ve bu nedenle h\u00fccreleri kansere kar\u015f\u0131 korudu\u011fu tespit edildi.<\/p>\n<p style=\"text-align: justify;\">Atat\u00fcrk \u00dcniversitesi Ziraat Fak\u00fcltesi \u00d6\u011fretim \u00dcyesi Prof. Dr. Sezai Erci\u015fli, yapt\u0131\u011f\u0131 a\u00e7\u0131klamada, k\u0131z\u0131lc\u0131kla ilgili \u00c7ukurova \u00dcniversitesi, Malatya Meyvecilik Ara\u015ft\u0131rma Enstit\u00fcs\u00fc ve Atat\u00fcrk \u00dcniversitesinin ortak bir ara\u015ft\u0131rma y\u00fcr\u00fctt\u00fc\u011f\u00fcn\u00fc, bu \u00e7al\u0131\u015fma sonunda k\u0131z\u0131lc\u0131k meyvesinin antioksidan \u00f6zelli\u011finin \u00e7ok y\u00fcksek oldu\u011funun tespit edildi\u011fini s\u00f6yledi.<\/p>\n<p style=\"text-align: justify;\">Erci\u015fli, \u015f\u00f6yle konu\u015ftu: &#8220;Kansere kar\u015f\u0131 antioksidan \u00f6zelli\u011fi, koruyucu \u00f6zellik demek. H\u00fccreleri kansere kar\u015f\u0131 koruyor. Bizim \u00e7al\u0131\u015fmam\u0131z bunu kan\u0131tlad\u0131. Yaln\u0131z k\u0131z\u0131lc\u0131k tipleri aras\u0131nda bariz fark \u00e7\u0131kt\u0131. \u00c7ok koyu renkte olan k\u0131z\u0131lc\u0131klar\u0131n antioksidan i\u00e7eri\u011fi daha y\u00fcksek olarak tespit edildi. K\u0131z\u0131lc\u0131\u011f\u0131n ortalama C vitamini 100-120 miligram civar\u0131nda. Bu portakal\u0131n ortalama iki kat\u0131 olarak kabul ediliyor. Portakalda biz bunu ortalama 50-60 miligram olarak tespit ediyoruz. C vitamini y\u00f6n\u00fcnden olduk\u00e7a y\u00fcksek. Antioksidan \u00f6zelli\u011fi de C vitamininden kaynaklan\u0131yor.&#8221; <!--more--><\/p>\n<p style=\"text-align: justify;\">Ara\u015ft\u0131rman\u0131n, Avrupa&#8217;da prestijli g\u0131da dergilerinden birinde yay\u0131mland\u0131\u011f\u0131n\u0131 anlatan Erci\u015fli, &#8220;K\u0131z\u0131lc\u0131ktaT\u00fcrkiye, \u00f6zel bir konuma sahip. D\u00fcnyan\u0131n hi\u00e7bir yerinde T\u00fcrkiye&#8217;deki gibi geni\u015f bir k\u0131z\u0131lc\u0131k pop\u00fclasyonu yok&#8221; dedi.<\/p>\n<p style=\"text-align: justify;\"><strong><em>&#8220;Genetik kaynaklar\u0131 Malatya&#8217;da&#8221; <\/em><\/strong><\/p>\n<p style=\"text-align: justify;\">K\u0131z\u0131lc\u0131k genetik kaynaklar\u0131n\u0131n da Malatya Meyvecilik Ara\u015ft\u0131rma Enstit\u00fcs\u00fcnde bulundu\u011funa dikkati \u00e7eken Erci\u015fli, \u015funlar\u0131 kaydetti:<\/p>\n<p style=\"text-align: justify;\">&#8220;D\u00fcnyada ikinci k\u0131z\u0131lc\u0131k genetik kaynaklar\u0131 bir tek Ukrayna Yalta&#8217;da var. Ba\u015fka yerde yok. Ukrayna&#8217;daki t\u00fcrler de a\u00e7\u0131k renkli kal\u0131yor. Di\u011fer \u00fclkelerde k\u0131z\u0131lc\u0131k t\u00fcr\u00fc yok. Malatya&#8217;da 60&#8217;\u0131n \u00fczerinde tip var. \u00c7e\u015fit demiyoruz. Daha tescil edilmedi. Biz, \u00e7al\u0131\u015fmam\u0131zda 30 tanesini kulland\u0131k.&#8221;<\/p>\n<p style=\"text-align: justify;\"><span style=\"color: #888888;\">CNN T\u00dcRK<\/span><\/p>\n","protected":false},"excerpt":{"rendered":"<p style=\"text-align: center;\">\n<p style=\"text-align: justify;\">K\u0131z\u0131lc\u0131ktaki C vitamininin portakal\u0131n iki kat\u0131 oldu\u011fu ve bu nedenle h\u00fccreleri kansere kar\u015f\u0131 korudu\u011fu tespit edildi.<\/p>\n<p style=\"text-align: justify;\">Atat\u00fcrk \u00dcniversitesi Ziraat Fak\u00fcltesi \u00d6\u011fretim \u00dcyesi Prof. Dr. Sezai Erci\u015fli, yapt\u0131\u011f\u0131 a\u00e7\u0131klamada, k\u0131z\u0131lc\u0131kla ilgili \u00c7ukurova \u00dcniversitesi, Malatya Meyvecilik Ara\u015ft\u0131rma Enstit\u00fcs\u00fc ve Atat\u00fcrk \u00dcniversitesinin ortak bir ara\u015ft\u0131rma y\u00fcr\u00fctt\u00fc\u011f\u00fcn\u00fc, bu \u00e7al\u0131\u015fma sonunda k\u0131z\u0131lc\u0131k meyvesinin <\/p>\n","protected":false},"author":1,"featured_media":0,"comment_status":"open","ping_status":"closed","sticky":false,"template":"","format":"standard","meta":{"footnotes":""},"categories":[5],"tags":[],"class_list":["post-13630","post","type-post","status-publish","format-standard","hentry","category-saglik","odd"],"_links":{"self":[{"href":"http:\/\/www.korhanyilmaz.com\/index.php?rest_route=\/wp\/v2\/posts\/13630","targetHints":{"allow":["GET"]}}],"collection":[{"href":"http:\/\/www.korhanyilmaz.com\/index.php?rest_route=\/wp\/v2\/posts"}],"about":[{"href":"http:\/\/www.korhanyilmaz.com\/index.php?rest_route=\/wp\/v2\/types\/post"}],"author":[{"embeddable":true,"href":"http:\/\/www.korhanyilmaz.com\/index.php?rest_route=\/wp\/v2\/users\/1"}],"replies":[{"embeddable":true,"href":"http:\/\/www.korhanyilmaz.com\/index.php?rest_route=%2Fwp%2Fv2%2Fcomments&post=13630"}],"version-history":[{"count":0,"href":"http:\/\/www.korhanyilmaz.com\/index.php?rest_route=\/wp\/v2\/posts\/13630\/revisions"}],"wp:attachment":[{"href":"http:\/\/www.korhanyilmaz.com\/index.php?rest_route=%2Fwp%2Fv2%2Fmedia&parent=13630"}],"wp:term":[{"taxonomy":"category","embeddable":true,"href":"http:\/\/www.korhanyilmaz.com\/index.php?rest_route=%2Fwp%2Fv2%2Fcategories&post=13630"},{"taxonomy":"post_tag","embeddable":true,"href":"http:\/\/www.korhanyilmaz.com\/index.php?rest_route=%2Fwp%2Fv2%2Ftags&post=13630"}],"curies":[{"name":"wp","href":"https:\/\/api.w.org\/{rel}","templated":true}]}}