{"id":13619,"date":"2009-08-18T11:53:29","date_gmt":"2009-08-18T08:53:29","guid":{"rendered":"http:\/\/www.korhanyilmaz.com\/?p=13619"},"modified":"2009-08-18T11:53:29","modified_gmt":"2009-08-18T08:53:29","slug":"mevsimsel-gribe-dikkkat","status":"publish","type":"post","link":"http:\/\/www.korhanyilmaz.com\/?p=13619","title":{"rendered":"Mevsimsel gribe dikkkat!"},"content":{"rendered":"<p><a href=\"http:\/\/www.korhanyilmaz.com\/wp-content\/uploads\/2009\/08\/mevsimselgrip.jpg\"  class=\"lightview\"><img loading=\"lazy\" decoding=\"async\" class=\"aligncenter size-full wp-image-13620\" src=\"http:\/\/www.korhanyilmaz.com\/wp-content\/uploads\/2009\/08\/mevsimselgrip.jpg\" alt=\"\" width=\"292\" height=\"203\" \/><\/a><\/p>\n<p style=\"text-align: justify;\">Mevsimsel grip, domuz gribinden daha fazla \u00f6ld\u00fcrd\u00fc\u011f\u00fc bildirildi.<\/p>\n<p style=\"text-align: justify;\">\u0130stanbul \u00dcniversitesi T\u0131p Fak\u00fcltesi Viroloji ve Temel \u0130mm\u00fcnoloji Bilim Dal\u0131 \u00d6\u011fretim \u00dcyesi Prof. Dr. Selim Badur, mevsimsel grip a\u015f\u0131s\u0131n\u0131n \u00f6nemine i\u015faret ederek, &#8220;Neden insanlar ku\u015f ya da domuz gribi denince panikliyor da, mevsimsel grip denince \u00f6nemsemiyorlar anlamak m\u00fcmk\u00fcn de\u011fil. \u00c7\u00fcnk\u00fc mevsimsel grip domuz ve ku\u015f gribinden daha fazla \u00f6l\u00fcme yol a\u00e7an bir hastal\u0131k&#8221; dedi.<\/p>\n<p style=\"text-align: justify;\">Sa\u011fl\u0131k Bakanl\u0131\u011f\u0131 A\u015f\u0131 Dan\u0131\u015fma Kurulu \u00fcyesi, T\u00fcrkiye&#8217;de influenza vir\u00fcs\u00fc konusunda inceleme yapan 2 referans laboratuvar\u0131ndan biri olan \u0130stanbul \u00dcniversitesi T\u0131p Fak\u00fcltesi Viroloji Laboratuvar\u0131&#8217;n\u0131n sorumlusu olan Badur, T\u00fcrkiye&#8217;de ilk kez mevsimsel grip a\u015f\u0131s\u0131n\u0131n bu y\u0131l A\u011fustosta piyasaya verildi\u011fini belirtti. <!--more--><\/p>\n<p style=\"text-align: justify;\">Grip a\u015f\u0131s\u0131 \u00fcreticilerinin D\u00fcnya Sa\u011fl\u0131k \u00d6rg\u00fct\u00fc (WHO) ile anla\u015fmalar\u0131 nedeniyle grip a\u015f\u0131s\u0131 \u00fcretimini h\u0131zland\u0131rd\u0131\u011f\u0131n\u0131 kaydeden Badur, bu firmalar\u0131n 15 Temmuzda mevsimsel grip a\u015f\u0131s\u0131 \u00fcretimini tamamlay\u0131p domuz gribi a\u015f\u0131s\u0131na y\u00f6neldi\u011fini anlatt\u0131.<\/p>\n<p style=\"text-align: justify;\">D\u00fcnya Sa\u011fl\u0131k \u00d6rg\u00fct\u00fcn\u00fcn \u00f6nerileri do\u011frultusunda Sa\u011fl\u0131k Bakanl\u0131\u011f\u0131n\u0131n 65 ya\u015f\u0131n \u00fczerindekilerle kronik hastal\u0131\u011f\u0131 olanlar\u0131n mevsimsel gribe kar\u015f\u0131 \u00fccretsiz a\u015f\u0131lanmas\u0131 karar\u0131 ald\u0131\u011f\u0131n\u0131 hat\u0131rlatan Badur, Avrupa&#8217;da bu gruptakilerin mevsimsel gribe kar\u015f\u0131 a\u015f\u0131lanma oran\u0131n\u0131n y\u00fczde 80 olmas\u0131na kar\u015f\u0131n, T\u00fcrkiye&#8217;de y\u00fczde 9-10&#8217;lar civar\u0131nda bulundu\u011funu belirtti.<\/p>\n<p style=\"text-align: justify;\">Geri kalan y\u00fczde 90&#8217;l\u0131k kesimin ya b\u00f6yle bir uygulamadan haberi olmad\u0131\u011f\u0131n\u0131 ya da konuyu \u00f6nemsemedi\u011fini belirten Badur, bu durumun sa\u011fl\u0131k \u00e7al\u0131\u015fanlar\u0131 ve hekimlerin bu konuda yeterli bilgiye sahip olmamas\u0131ndan kaynakland\u0131\u011f\u0131n\u0131 s\u00f6yledi.<\/p>\n<p style=\"text-align: justify;\">Toplumda domuz gribi a\u015f\u0131s\u0131 konusunda duyarl\u0131l\u0131k olu\u015fmas\u0131na kar\u015f\u0131n mevsimsel griple ilgili ayn\u0131 tutumun geli\u015fmedi\u011fine dikkati \u00e7eken Badur, &#8220;T\u00fcrkiye&#8217;de 8-10 milyon ki\u015finin mevsimsel grip a\u015f\u0131s\u0131 olmas\u0131 gerekirken bu say\u0131 2 milyon civar\u0131nda. Bunun 1 milyonunu da sa\u011fl\u0131kl\u0131 ve gen\u00e7 insanlar olu\u015fturuyor&#8221; dedi.<\/p>\n<p style=\"text-align: justify;\">Mevsimsel grip a\u015f\u0131s\u0131n\u0131n Eyl\u00fcl ay\u0131ndan itibaren yapt\u0131r\u0131labilece\u011fini bildiren Badur, &#8220;Neden insanlar ku\u015f ya da domuz gribi denince panikliyor da mevsimsel grip denince \u00f6nemsemiyorlar anlamak m\u00fcmk\u00fcn de\u011fil. \u00c7\u00fcnk\u00fc mevsimsel grip domuz ve ku\u015f gribinden daha fazla \u00f6l\u00fcme yol a\u00e7an bir hastal\u0131k&#8221; diye konu\u015ftu.<\/p>\n<p style=\"text-align: justify;\">Badur, H1N1&#8217;in \u00e7ok h\u0131zl\u0131 yay\u0131lan bir vir\u00fcs oldu\u011funu, \u00e7ok s\u00fcratle yay\u0131ld\u0131\u011f\u0131n\u0131, kolay bula\u015ft\u0131\u011f\u0131n\u0131, ama mevsimsel grip kadar hasar yapmad\u0131\u011f\u0131n\u0131 belirterek, &#8220;Mevsimsel gripten d\u00fcnyada y\u0131lda 250-500 bin ki\u015fi \u00f6l\u00fcyor. Bu \u00e7ok b\u00fcy\u00fck bir rakam. \u0130nsanlar grip konusundaki herhangi bir haberi ila\u00e7 ya da a\u015f\u0131 firmalar\u0131n\u0131n yapay olarak g\u00fcndeme getirdi\u011fini d\u00fc\u015f\u00fcn\u00fcyor. Ama \u00f6yle de\u011fil. Bug\u00fcn ku\u015f gribi de, domuz gribi de mevsimsel gripten daha az insan \u00f6ld\u00fcrm\u00fc\u015ft\u00fcr ve daha az korkulmalar\u0131 gerekir&#8221; g\u00f6r\u00fc\u015flerini dile getirdi.<\/p>\n<p style=\"text-align: justify;\">Domuz gribinin binde 4 civar\u0131nda \u00f6l\u00fcme yol a\u00e7t\u0131\u011f\u0131n\u0131, mevsimsel gripte bu oran\u0131n \u00e7ok daha y\u00fcksek oldu\u011funu kaydeden Badur, &#8220;Ama \u00e7ok s\u0131k de\u011fi\u015fime u\u011frad\u0131klar\u0131 i\u00e7in domuz ve ku\u015f gribi vir\u00fcslerinin kendi i\u00e7inde farkl\u0131la\u015f\u0131p bu kadar h\u0131zl\u0131 yay\u0131lma \u00f6zelli\u011finin yan\u0131nda bir de \u00e7ok \u015fiddetli hastal\u0131k yapma ve \u00f6l\u00fcmc\u00fcl olma \u00f6zelli\u011fi kazanmas\u0131ndan korkuluyor&#8221; diye konu\u015ftu.<\/p>\n<p style=\"text-align: justify;\">Badur, kolay yay\u0131ld\u0131\u011f\u0131 ve bula\u015ft\u0131\u011f\u0131 i\u00e7in H1N1 vir\u00fcs\u00fcne kar\u015f\u0131 \u00f6nlem al\u0131nmas\u0131n\u0131n gerekli oldu\u011funu, ama domuz gribinin \u00e7ok tehlikeli bir hastal\u0131k olmad\u0131\u011f\u0131n\u0131n bilinmesi gerekti\u011fini bildirdi.<\/p>\n<p style=\"text-align: justify;\"><strong><em>Domuz gribiyle ilgili yanl\u0131\u015f inan\u0131\u015flar<\/em><\/strong><\/p>\n<p style=\"text-align: justify;\">Domuz gribi konusunda do\u011fru bilgilenmenin \u00f6nemine de i\u015faret eden Badur, bu konuda T\u00fcrkiye&#8217;de yanl\u0131\u015f inan\u0131\u015f, tutum ve davran\u0131\u015flar oldu\u011funu, baz\u0131 haberlerin de sansasyonel tarzda verildi\u011fini belirtti.<\/p>\n<p style=\"text-align: justify;\">Hastalar\u0131n hastanede yatarak tedavi edilmesi gerekti\u011fi konusunda yanl\u0131\u015f bir inan\u0131\u015f bulundu\u011funu kaydeden Badur, &#8220;H1N1 vir\u00fcs\u00fc ta\u015f\u0131yanlar\u0131n yatarak tedavi edilmesine gerek yok. D\u00fcnyada b\u00f6yle bir uygulamaya giden tek bir \u00fclke bile bulunmuyor. Domuz gribi olgular\u0131n\u0131n evlerinde tedavi olmalar\u0131 laz\u0131m. \u00c7ok do\u011fal olan bir \u015fey biz de &#8216;skandal&#8217; diye veriliyor&#8221; dedi.<\/p>\n<p style=\"text-align: justify;\">Ba\u015flang\u0131\u00e7ta &#8220;indeks vaka&#8221; denilen ilk vakalar\u0131n izole edilmesi amac\u0131yla bu hastalar\u0131n yatarak tedavi edildi\u011fini anlatan Badur, &#8220;\u00c7\u00fcnk\u00fc hastal\u0131\u011f\u0131n nas\u0131l seyredece\u011fi bilinmiyordu. Yabanc\u0131lar\u0131n da gidecek yeri yoktu. Onun i\u00e7in ilk ba\u015flarda hastanede tutulmalar\u0131 do\u011fruydu. Sonra art\u0131k hastanede tutulmalar\u0131na gerek olmad\u0131\u011f\u0131 g\u00f6r\u00fcld\u00fc&#8221; diye konu\u015ftu.<\/p>\n<p style=\"text-align: justify;\">Bu konuda kullan\u0131lan terminolojinin de yanl\u0131\u015f oldu\u011funa dikkati \u00e7eken Badur, hastan\u0131n de\u011fil, bir b\u00f6lgenin karantinaya al\u0131nd\u0131\u011f\u0131n\u0131 s\u00f6yledi. Badur, sadece solunum yetmezli\u011fi olan domuz gribi olgular\u0131n\u0131n hastanelerde yatarak tedavi edildi\u011fini, di\u011ferlerine ise &#8220;ziyaret\u00e7i kabul etmeyin, d\u0131\u015far\u0131 \u00e7\u0131kmay\u0131n, aile bireyleriyle yak\u0131n ileti\u015fim i\u00e7inde olmay\u0131n, maske tak\u0131n&#8221; gibi \u00f6nerilerde bulunulmas\u0131n\u0131n yerinde oldu\u011funu belirtti.<\/p>\n<p style=\"text-align: justify;\">&#8220;Diren\u00e7 geli\u015febilir&#8221; diye Fransa&#8217;da domuz gribi vakalar\u0131nda art\u0131k antiviral kullan\u0131lmad\u0131\u011f\u0131na dikkati \u00e7eken Badur, ancak T\u00fcrkiye&#8217;de &#8220;gereksiz yere bile kullan\u0131labildi\u011fini&#8221; kaydetti.<\/p>\n<p style=\"text-align: justify;\"><span style=\"color: #888888;\">CNN T\u00dcRK<\/span><\/p>\n","protected":false},"excerpt":{"rendered":"<\/p>\n<p style=\"text-align: justify;\">Mevsimsel grip, domuz gribinden daha fazla \u00f6ld\u00fcrd\u00fc\u011f\u00fc bildirildi.<\/p>\n<p style=\"text-align: justify;\">\u0130stanbul \u00dcniversitesi T\u0131p Fak\u00fcltesi Viroloji ve Temel \u0130mm\u00fcnoloji Bilim Dal\u0131 \u00d6\u011fretim \u00dcyesi Prof. Dr. Selim Badur, mevsimsel grip a\u015f\u0131s\u0131n\u0131n \u00f6nemine i\u015faret ederek, &#8220;Neden insanlar ku\u015f ya da domuz gribi denince panikliyor da, mevsimsel grip denince \u00f6nemsemiyorlar anlamak m\u00fcmk\u00fcn de\u011fil. \u00c7\u00fcnk\u00fc mevsimsel grip <\/p>\n","protected":false},"author":1,"featured_media":0,"comment_status":"open","ping_status":"closed","sticky":false,"template":"","format":"standard","meta":{"footnotes":""},"categories":[5],"tags":[],"class_list":["post-13619","post","type-post","status-publish","format-standard","hentry","category-saglik","odd"],"_links":{"self":[{"href":"http:\/\/www.korhanyilmaz.com\/index.php?rest_route=\/wp\/v2\/posts\/13619","targetHints":{"allow":["GET"]}}],"collection":[{"href":"http:\/\/www.korhanyilmaz.com\/index.php?rest_route=\/wp\/v2\/posts"}],"about":[{"href":"http:\/\/www.korhanyilmaz.com\/index.php?rest_route=\/wp\/v2\/types\/post"}],"author":[{"embeddable":true,"href":"http:\/\/www.korhanyilmaz.com\/index.php?rest_route=\/wp\/v2\/users\/1"}],"replies":[{"embeddable":true,"href":"http:\/\/www.korhanyilmaz.com\/index.php?rest_route=%2Fwp%2Fv2%2Fcomments&post=13619"}],"version-history":[{"count":0,"href":"http:\/\/www.korhanyilmaz.com\/index.php?rest_route=\/wp\/v2\/posts\/13619\/revisions"}],"wp:attachment":[{"href":"http:\/\/www.korhanyilmaz.com\/index.php?rest_route=%2Fwp%2Fv2%2Fmedia&parent=13619"}],"wp:term":[{"taxonomy":"category","embeddable":true,"href":"http:\/\/www.korhanyilmaz.com\/index.php?rest_route=%2Fwp%2Fv2%2Fcategories&post=13619"},{"taxonomy":"post_tag","embeddable":true,"href":"http:\/\/www.korhanyilmaz.com\/index.php?rest_route=%2Fwp%2Fv2%2Ftags&post=13619"}],"curies":[{"name":"wp","href":"https:\/\/api.w.org\/{rel}","templated":true}]}}