{"id":13612,"date":"2009-08-18T10:59:42","date_gmt":"2009-08-18T07:59:42","guid":{"rendered":"http:\/\/www.korhanyilmaz.com\/?p=13612"},"modified":"2009-08-18T10:59:42","modified_gmt":"2009-08-18T07:59:42","slug":"teror-orgutunde-yeni-cetelesme-tartismasi","status":"publish","type":"post","link":"http:\/\/www.korhanyilmaz.com\/?p=13612","title":{"rendered":"Ter\u00f6r \u00f6rg\u00fct\u00fcnde yeni &#039;\u00e7etele\u015fme&#039; tart\u0131\u015fmas\u0131"},"content":{"rendered":"<p style=\"text-align: center;\"><a href=\"http:\/\/www.korhanyilmaz.com\/wp-content\/uploads\/2009\/08\/PKK.jpg\"  class=\"lightview\"><img loading=\"lazy\" decoding=\"async\" class=\"aligncenter size-full wp-image-13613\" title=\"PKK\" src=\"http:\/\/www.korhanyilmaz.com\/wp-content\/uploads\/2009\/08\/PKK.jpg\" alt=\"PKK\" width=\"276\" height=\"212\" \/><\/a><\/p>\n<p style=\"text-align: justify;\">Ter\u00f6r \u00f6rg\u00fct\u00fcnde, de\u011fi\u015fik \u00fclkelerde ya\u015fanan &#8220;\u00e7etele\u015fme&#8221; tart\u0131\u015fmalar\u0131 K\u0131br\u0131s Rum kesimine s\u0131\u00e7rad\u0131. Suriye ve T\u00fcrkiye k\u00f6kenli K\u00fcrtler aras\u0131nda &#8220;rant kavgas\u0131 ya\u015fand\u0131\u011f\u0131&#8221; \u00f6ne s\u00fcr\u00fcld\u00fc.<\/p>\n<p style=\"text-align: justify;\">K\u0131br\u0131s Rum kesiminde \u00f6rg\u00fctlenen Suriye k\u00f6kenli ter\u00f6ristlerin, \u00fclkede ya\u015fayan K\u00fcrtlerden &#8220;ba\u011f\u0131\u015f&#8221; ve &#8220;vergilendirme&#8221; ad\u0131 alt\u0131nda hara\u00e7 toplanmas\u0131n\u0131n yan\u0131 s\u0131ra uyu\u015fturucu ve insan ticaretinden sa\u011flanan paran\u0131n orta Avrupa&#8217;daki bir \u00fclkede bulunan banka hesaplar\u0131na aktard\u0131\u011f\u0131 ortaya \u00e7\u0131kt\u0131.<\/p>\n<p style=\"text-align: justify;\">Bu geli\u015fmeler \u00fczerine ter\u00f6r \u00f6rg\u00fct\u00fcn\u00fcn K\u0131br\u0131s Rum kesimi sorumlusu Abdullah G&#8217;nin, Suriye k\u00f6kenli kadrolar\u0131n &#8220;\u00e7etele\u015fme&#8221; faaliyetlerine ili\u015fkin bir rapor haz\u0131rlayarak, s\u00f6zde Avrupa sorumlusu Sabri Ok&#8217;a iletti\u011fi ve acil olarak bu kadrolar\u0131n tasfiyesini talep etti\u011fi bildirildi. <!--more--><\/p>\n<p style=\"text-align: justify;\">Ter\u00f6rist Sabri Ok&#8217;tan gelen talimat \u00fczerine harekete ge\u00e7en Abdullah G. ve adamlar\u0131, &#8220;\u00e7etele\u015fme&#8221; faaliyeti y\u00fcr\u00fctt\u00fc\u011f\u00fc iddia edilen 9 Suriye k\u00f6kenli \u00f6rg\u00fct mensubunu Rum kesimindeki uzant\u0131s\u0131 derne\u011fe hapsetti.<\/p>\n<p style=\"text-align: justify;\">Bu durumdan haberdar olan 20-25 ki\u015filik Suriye k\u00f6kenli \u00f6rg\u00fct mensubu, dernek binas\u0131n\u0131 basarak arkada\u015flar\u0131n\u0131 kurtard\u0131. K\u0131br\u0131s Rum kesiminde faaliyet g\u00f6steren ve \u00e7o\u011funlu\u011fu Suriye k\u00f6kenli olan ter\u00f6r \u00f6rg\u00fct\u00fc mensuplar\u0131n\u0131n, &#8220;Abdullah G&#8217;nin alkolik oldu\u011fu, as\u0131l \u00e7etele\u015fme faaliyetini kendisinin y\u00fcr\u00fctt\u00fc\u011f\u00fc, \u00f6rg\u00fct\u00fcn paralar\u0131n\u0131 \u015fahsi \u00e7\u0131karlar\u0131 i\u00e7in kulland\u0131\u011f\u0131, Suriyeli kadrolara k\u00f6t\u00fc davrand\u0131\u011f\u0131 ve d\u0131\u015flad\u0131\u011f\u0131&#8221; \u015fikayetleri Kandil&#8217;deki s\u00f6zde &#8220;Ba\u015fkanl\u0131k Konseyi&#8217;ne iletildi.<\/p>\n<p style=\"text-align: justify;\">Bunun \u00fczerine, Abdullah G. sorumluluktan al\u0131narak yerine Suriye k\u00f6kenli &#8220;Semir \u0130zzettin&#8221; kod adl\u0131 bir ki\u015fi getirildi.<\/p>\n<p style=\"text-align: justify;\">Ya\u015fanan bu geli\u015fmelerin ard\u0131ndan T\u00fcrkiye k\u00f6kenli K\u00fcrtlere y\u00f6nelik \u015fiddet eylemleri ba\u015flad\u0131. Suriye k\u00f6kenli K\u00fcrtlerin en son hedefi Metin \u015e. oldu. Suriye k\u00f6kenli K\u00fcrtler, Metin \u015e&#8217;ye arac\u0131n\u0131n i\u00e7indeyken sabotaj eylemi ger\u00e7ekle\u015ftirdi.<\/p>\n<p style=\"text-align: justify;\">Durumu fark eden Metin \u015e. son anda ka\u00e7may\u0131 ba\u015far\u0131rken, arac\u0131 yand\u0131. \u0130ki grup aras\u0131nda ya\u015fanan kavgan\u0131n yan\u0131 s\u0131ra &#8220;uyu\u015fturucu ve insan ka\u00e7ak\u00e7\u0131l\u0131\u011f\u0131&#8221; iddialar\u0131ndan rahats\u0131z olan K\u0131br\u0131s Rum polisinin ter\u00f6r \u00f6rg\u00fct\u00fcne y\u00f6nelik kapsaml\u0131 bir operasyon ba\u015flatabilece\u011fi kaydedildi.<\/p>\n<p style=\"text-align: justify;\">Ter\u00f6r \u00f6rg\u00fct\u00fcn\u00fcn Suriye k\u00f6kenli kadrolar\u0131n\u0131n, &#8220;K\u00fcrt meselesinin \u00e7\u00f6z\u00fcm\u00fc sonras\u0131nda art\u0131k PKK&#8217;ya ihtiya\u00e7 kalmayacak. Bizler bu \u00e7\u00f6z\u00fcm\u00fcn d\u0131\u015f\u0131nda kalaca\u011f\u0131z. Bize kimse sahip \u00e7\u0131kmayacak. T\u00fcrkiye k\u00f6kenli kadrolar bizi zaten d\u0131\u015flamaya ba\u015flad\u0131&#8221; d\u00fc\u015f\u00fcncesiyle hareket etti\u011fini belirten ter\u00f6r uzmanlar\u0131, &#8220;\u00f6rg\u00fctte \u00e7atla\u011f\u0131n giderek b\u00fcy\u00fcd\u00fc\u011f\u00fcn\u00fc&#8221; s\u00f6ylediler.<\/p>\n<p style=\"text-align: justify;\">\u00d6rg\u00fct\u00fcn eleba\u015f\u0131lar\u0131ndan Murat Karay\u0131lan, ge\u00e7ti\u011fimiz g\u00fcnlerde T\u00fcrkiye, \u0130ran, Suriye ve Avrupa alan\u0131nda faaliyet g\u00f6steren \u00f6rg\u00fct sorumlular\u0131na, &#8220;Kandil y\u00f6netiminin 1 Eyl\u00fcl&#8217;e kadar uzatt\u0131\u011f\u0131 eylemsizlik karar\u0131na uymayanlar\u0131n, s\u00fcre\u00e7ten \u015fahsi \u00e7\u0131kar sa\u011flamaya \u00e7al\u0131\u015fanlar\u0131n ve s\u00fcreci sabote etmeye y\u00f6nelik eylemlerde bulunanlar\u0131n derhal g\u00f6revden al\u0131naca\u011f\u0131n\u0131&#8221; duyurmu\u015ftu.<\/p>\n<p style=\"text-align: justify;\"><span style=\"color: #888888;\">CNN T\u00dcRK<\/span><\/p>\n","protected":false},"excerpt":{"rendered":"<p style=\"text-align: center;\">\n<p style=\"text-align: justify;\">Ter\u00f6r \u00f6rg\u00fct\u00fcnde, de\u011fi\u015fik \u00fclkelerde ya\u015fanan &#8220;\u00e7etele\u015fme&#8221; tart\u0131\u015fmalar\u0131 K\u0131br\u0131s Rum kesimine s\u0131\u00e7rad\u0131. Suriye ve T\u00fcrkiye k\u00f6kenli K\u00fcrtler aras\u0131nda &#8220;rant kavgas\u0131 ya\u015fand\u0131\u011f\u0131&#8221; \u00f6ne s\u00fcr\u00fcld\u00fc.<\/p>\n<p style=\"text-align: justify;\">K\u0131br\u0131s Rum kesiminde \u00f6rg\u00fctlenen Suriye k\u00f6kenli ter\u00f6ristlerin, \u00fclkede ya\u015fayan K\u00fcrtlerden &#8220;ba\u011f\u0131\u015f&#8221; ve &#8220;vergilendirme&#8221; ad\u0131 alt\u0131nda hara\u00e7 toplanmas\u0131n\u0131n yan\u0131 s\u0131ra uyu\u015fturucu ve insan ticaretinden sa\u011flanan paran\u0131n orta <\/p>\n","protected":false},"author":1,"featured_media":0,"comment_status":"open","ping_status":"closed","sticky":false,"template":"","format":"standard","meta":{"footnotes":""},"categories":[105],"tags":[],"class_list":["post-13612","post","type-post","status-publish","format-standard","hentry","category-gundem","odd"],"_links":{"self":[{"href":"http:\/\/www.korhanyilmaz.com\/index.php?rest_route=\/wp\/v2\/posts\/13612","targetHints":{"allow":["GET"]}}],"collection":[{"href":"http:\/\/www.korhanyilmaz.com\/index.php?rest_route=\/wp\/v2\/posts"}],"about":[{"href":"http:\/\/www.korhanyilmaz.com\/index.php?rest_route=\/wp\/v2\/types\/post"}],"author":[{"embeddable":true,"href":"http:\/\/www.korhanyilmaz.com\/index.php?rest_route=\/wp\/v2\/users\/1"}],"replies":[{"embeddable":true,"href":"http:\/\/www.korhanyilmaz.com\/index.php?rest_route=%2Fwp%2Fv2%2Fcomments&post=13612"}],"version-history":[{"count":0,"href":"http:\/\/www.korhanyilmaz.com\/index.php?rest_route=\/wp\/v2\/posts\/13612\/revisions"}],"wp:attachment":[{"href":"http:\/\/www.korhanyilmaz.com\/index.php?rest_route=%2Fwp%2Fv2%2Fmedia&parent=13612"}],"wp:term":[{"taxonomy":"category","embeddable":true,"href":"http:\/\/www.korhanyilmaz.com\/index.php?rest_route=%2Fwp%2Fv2%2Fcategories&post=13612"},{"taxonomy":"post_tag","embeddable":true,"href":"http:\/\/www.korhanyilmaz.com\/index.php?rest_route=%2Fwp%2Fv2%2Ftags&post=13612"}],"curies":[{"name":"wp","href":"https:\/\/api.w.org\/{rel}","templated":true}]}}