{"id":13609,"date":"2009-08-18T13:00:16","date_gmt":"2009-08-18T10:00:16","guid":{"rendered":"http:\/\/www.korhanyilmaz.com\/?p=13609"},"modified":"2009-08-18T13:00:16","modified_gmt":"2009-08-18T10:00:16","slug":"bakan-atalay-yasar-kemalle-de-gorustum","status":"publish","type":"post","link":"http:\/\/www.korhanyilmaz.com\/?p=13609","title":{"rendered":"Bakan Atalay: Ya\u015far Kemal&#039;le de g\u00f6r\u00fc\u015ft\u00fcm"},"content":{"rendered":"<p style=\"text-align: center;\"><a href=\"http:\/\/www.korhanyilmaz.com\/wp-content\/uploads\/2009\/08\/acilim.jpg\"  class=\"lightview\"><img loading=\"lazy\" decoding=\"async\" class=\"aligncenter size-full wp-image-13610\" src=\"http:\/\/www.korhanyilmaz.com\/wp-content\/uploads\/2009\/08\/acilim.jpg\" alt=\"\" width=\"307\" height=\"236\" \/><\/a><\/p>\n<p style=\"text-align: justify;\">\u0130\u00e7i\u015fleri Bakan\u0131 Be\u015fir Atalay, h\u00fck\u00fcmetin K\u00fcrt a\u00e7\u0131l\u0131m\u0131 \u00e7er\u00e7evesinde ger\u00e7ekle\u015ftirdi\u011fi ziyaretler kapsam\u0131nda bug\u00fcn D\u0130SK ve T\u00dcS\u0130AD&#8217;\u0131 ziyaret etti. Atalay, d\u00fcn ak\u015fam da yazar Ya\u015far Kemal ile bir araya geldi\u011fini s\u00f6yledi.<\/p>\n<p style=\"text-align: justify;\">G\u00f6r\u00fc\u015fmenin ard\u0131ndan Atalay ve \u00c7elebi kameralar\u0131n kar\u015f\u0131s\u0131na ge\u00e7ti.<\/p>\n<p style=\"text-align: justify;\">Atalay Ya\u015far Kemal&#8217;le g\u00f6r\u00fc\u015fmesini, &#8220;Ak\u015fam Say\u0131n Ya\u015far Kemal&#8217;i ziyaret ettim. Kendisiyle iki saat kadar g\u00f6r\u00fc\u015ft\u00fcm evinde, g\u00f6r\u00fc\u015flerini, fikirlerini ald\u0131m. Kendisine de buradan te\u015fekk\u00fcr ediyorum, bu konudaki katk\u0131s\u0131 i\u00e7in&#8221; \u015feklinde a\u00e7\u0131klad\u0131.<\/p>\n<p style=\"text-align: justify;\">Atalay sorular \u00fczerine Kemal&#8217;le yapt\u0131\u011f\u0131 g\u00f6r\u00fc\u015fmenin y\u00fcr\u00fcttt\u00fc\u011f\u00fc \u00e7al\u0131\u015fma i\u00e7in kendisine \u00e7ok faydal\u0131 oldu\u011funu da s\u00f6zlerine ekledi. <!--more--><\/p>\n<p style=\"text-align: justify;\">\u0130\u00e7i\u015fleri Bakan\u0131 Atalay, demokratik a\u00e7\u0131l\u0131m olarak niteledi\u011fi \u00e7al\u0131\u015fmayla ilgili temaslar\u0131n\u0131 s\u00fcrd\u00fcrd\u00fc\u011f\u00fcn\u00fc hat\u0131rlat\u0131p, &#8220;Bu farkl\u0131 bir konu, \u00e7ok payla\u015fmak gerekiyor. \u00c7ok d\u00fc\u015f\u00fcncenin kat\u0131l\u0131m\u0131n biraraya getirmek geriyor. Bu b\u00fcy\u00fck toplumsal sorunu payla\u015fmak \u00fczere, sivil toplum \u00f6rg\u00fctlerini ziyaret ediyoruz. Kendi g\u00f6r\u00fc\u015flerimi payla\u015f\u0131yorum. Onlar\u0131n fikirlerini al\u0131yorum&#8221; \u015feklinde konu\u015ftu.<\/p>\n<p style=\"text-align: justify;\">D\u0130SK Genel Ba\u015fkan\u0131 \u00c7elebi ve Ba\u015fkanl\u0131k Divan\u0131 \u00fcyeleriyle \u00e7ok verimli bir g\u00f6r\u00fc\u015fme yapt\u0131klar\u0131n\u0131 s\u00f6yleyen Atalay, &#8220;Haz\u0131rl\u0131k yapm\u0131\u015flar, bana o dosyay\u0131 da verecekler&#8221; diye konu\u015ftu.<\/p>\n<p style=\"text-align: justify;\">&#8220;Bu sadece AKP&#8217;nin ve sadece h\u00fck\u00fcmetin bir sorunu de\u011fil. Ya\u015fad\u0131\u011f\u0131m\u0131z b\u00fcy\u00fck ac\u0131larla dolu bu s\u00fccenin bu sorunun \u00e7\u00f6z\u00fcm\u00fc hepimizin sorunu. B\u00fct\u00fcn partilerin b\u00fct\u00fcn bireylerin, payla\u015farak ortak \u00e7aba sarf ederek, bu s\u00fcre\u00e7teki engelleri giderebiliriz &#8221; diye konu\u015fan Atalay, d\u00fcn gece \u00fcnl\u00fc yazar Ya\u015far Kemal&#8217;i evinde ziyaret etti\u011fini a\u00e7\u0131klad\u0131.<\/p>\n<p style=\"text-align: justify;\"><strong><em>\u00c7elebi:  &#8220;\u00c7ok bedel \u00f6dedik&#8221; <\/em><\/strong><\/p>\n<p style=\"text-align: justify;\">D\u0130SK Genelba\u015fkan\u0131 S\u00fclayman \u00c7elebi de, &#8220;Bu sorunun AKP&#8217;nin de\u011fil, bu sorun T\u00fcrkiye&#8217;nin sorunu. T\u00fcrkiye&#8217;nin sorununa hep beraber \u00e7\u00f6z\u00fcm \u00fcretmek zorunday\u0131z. Devlete k\u00fcs\u00fclmez, devlet bizim devletimiz, \u00fclke bizim \u00fclkemiz. En \u00e7ok bedel \u00f6deyen \u00f6rg\u00fct\u00fcn lideri olarak konu\u015fuyorum. Bu sorunun \u00e7\u00f6z\u00fcm\u00fc konusunda herkes katk\u0131 sa\u011flamal\u0131. Biz onlarca y\u0131lld\u0131r irademizi a\u00e7\u0131kca ortaya koyduk&#8221; \u015feklinde konu\u015ftu.<\/p>\n<p style=\"text-align: justify;\">S\u00fcleyman \u00c7elebi, baz\u0131 siyasi partileri bu konuda anlamakta g\u00fc\u00e7l\u00fck \u00e7ektiklerini ifade ederek, bu kadar direnmek yerine herkesin s\u00fcrece katk\u0131 vermesi gerekti\u011fini vurgulad\u0131.<\/p>\n<p style=\"text-align: justify;\">\u00c7elebi,  &#8220;Bu sorun, bu \u00fclkenin sorunu. Bu soruna ili\u015fkin say\u0131n bakana daha \u00f6nce de ifade etti\u011fimiz iradelerimizi, kayg\u0131lar\u0131m\u0131z\u0131, buna ili\u015fkin yakla\u015f\u0131mlar\u0131m\u0131z\u0131 net olarak ortaya koyduk. Anayasa tart\u0131\u015fmalar\u0131 g\u00fcndeme geldi\u011finde, anayasa konusundaki d\u00fc\u015f\u00fcncelerimizi de \u00e7ok net bir \u015fekilde ifade ettik. T\u00fcrkiye Cumhuriyet vatanda\u015fl\u0131\u011f\u0131 temelinde bir de\u011fi\u015fikli\u011fe, yaln\u0131z o de\u011fi\u015fikli\u011fe de\u011fil, demokratik a\u00e7\u0131l\u0131mlara da ihtiya\u00e7 oldu\u011funu ifade ettik. Irk\u00e7\u0131 milli s\u00f6ylemlerin ve o konuda y\u00fcr\u00fct\u00fclen siyasetin bedelini en \u00e7ok \u00e7al\u0131\u015fan kesim \u00f6dedi. Ya\u015fam\u0131n di\u011fer alan\u0131ndaki bedeller de \u00f6nemlidir. Bu bedelin \u00f6denmemesi gerekti\u011fini d\u00fc\u015f\u00fcn\u00fcyoruz. \u0130\u015fin ekonomik boyutunda da projeler geli\u015ftirilmeli. Bu konuda bar\u0131\u015fa gidecek ad\u0131mlar\u0131n cesaretle at\u0131lmas\u0131na ihtiya\u00e7 var. &#8216;Denedik ama ba\u015faramad\u0131k&#8217; yakla\u015f\u0131m\u0131n\u0131 duymak istemiyoruz&#8221; diye konu\u015ftu.<\/p>\n<p style=\"text-align: justify;\">Gazetecilerin &#8220;Demokratik a\u00e7\u0131l\u0131m \u00e7al\u0131\u015fmalar\u0131yla ilgili \u00f6neri listenizde neler var?&#8221; sorusuna \u00c7elebi, anayasa de\u011fi\u015fikli\u011fi ba\u015fta olmak \u00fczere demokratik a\u00e7\u0131l\u0131mlar\u0131n ele al\u0131nmas\u0131n\u0131 istediklerini, yakla\u015f\u0131mlar\u0131n\u0131n o b\u00f6lgedeki sorunlar\u0131n a\u015f\u0131lmas\u0131 konusunda oldu\u011funu bildirdi. \u00c7elebi, sorunun t\u0131kanma noktas\u0131ndan \u00e7\u0131kart\u0131lmas\u0131, demokratikle\u015fmenin yarat\u0131lmas\u0131 gerekti\u011fini s\u00f6zlerine ekledi.<\/p>\n<p style=\"text-align: justify;\"><strong><em>T\u00dcS\u0130AD&#8217;la g\u00f6r\u00fc\u015fme <\/em><\/strong><\/p>\n<p style=\"text-align: justify;\">\u0130\u00e7i\u015fleri Bakan\u0131 Be\u015fir Atalay, T\u00fcrk Sanayicileri ve \u0130\u015fadamlar\u0131 Derne\u011fini (T\u00dcS\u0130AD) ziyaret ederek, y\u00f6netim kurulu \u00fcyeleriyle bir araya geldi.<\/p>\n<p style=\"text-align: justify;\">Atalay, toplant\u0131n\u0131n ard\u0131ndan yapt\u0131\u011f\u0131 a\u00e7\u0131klamada, T\u00dcS\u0130AD&#8217;dan kendisinin randevu talebinde bulundu\u011funu ifade ederek, demokratik a\u00e7\u0131l\u0131m s\u00fcreci \u00e7al\u0131\u015fmas\u0131nda T\u00dcS\u0130AD&#8217;\u0131n g\u00f6r\u00fc\u015flerini ve katk\u0131lar\u0131n\u0131 almak i\u00e7in ziyareti ger\u00e7ekle\u015ftirdi\u011fini s\u00f6yledi.<\/p>\n<p style=\"text-align: justify;\">Bakan Atalay, &#8220;Genel manada demokratik a\u00e7\u0131l\u0131m ve bunun i\u00e7indeki di\u011fer b\u00fct\u00fcn sorun alanlar\u0131 b\u00fct\u00fcn toplum kesimlerini ilgilendiren bir konu. Sadece bir siyasi partinin de\u011fil b\u00fct\u00fcn toplum kesimleri, b\u00fct\u00fcn siyasi partiler katk\u0131 vererek, el birli\u011fi yaparak ancak iyi sonu\u00e7lara gidebiliriz. Bu inan\u00e7tay\u0131z. Biz bunun i\u00e7in \u00e7aba sarf ediyoruz&#8221; dedi.<\/p>\n<p style=\"text-align: justify;\">T\u00dcS\u0130AD&#8217;\u0131n bug\u00fcne kadar daima \u00f6nemli toplumsal sorunlara katk\u0131 verdi\u011fini ve bu konuda \u00e7al\u0131\u015fmalar yapt\u0131\u011f\u0131n\u0131, emek harcad\u0131\u011f\u0131n\u0131 dile getiren Be\u015fir Atalay, &#8220;Biz bu konuda da T\u00dcS\u0130AD&#8217;\u0131n katk\u0131s\u0131n\u0131 \u00f6nemli g\u00f6r\u00fcyoruz. Genel manada Avrupa Birli\u011fi (AB) s\u00fcrecinde ve demokratik a\u00e7\u0131l\u0131mlarda, demokrasimizin standartlar\u0131n\u0131n y\u00fckseltilmesinde T\u00dcS\u0130AD&#8217;\u0131n \u00e7al\u0131\u015fmalar\u0131 daima ger\u00e7ekten \u00f6nemli olmu\u015ftur ve biz de hep \u00f6nemli g\u00f6rm\u00fc\u015f\u00fczd\u00fcr. Y\u00fcr\u00fctt\u00fc\u011f\u00fcm\u00fcz \u00e7al\u0131\u015fma da bunlar\u0131n bir devam\u0131d\u0131r. Bu manada \u015fu anda g\u00f6r\u00fc\u015flerini ald\u0131m ama bundan sonra da olabilecek g\u00f6r\u00fc\u015flerini hep bekleyece\u011fiz ve bize iletecekler. Diyalo\u011fumuz s\u00fcrecek&#8221; diye konu\u015ftu.<\/p>\n<p style=\"text-align: justify;\">Bir gazetecinin, 2. Lig 4. Grup tak\u0131mlar\u0131ndan Kahramanmara\u015fspor&#8217;un sezon a\u00e7\u0131l\u0131\u015f\u0131nda, Irak&#8217;\u0131n Zaho tak\u0131m\u0131yla dostluk ma\u00e7\u0131 yapaca\u011f\u0131n\u0131 belirterek, &#8220;Bu ma\u00e7\u0131 a\u00e7\u0131l\u0131m politikas\u0131 \u00e7er\u00e7evesinde nas\u0131l de\u011ferlendiriyorsunuz?&#8221; sorusu \u00fczerine de Bakan Atalay, &#8220;Ne diyebilirim? Spor, karde\u015flik ve ili\u015fkilerin geli\u015fmesinde her zaman \u00f6nemli bir unsur olmu\u015ftur. Umar\u0131m bu da o manada katk\u0131 verir. Bunlardan mutluluk duyar\u0131z&#8221; kar\u015f\u0131l\u0131\u011f\u0131n\u0131 verdi.<\/p>\n<p style=\"text-align: justify;\"><strong><em>Yal\u00e7\u0131nda\u011f: &#8220;Demokratikle\u015fme, \u00f6ncelikli g\u00fcndem maddesi&#8230;&#8221; <\/em><\/strong><\/p>\n<p style=\"text-align: justify;\">T\u00dcS\u0130AD Y\u00f6netim Kurulu Ba\u015fkan\u0131 Yal\u00e7\u0131nda\u011f da demokratik standartlar\u0131n g\u00fc\u00e7lendirilmesi olgusunun 1999 Helsinki Zirvesi sonras\u0131nda T\u00fcrkiye&#8217;nin AB adayl\u0131\u011f\u0131n\u0131n resmen tesciliyle \u00f6nemli bir d\u00f6neme girdi\u011fini belirtti.<\/p>\n<p style=\"text-align: justify;\">Ge\u00e7en s\u00fcrede yasala\u015fan demokratikle\u015fme paketlerinin \u00f6zlem duyulan bir dizi demokratik kazan\u0131m\u0131n elde edilmesine arac\u0131 oldu\u011funa i\u015faret eden Yal\u00e7\u0131nda\u011f, &#8220;Ancak 2005 y\u0131l\u0131 itibar\u0131yla demokratikle\u015fme s\u00fcrecinde belirgin bir yava\u015flama ya\u015fand\u0131\u011f\u0131n\u0131n da alt\u0131n\u0131 \u00e7izmek gerekir. Say\u0131n Bakan&#8217;\u0131n ba\u015flatt\u0131\u011f\u0131 bu s\u00fcre\u00e7le demokratikle\u015fme olgusunun yeniden her boyutta ve her alanda \u00fclkemizin \u00f6ncelikli g\u00fcndem maddesi haline gelece\u011fini \u00fcmit ediyoruz&#8221; diye konu\u015ftu.<\/p>\n<p style=\"text-align: justify;\">Yal\u00e7\u0131nda\u011f, bug\u00fcn g\u00fcndemde yer te\u015fkil eden pek \u00e7ok konunun T\u00fcrkiye daha y\u00fcksek demokratik standartlara ula\u015ft\u0131k\u00e7a anlam\u0131n\u0131 giderek yitirece\u011fini veya do\u011fal bir \u00e7\u00f6z\u00fcm s\u00fcrecine girece\u011fini vurgulayarak, &#8220;Demokratikle\u015fme s\u00fcrecini canland\u0131rmak i\u00e7in bireysel hak ve \u00f6zg\u00fcrl\u00fckler, Siyasi Partiler Yasas\u0131, Se\u00e7im Yasas\u0131, yarg\u0131 reformu \u00f6ncelikli olarak ele al\u0131nmal\u0131 ve toplumsal uzla\u015fmayla ger\u00e7ekle\u015ftirilecek anayasa de\u011fi\u015fikli\u011fi ile s\u00fcrd\u00fcr\u00fclmelidir g\u00f6r\u00fc\u015f\u00fcndeyiz. Bu arka plan de\u011ferlendirmesinin \u00f6n\u00fcnde, hi\u00e7 \u015f\u00fcphesiz yakla\u015f\u0131k \u00e7eyrek y\u00fczy\u0131ldan fazla bir s\u00fcredir on binlerce insan\u0131m\u0131z\u0131n hayat\u0131na mal olan ter\u00f6r olgusunu, \u00e7\u00f6z\u00fclmesi gereken en \u00f6nemli problem olarak g\u00f6rmekteyiz&#8221; dedi.<\/p>\n<p style=\"text-align: justify;\">T\u00dcS\u0130AD Ba\u015fkan\u0131, Ter\u00f6r sorununun \u00e7\u00f6z\u00fclememesi, T\u00fcrkiye&#8217;nin t\u00fcm geli\u015fme perspektiflerini do\u011frudan veya dolayl\u0131 olarak t\u0131kamaktad\u0131r. Bu \u00e7er\u00e7evede ter\u00f6r\u00fcn kal\u0131c\u0131 olarak sona ermesi s\u00fcrecinde gerekli ekonomik, sosyal, k\u00fclt\u00fcrel a\u00e7\u0131l\u0131mlar\u0131n yukar\u0131da \u00e7er\u00e7evesini belirledi\u011fimiz demokratikle\u015fme ana ekseni \u00e7er\u00e7evesinde ele al\u0131nmas\u0131 ve ilgili t\u00fcm kesimlerin katk\u0131lar\u0131yla me\u015fru zeminlerde de\u011ferlendirilmesi gerekmektedir&#8221; diye konu\u015ftu.<\/p>\n<p style=\"text-align: justify;\">Yal\u00e7\u0131nda\u011f, sorunun \u00e7\u00f6z\u00fcm\u00fcnde toplumsal mutabakat\u0131n olmazsa olmaz bir ko\u015ful oldu\u011funu, dolay\u0131s\u0131yla milletin iradesinin temsil edildi\u011fi TBMM \u00e7at\u0131s\u0131 alt\u0131ndaki diyalo\u011fun hayati \u00f6nem ta\u015f\u0131d\u0131\u011f\u0131n\u0131 belirtti.<\/p>\n<p style=\"text-align: justify;\">Arzuhan Do\u011fan Yal\u00e7\u0131nda\u011f, &#8220;Say\u0131n Atalay ba\u015fta olmak \u00fczere devlet yetkililerimizin bu demokratik a\u00e7\u0131l\u0131m paketinin ayr\u0131nt\u0131lar\u0131n\u0131 kamuoyuyla bir an \u00f6nce payla\u015fmalar\u0131n\u0131 beklemekteyiz&#8221; dedi. Herhangi bir \u00f6neri sunup sunmad\u0131klar\u0131na y\u00f6nelik bir soru \u00fczerine de Yal\u00e7\u0131nda\u011f, \u00f6nerilerinin bulunmad\u0131\u011f\u0131n\u0131 bildirdi.<\/p>\n<p style=\"text-align: justify;\">Toplant\u0131ya, T\u00dcS\u0130AD Y\u00f6netim Kurulu \u00fcyelerinden Haluk Din\u00e7er, Tayfun Bayaz\u0131t, \u00dcmit Boyner ve Ali Kibar kat\u0131ld\u0131.<\/p>\n<p style=\"text-align: justify;\"><span style=\"color: #888888;\">CNN T\u00dcRK<\/span><\/p>\n","protected":false},"excerpt":{"rendered":"<p style=\"text-align: center;\">\n<p style=\"text-align: justify;\">\u0130\u00e7i\u015fleri Bakan\u0131 Be\u015fir Atalay, h\u00fck\u00fcmetin K\u00fcrt a\u00e7\u0131l\u0131m\u0131 \u00e7er\u00e7evesinde ger\u00e7ekle\u015ftirdi\u011fi ziyaretler kapsam\u0131nda bug\u00fcn D\u0130SK ve T\u00dcS\u0130AD&#8217;\u0131 ziyaret etti. Atalay, d\u00fcn ak\u015fam da yazar Ya\u015far Kemal ile bir araya geldi\u011fini s\u00f6yledi.<\/p>\n<p style=\"text-align: justify;\">G\u00f6r\u00fc\u015fmenin ard\u0131ndan Atalay ve \u00c7elebi kameralar\u0131n kar\u015f\u0131s\u0131na ge\u00e7ti.<\/p>\n<p style=\"text-align: justify;\">Atalay Ya\u015far Kemal&#8217;le g\u00f6r\u00fc\u015fmesini, &#8220;Ak\u015fam Say\u0131n Ya\u015far Kemal&#8217;i ziyaret <\/p>\n","protected":false},"author":1,"featured_media":0,"comment_status":"open","ping_status":"closed","sticky":false,"template":"","format":"standard","meta":{"footnotes":""},"categories":[105],"tags":[],"class_list":["post-13609","post","type-post","status-publish","format-standard","hentry","category-gundem","odd"],"_links":{"self":[{"href":"http:\/\/www.korhanyilmaz.com\/index.php?rest_route=\/wp\/v2\/posts\/13609","targetHints":{"allow":["GET"]}}],"collection":[{"href":"http:\/\/www.korhanyilmaz.com\/index.php?rest_route=\/wp\/v2\/posts"}],"about":[{"href":"http:\/\/www.korhanyilmaz.com\/index.php?rest_route=\/wp\/v2\/types\/post"}],"author":[{"embeddable":true,"href":"http:\/\/www.korhanyilmaz.com\/index.php?rest_route=\/wp\/v2\/users\/1"}],"replies":[{"embeddable":true,"href":"http:\/\/www.korhanyilmaz.com\/index.php?rest_route=%2Fwp%2Fv2%2Fcomments&post=13609"}],"version-history":[{"count":0,"href":"http:\/\/www.korhanyilmaz.com\/index.php?rest_route=\/wp\/v2\/posts\/13609\/revisions"}],"wp:attachment":[{"href":"http:\/\/www.korhanyilmaz.com\/index.php?rest_route=%2Fwp%2Fv2%2Fmedia&parent=13609"}],"wp:term":[{"taxonomy":"category","embeddable":true,"href":"http:\/\/www.korhanyilmaz.com\/index.php?rest_route=%2Fwp%2Fv2%2Fcategories&post=13609"},{"taxonomy":"post_tag","embeddable":true,"href":"http:\/\/www.korhanyilmaz.com\/index.php?rest_route=%2Fwp%2Fv2%2Ftags&post=13609"}],"curies":[{"name":"wp","href":"https:\/\/api.w.org\/{rel}","templated":true}]}}