{"id":13593,"date":"2009-08-17T17:41:27","date_gmt":"2009-08-17T15:41:27","guid":{"rendered":"http:\/\/www.korhanyilmaz.com\/?p=13593"},"modified":"2009-08-17T17:41:27","modified_gmt":"2009-08-17T15:41:27","slug":"issizlik-sigortasi-yasasi-onaylandi","status":"publish","type":"post","link":"http:\/\/www.korhanyilmaz.com\/?p=13593","title":{"rendered":"\u0130\u015fsizlik Sigortas\u0131 Yasas\u0131 onayland\u0131"},"content":{"rendered":"<p><a href=\"http:\/\/www.korhanyilmaz.com\/wp-content\/uploads\/2009\/08\/abdullah_gul.jpg\"  class=\"lightview\"><img loading=\"lazy\" decoding=\"async\" class=\"aligncenter size-full wp-image-13594\" title=\"abdullah_gul\" src=\"http:\/\/www.korhanyilmaz.com\/wp-content\/uploads\/2009\/08\/abdullah_gul.jpg\" alt=\"abdullah_gul\" width=\"314\" height=\"211\" \/><\/a><\/p>\n<p style=\"text-align: justify;\">Cumhurba\u015fkan\u0131 Abdullah G\u00fcl, &#8220;\u0130\u015fsizlik Yasas\u0131 Sigortas\u0131 Yasas\u0131&#8221;n\u0131 onaylad\u0131.<\/p>\n<p style=\"text-align: justify;\">ANKARA &#8211; Cumhurba\u015fkan\u0131 Abdullah G\u00fcl, 5921 say\u0131l\u0131 &#8221;\u0130\u015fsizlik Sigortas\u0131 Kanunu ile Sosyal Sigortalar ve Genel Sa\u011fl\u0131k Sigortas\u0131 Kanununda De\u011fi\u015fiklik Yap\u0131lmas\u0131na Dair Kanun&#8221;u onaylad\u0131.<\/p>\n<p style=\"text-align: justify;\">Cumhurba\u015fkanl\u0131\u011f\u0131 Bas\u0131n Merkezi&#8217;nden yap\u0131lan a\u00e7\u0131klamada, Cumhurba\u015fkan\u0131 G\u00fcl kanunu yay\u0131mlanmak \u00fczere Ba\u015fbakanl\u0131\u011fa g\u00f6nderdi. <!--more--><\/p>\n<p style=\"text-align: justify;\"><strong>YASA NE D\u0130YOR?<\/strong><\/p>\n<p style=\"text-align: justify;\">Cumhurba\u015fkan\u0131 Abdullah G\u00fcl&#8217;\u00fcn onaylad\u0131\u011f\u0131 5921 say\u0131l\u0131 &#8221;\u0130\u015fsizlik Sigortas\u0131 Kanunu ile Sosyal Sigortalar ve Genel Sa\u011fl\u0131k Sigortas\u0131 Kanununda De\u011fi\u015fiklik Yap\u0131lmas\u0131na Dair Kanun&#8221; \u0130\u015fsizlik Sigortas\u0131 Fonu nema gelirlerinden b\u00fct\u00e7eye pay aktar\u0131lmas\u0131n\u0131 \u00f6ng\u00f6r\u00fcyor.<\/p>\n<p style=\"text-align: justify;\">Cumhurba\u015fkan\u0131 G\u00fcl taraf\u0131ndan yay\u0131mlanmak \u00fczere Ba\u015fbakanl\u0131\u011fa g\u00f6nderilen kanun, i\u015fsizlik \u00f6dene\u011fi alanlar\u0131n i\u015fe al\u0131m\u0131na te\u015fvik getiriyor.<\/p>\n<p style=\"text-align: justify;\">Buna g\u00f6re, belirlenen prime esas kazan\u00e7 alt s\u0131n\u0131r\u0131 \u00fczerinden hesaplanan i\u015f\u00e7i ve i\u015fveren pay\u0131 sigorta primleri ile Genel Sa\u011fl\u0131k Sigortas\u0131 primi; kalan i\u015fsizlik \u00f6dene\u011fi s\u00fcresince \u0130\u015fsizlik Sigortas\u0131 Fonu&#8217;ndan kar\u015f\u0131lanacak. Bu s\u00fcre, ba\u015flang\u0131\u00e7ta belirlenen toplam hak sahipli\u011fi s\u00fcresinden d\u00fc\u015f\u00fclecek. Bu kapsamdakiler i\u00e7in k\u0131sa vadeli sigorta kollar\u0131 prim oran\u0131 y\u00fczde 1 olarak uygulanacak.<\/p>\n<p style=\"text-align: justify;\">S\u00f6z konusu primlerin, \u0130\u015fsizlik Sigortas\u0131 Fonu&#8217;ndan kar\u015f\u0131lanabilmesi i\u00e7in i\u015fverenlerin \u00e7al\u0131\u015ft\u0131rd\u0131klar\u0131 sigortal\u0131lar i\u00e7in yasa uyar\u0131nca ayl\u0131k prim ve hizmet belgelerinin yasal s\u00fcresi i\u00e7erisinde, Sosyal G\u00fcvenlik Kurumuna (SGK) verilmesi ve prime esas alt kazan\u00e7 s\u0131n\u0131r\u0131 ve prime esas kazan\u00e7 aras\u0131ndaki fark ile i\u015fsizlik sigortas\u0131 primlerinin SGK&#8217;ya \u00f6denmi\u015f olmas\u0131 gerekecek. \u0130\u015fverenler, ayn\u0131 d\u00f6nem i\u00e7in ve m\u00fckerrer olarak bu destekten yararlanamayacak. Bu d\u00fczenleme, kamu kurum ve kurulu\u015flar\u0131nda uygulanmayacak.<\/p>\n<p style=\"text-align: justify;\">2009 y\u0131l\u0131n\u0131n Nisan ay\u0131na ait prim ve hizmet belgelerinde bildirilen sigortal\u0131 say\u0131s\u0131na ilave olarak, 31 Aral\u0131k 2009 tarihine kadar i\u015fe al\u0131nan ve fiilen \u00e7al\u0131\u015ft\u0131ranlar i\u00e7in, alt s\u0131n\u0131r \u00fczerinden i\u015fveren prim hisseleri 6 ay s\u00fcreyle \u0130\u015fsizlik Sigortas\u0131 Fonundan \u00f6denecek. Bunun i\u00e7in i\u015fe ba\u015flama tarihinden \u00f6nceki 3 ay i\u00e7inde ayn\u0131 i\u015fverende \u00e7al\u0131\u015fmam\u0131\u015f olma ko\u015fulu aranacak. Ayr\u0131ca, d\u00fczenlemeden yararlanma ve ba\u015fvuru s\u00fcresinin 6 aya kadar daha uzat\u0131lmas\u0131 konusunda Bakanlar Kuruluna yetki veriliyor.<\/p>\n<p style=\"text-align: justify;\"><strong>GAP&#8217;A \u0130\u015eS\u0130ZL\u0130K FONUNDAN KAYNAK<\/strong><\/p>\n<p style=\"text-align: justify;\">Kanunla, G\u00fcneydo\u011fu Anadolu Projesine (GAP) kaynak aktar\u0131l\u0131yor. 2009 y\u0131l\u0131na m\u00fcnhas\u0131r olmak \u00fczere; \u0130\u015fsizlik Fonu&#8217;nun nema gelirlerinden d\u00f6rtte \u00fc\u00e7\u00fc b\u00fct\u00e7eye gelir kaydedilecek. Bu tutar\u0131n, Y\u00fcksek Planlama Kurulu karar\u0131na istinaden GAP kapsam\u0131ndaki yat\u0131r\u0131mlar \u00f6ncelikli olmak \u00fczere, ekonomik kalk\u0131nma ve sosyal geli\u015fmeye y\u00f6nelik altyap\u0131 yat\u0131r\u0131mlar\u0131nda kullan\u0131lmak \u00fczere ilgili idare b\u00fct\u00e7elerine \u00f6denek kaydetmeye Maliye Bakan\u0131 yetkili olacak. Bu \u00f6denekler, 2009 yat\u0131r\u0131m program\u0131 ile ili\u015fkilendirilecek.<\/p>\n<p style=\"text-align: justify;\">Fon taraf\u0131ndan tahsil edilecek nema gelirlerinin 2010 y\u0131l\u0131nda d\u00f6rtte \u00fc\u00e7\u00fc, 2011 ve 2012 y\u0131llar\u0131nda d\u00f6rtte biri, ilgili y\u0131l genel b\u00fct\u00e7elerinde b\u00fct\u00e7e gelir tahmini olarak yer alacak.<\/p>\n<p style=\"text-align: justify;\">Te\u015fvik edilen yat\u0131r\u0131mlara ba\u011fl\u0131 olarak, istihdam edilen i\u015f\u00e7ilerin sigorta primlerinin i\u015fveren hisselerinin tamam\u0131na kadar olan k\u0131sm\u0131, belirli bir s\u00fcre Hazine taraf\u0131ndan kar\u015f\u0131lanacak. Yat\u0131r\u0131m\u0131n konusuna, b\u00fcy\u00fckl\u00fc\u011f\u00fcne ve bulundu\u011fu illerin geli\u015fmi\u015flik seviyesine g\u00f6re uygulama s\u00fcresi, kar\u015f\u0131lama oran\u0131 ve kapsam; yat\u0131r\u0131m\u0131n sekt\u00f6r\u00fc, b\u00fcy\u00fckl\u00fc\u011f\u00fc ve bulundu\u011fu ile g\u00f6re Bakanlar Kurulu taraf\u0131ndan belirlenecek.<\/p>\n<p style=\"text-align: justify;\">Cumhurba\u015fkan\u0131 G\u00fcl, 5920 say\u0131l\u0131 &#8221;\u0130\u015f Kanunu, \u0130\u015fsizlik Sigortas\u0131 Kanunu ve Sosyal Sigortalar ve Genel Sa\u011fl\u0131k Sigortas\u0131 Kanununda De\u011fi\u015fiklik Yap\u0131lmas\u0131na Dair Kanun&#8221;u yeniden g\u00f6r\u00fc\u015f\u00fclmek \u00fczere TBMM&#8217;ye iade etmi\u015fti. TBMM Plan ve B\u00fct\u00e7e Komisyonunda, geri g\u00f6nderme gerek\u00e7esine konu olan &#8221;\u00f6zel istihdam b\u00fcrolar\u0131na&#8221; ili\u015fkin madde metinden \u00e7\u0131kar\u0131lm\u0131\u015f, kanunun ad\u0131 da &#8221;\u0130\u015fsizlik Sigortas\u0131 Kanunu, Sosyal Sigortalar ve Genel Sa\u011fl\u0131k Sigortas\u0131 Kanununda De\u011fi\u015fiklik Yap\u0131lmas\u0131 Hakk\u0131nda Kanun&#8221; olarak de\u011fi\u015ftirilmi\u015fti.<\/p>\n<p style=\"text-align: justify;\"><span style=\"color: #888888;\">Gazeteport<\/span><\/p>\n","protected":false},"excerpt":{"rendered":"<\/p>\n<p style=\"text-align: justify;\">Cumhurba\u015fkan\u0131 Abdullah G\u00fcl, &#8220;\u0130\u015fsizlik Yasas\u0131 Sigortas\u0131 Yasas\u0131&#8221;n\u0131 onaylad\u0131.<\/p>\n<p style=\"text-align: justify;\">ANKARA &#8211; Cumhurba\u015fkan\u0131 Abdullah G\u00fcl, 5921 say\u0131l\u0131 &#8221;\u0130\u015fsizlik Sigortas\u0131 Kanunu ile Sosyal Sigortalar ve Genel Sa\u011fl\u0131k Sigortas\u0131 Kanununda De\u011fi\u015fiklik Yap\u0131lmas\u0131na Dair Kanun&#8221;u onaylad\u0131.<\/p>\n<p style=\"text-align: justify;\">Cumhurba\u015fkanl\u0131\u011f\u0131 Bas\u0131n Merkezi&#8217;nden yap\u0131lan a\u00e7\u0131klamada, Cumhurba\u015fkan\u0131 G\u00fcl kanunu yay\u0131mlanmak \u00fczere Ba\u015fbakanl\u0131\u011fa g\u00f6nderdi. <\/p>\n","protected":false},"author":1,"featured_media":0,"comment_status":"open","ping_status":"closed","sticky":false,"template":"","format":"standard","meta":{"footnotes":""},"categories":[7,105],"tags":[],"class_list":["post-13593","post","type-post","status-publish","format-standard","hentry","category-ekonomi","category-gundem","odd"],"_links":{"self":[{"href":"http:\/\/www.korhanyilmaz.com\/index.php?rest_route=\/wp\/v2\/posts\/13593","targetHints":{"allow":["GET"]}}],"collection":[{"href":"http:\/\/www.korhanyilmaz.com\/index.php?rest_route=\/wp\/v2\/posts"}],"about":[{"href":"http:\/\/www.korhanyilmaz.com\/index.php?rest_route=\/wp\/v2\/types\/post"}],"author":[{"embeddable":true,"href":"http:\/\/www.korhanyilmaz.com\/index.php?rest_route=\/wp\/v2\/users\/1"}],"replies":[{"embeddable":true,"href":"http:\/\/www.korhanyilmaz.com\/index.php?rest_route=%2Fwp%2Fv2%2Fcomments&post=13593"}],"version-history":[{"count":0,"href":"http:\/\/www.korhanyilmaz.com\/index.php?rest_route=\/wp\/v2\/posts\/13593\/revisions"}],"wp:attachment":[{"href":"http:\/\/www.korhanyilmaz.com\/index.php?rest_route=%2Fwp%2Fv2%2Fmedia&parent=13593"}],"wp:term":[{"taxonomy":"category","embeddable":true,"href":"http:\/\/www.korhanyilmaz.com\/index.php?rest_route=%2Fwp%2Fv2%2Fcategories&post=13593"},{"taxonomy":"post_tag","embeddable":true,"href":"http:\/\/www.korhanyilmaz.com\/index.php?rest_route=%2Fwp%2Fv2%2Ftags&post=13593"}],"curies":[{"name":"wp","href":"https:\/\/api.w.org\/{rel}","templated":true}]}}