{"id":13590,"date":"2009-08-17T21:28:49","date_gmt":"2009-08-17T18:28:49","guid":{"rendered":"http:\/\/www.korhanyilmaz.com\/?p=13590"},"modified":"2009-08-17T21:28:49","modified_gmt":"2009-08-17T18:28:49","slug":"askeri-egitimde-patlama-4-sehit","status":"publish","type":"post","link":"http:\/\/www.korhanyilmaz.com\/?p=13590","title":{"rendered":"Askeri e\u011fitimde patlama: 4 \u015fehit"},"content":{"rendered":"<p style=\"text-align: center;\"><a href=\"http:\/\/www.korhanyilmaz.com\/wp-content\/uploads\/2009\/08\/4sehit.jpg\"  class=\"lightview\"><img loading=\"lazy\" decoding=\"async\" class=\"aligncenter size-full wp-image-13591\" src=\"http:\/\/www.korhanyilmaz.com\/wp-content\/uploads\/2009\/08\/4sehit.jpg\" alt=\"\" width=\"269\" height=\"207\" \/><\/a><\/p>\n<p style=\"text-align: justify;\">Elaz\u0131\u011f&#8217;\u0131n Karako\u00e7an il\u00e7esinde g\u00f6reve \u00e7\u0131kan timdeki bir askerin \u00fczerinde el bombas\u0131n\u0131n patlamas\u0131 sonucu 4 asker \u015fehit oldu.<\/p>\n<p style=\"text-align: justify;\">\u0130l\u00e7eye ba\u011fl\u0131 Ko\u00e7yi\u011fitler k\u00f6y\u00fc b\u00f6lgesinde devriye g\u00f6revi yapan timdeki askerlerden birin \u00fczerindeki el bombas\u0131 patlad\u0131.<\/p>\n<p style=\"text-align: justify;\">Patlamada piyade erler Mesut Bulut, \u0130brahim Yaman, \u0130brahim \u00d6zt\u00fcrk ve Ali Osman Alt\u0131n yaraland\u0131. <!--more--><\/p>\n<p style=\"text-align: justify;\">Yaral\u0131 askerler helikopterle Elaz\u0131\u011f Asker Hastanesi&#8217;ne g\u00f6t\u00fcr\u00fcl\u00fcrken yolda \u015fehit oldu.<\/p>\n<p style=\"text-align: justify;\">Patlaman\u0131n el bombas\u0131n\u0131n kazayla patlamas\u0131 sonucu meydana gelmi\u015f olabilece\u011fi belirtildi.<\/p>\n<p style=\"text-align: justify;\">Otopsinin ard\u0131ndan, \u015fehitlerin cenazeleri, T\u00fcrk bayra\u011f\u0131na sar\u0131l\u0131 tabutlarda, Elaz\u0131\u011f Asker Hastanesi&#8217;ne ait iki ambulansla Elaz\u0131\u011f Asker Hastanesi&#8217;ne g\u00f6t\u00fcr\u00fcld\u00fc.<\/p>\n<p style=\"text-align: justify;\"><span style=\"color: #888888;\">CNN T\u00dcRK<\/span><\/p>\n","protected":false},"excerpt":{"rendered":"<p style=\"text-align: center;\">\n<p style=\"text-align: justify;\">Elaz\u0131\u011f&#8217;\u0131n Karako\u00e7an il\u00e7esinde g\u00f6reve \u00e7\u0131kan timdeki bir askerin \u00fczerinde el bombas\u0131n\u0131n patlamas\u0131 sonucu 4 asker \u015fehit oldu.<\/p>\n<p style=\"text-align: justify;\">\u0130l\u00e7eye ba\u011fl\u0131 Ko\u00e7yi\u011fitler k\u00f6y\u00fc b\u00f6lgesinde devriye g\u00f6revi yapan timdeki askerlerden birin \u00fczerindeki el bombas\u0131 patlad\u0131.<\/p>\n<p style=\"text-align: justify;\">Patlamada piyade erler Mesut Bulut, \u0130brahim Yaman, \u0130brahim \u00d6zt\u00fcrk ve Ali Osman Alt\u0131n yaraland\u0131. <\/p>\n","protected":false},"author":1,"featured_media":0,"comment_status":"open","ping_status":"closed","sticky":false,"template":"","format":"standard","meta":{"footnotes":""},"categories":[105],"tags":[],"class_list":["post-13590","post","type-post","status-publish","format-standard","hentry","category-gundem","odd"],"_links":{"self":[{"href":"http:\/\/www.korhanyilmaz.com\/index.php?rest_route=\/wp\/v2\/posts\/13590","targetHints":{"allow":["GET"]}}],"collection":[{"href":"http:\/\/www.korhanyilmaz.com\/index.php?rest_route=\/wp\/v2\/posts"}],"about":[{"href":"http:\/\/www.korhanyilmaz.com\/index.php?rest_route=\/wp\/v2\/types\/post"}],"author":[{"embeddable":true,"href":"http:\/\/www.korhanyilmaz.com\/index.php?rest_route=\/wp\/v2\/users\/1"}],"replies":[{"embeddable":true,"href":"http:\/\/www.korhanyilmaz.com\/index.php?rest_route=%2Fwp%2Fv2%2Fcomments&post=13590"}],"version-history":[{"count":0,"href":"http:\/\/www.korhanyilmaz.com\/index.php?rest_route=\/wp\/v2\/posts\/13590\/revisions"}],"wp:attachment":[{"href":"http:\/\/www.korhanyilmaz.com\/index.php?rest_route=%2Fwp%2Fv2%2Fmedia&parent=13590"}],"wp:term":[{"taxonomy":"category","embeddable":true,"href":"http:\/\/www.korhanyilmaz.com\/index.php?rest_route=%2Fwp%2Fv2%2Fcategories&post=13590"},{"taxonomy":"post_tag","embeddable":true,"href":"http:\/\/www.korhanyilmaz.com\/index.php?rest_route=%2Fwp%2Fv2%2Ftags&post=13590"}],"curies":[{"name":"wp","href":"https:\/\/api.w.org\/{rel}","templated":true}]}}