{"id":13581,"date":"2009-08-17T14:55:35","date_gmt":"2009-08-17T11:55:35","guid":{"rendered":"http:\/\/www.korhanyilmaz.com\/?p=13581"},"modified":"2025-10-30T22:02:22","modified_gmt":"2025-10-30T19:02:22","slug":"ogretmene-tecavuz","status":"publish","type":"post","link":"http:\/\/www.korhanyilmaz.com\/?p=13581","title":{"rendered":"\u00d6\u011fretmene tecav\u00fcz"},"content":{"rendered":"<p style=\"text-align: center;\">\n<p><a href=\"http:\/\/www.korhanyilmaz.com\/wp-content\/uploads\/2009\/08\/1094.jpg\"  class=\"lightview\"><img loading=\"lazy\" decoding=\"async\" class=\"aligncenter wp-image-621027\" src=\"http:\/\/www.korhanyilmaz.com\/wp-content\/uploads\/2009\/08\/1094.jpg\" alt=\"\" width=\"400\" height=\"192\" \/><\/a><\/p>\n<p style=\"text-align: justify;\">14 ya\u015f\u0131ndaki \u00f6\u011frenci, evine girdi\u011fi 25 ya\u015f\u0131ndaki \u00f6\u011fretmene tecav\u00fcz etti.<\/p>\n<p style=\"text-align: justify;\">SAKARYA&#8217;n\u0131n Kaynarca \u0130l\u00e7esi&#8217;nde g\u00f6rev yaparken, y\u00fcz\u00fcn\u00fc t\u00fclle kapatarak evinee giren 14 ya\u015f\u0131ndaki 8&#8217;inci s\u0131n\u0131f \u00f6\u011frencisi A.G. nin b\u0131\u00e7ak tehditiyle tecav\u00fcz\u00fcne u\u011frayan 25 ya\u015f\u0131ndaki m\u00fczik \u00f6\u011fretmeni E.Y., mahkemedeki ifadesinde korku dolu dakikalar\u0131 anlatt\u0131. Tecav\u00fcz sonras\u0131 ba\u015fka ile tayine edilen gen\u00e7 \u00f6\u011fretmen, talimatla al\u0131nan ifadesinde \u00f6\u011frencisinin kendisine d\u00f6verek b\u0131\u00e7ak zoruyla tecav\u00fcz etti\u011fini, kredi kartlar\u0131n\u0131 ve paras\u0131n\u0131 da ald\u0131\u011f\u0131n\u0131 belirtti.<\/p>\n<p style=\"text-align: justify;\">2008 y\u0131l\u0131 aral\u0131k ay\u0131nda meydana gelen tecav\u00fcz olay\u0131n\u0131n ard\u0131ndan yakalanan ve tutuklu olarak yarg\u0131lanan A.G. hakk\u0131nda 40 y\u0131la kadar hapis cezas\u0131 istenirken, ba\u015fka bir ile atanan \u00f6\u011fretmen yaz\u0131l\u0131 ifadesini g\u00f6nderdi.<!--more-->Gen\u00e7 \u00f6\u011fretmen ifadesinde olay\u0131 ayr\u0131nt\u0131s\u0131yla anlat\u0131rken, y\u00fcz\u00fcn\u00fc t\u00fclle gizlemesine ra\u011fmen tan\u0131d\u0131\u011f\u0131 A.G.&#8217;nin zil \u00e7al\u0131nca kap\u0131y\u0131 a\u00e7t\u0131\u011f\u0131nda y\u00fcz\u00fcne vurdu\u011funu, sonra sopa ile darbeler indirdi\u011fini belirterek dedi:<\/p>\n<p style=\"text-align: justify;\">&#8220;Ba\u011f\u0131rmaya ba\u015flay\u0131nca bu sefer yumrukla vurmaya ba\u015flad\u0131. `Ne olursun bana zarar verme&#8217; dedim. Beni yere yat\u0131rd\u0131ktan sonra ellerimi arkadan ba\u011flad\u0131. C\u00fczdan\u0131m\u0131 ve telefonlar\u0131m\u0131 ald\u0131. Sonra da bo\u011faz\u0131ma ekmek b\u0131\u00e7a\u011f\u0131n\u0131 dayay\u0131p cinsel sald\u0131r\u0131da bulundu&#8221;<\/p>\n<p style=\"text-align: justify;\"><strong>`RUH SA\u011eLI\u011eI ETK\u0130LEND\u0130&#8217; RAPORU<\/strong><\/p>\n<p style=\"text-align: justify;\">\u00d6\u011fretmen E.Y., mahkemede okunan 2 sayfal\u0131k ifadesinde \u00f6rgencisinin tecav\u00fcz s\u0131ras\u0131nda kendisini \u00f6l\u00fcmle tehdit etti\u011fini de kaydederek, &#8220;`Paralar\u0131 al git&#8217; dedim. Bana `beni ihbar etmeyece\u011fini nereden bileyim&#8217; deyince, s\u00f6z verdim. Ard\u0131ndan beni ellerim arkadan ba\u011fl\u0131 olarak b\u0131rak\u0131p bankaya para \u00e7ekmeye gitti\u011finde d\u0131\u015far\u0131 \u00e7\u0131k\u0131p yard\u0131m istedim&#8221; dedi.<\/p>\n<p style=\"text-align: justify;\">Duru\u015fmada gen\u00e7 \u00f6\u011fretmen E.Y. i\u00e7in Kocaeli \u00dcniversitesi T\u0131p Fak\u00fcltesi Adli T\u0131p Anabilim Dal\u0131 Ba\u015fkanl\u0131\u011f\u0131nca verilen, `cinsel sald\u0131r\u0131da ruh sa\u011fl\u0131\u011f\u0131n\u0131n etkilendi\u011fine&#8217; dair rapor da okundu.<\/p>\n<p style=\"text-align: justify;\">Tutuklu yarg\u0131lanan ve hakk\u0131nda 40 y\u0131la kadar hapis cezas\u0131 istenen A.G. ise poliste ve sorgu hakimli\u011finde kabul etti\u011fi su\u00e7lamalar\u0131 mahkemede reddetti.<\/p>\n<p style=\"text-align: justify;\"><span style=\"color: #888888;\">Kaynak : Vatan<\/span><\/p>\n","protected":false},"excerpt":{"rendered":"<p style=\"text-align: center;\">\n<p style=\"text-align: justify;\">14 ya\u015f\u0131ndaki \u00f6\u011frenci, evine girdi\u011fi 25 ya\u015f\u0131ndaki \u00f6\u011fretmene tecav\u00fcz etti.<\/p>\n<p style=\"text-align: justify;\">SAKARYA&#8217;n\u0131n Kaynarca \u0130l\u00e7esi&#8217;nde g\u00f6rev yaparken, y\u00fcz\u00fcn\u00fc t\u00fclle kapatarak evinee giren 14 ya\u015f\u0131ndaki 8&#8217;inci s\u0131n\u0131f \u00f6\u011frencisi A.G. nin b\u0131\u00e7ak tehditiyle tecav\u00fcz\u00fcne u\u011frayan 25 ya\u015f\u0131ndaki m\u00fczik \u00f6\u011fretmeni E.Y., mahkemedeki ifadesinde korku dolu dakikalar\u0131 anlatt\u0131. Tecav\u00fcz sonras\u0131 ba\u015fka ile tayine <\/p>\n","protected":false},"author":1,"featured_media":0,"comment_status":"open","ping_status":"closed","sticky":false,"template":"","format":"standard","meta":{"footnotes":""},"categories":[7],"tags":[],"class_list":["post-13581","post","type-post","status-publish","format-standard","hentry","category-ekonomi","odd"],"_links":{"self":[{"href":"http:\/\/www.korhanyilmaz.com\/index.php?rest_route=\/wp\/v2\/posts\/13581","targetHints":{"allow":["GET"]}}],"collection":[{"href":"http:\/\/www.korhanyilmaz.com\/index.php?rest_route=\/wp\/v2\/posts"}],"about":[{"href":"http:\/\/www.korhanyilmaz.com\/index.php?rest_route=\/wp\/v2\/types\/post"}],"author":[{"embeddable":true,"href":"http:\/\/www.korhanyilmaz.com\/index.php?rest_route=\/wp\/v2\/users\/1"}],"replies":[{"embeddable":true,"href":"http:\/\/www.korhanyilmaz.com\/index.php?rest_route=%2Fwp%2Fv2%2Fcomments&post=13581"}],"version-history":[{"count":0,"href":"http:\/\/www.korhanyilmaz.com\/index.php?rest_route=\/wp\/v2\/posts\/13581\/revisions"}],"wp:attachment":[{"href":"http:\/\/www.korhanyilmaz.com\/index.php?rest_route=%2Fwp%2Fv2%2Fmedia&parent=13581"}],"wp:term":[{"taxonomy":"category","embeddable":true,"href":"http:\/\/www.korhanyilmaz.com\/index.php?rest_route=%2Fwp%2Fv2%2Fcategories&post=13581"},{"taxonomy":"post_tag","embeddable":true,"href":"http:\/\/www.korhanyilmaz.com\/index.php?rest_route=%2Fwp%2Fv2%2Ftags&post=13581"}],"curies":[{"name":"wp","href":"https:\/\/api.w.org\/{rel}","templated":true}]}}