{"id":13572,"date":"2009-08-17T14:25:09","date_gmt":"2009-08-17T11:25:09","guid":{"rendered":"http:\/\/www.korhanyilmaz.com\/?p=13572"},"modified":"2009-08-17T14:25:09","modified_gmt":"2009-08-17T11:25:09","slug":"minare-efsanesi-gercek-cikti","status":"publish","type":"post","link":"http:\/\/www.korhanyilmaz.com\/?p=13572","title":{"rendered":"Minare efsanesi ger\u00e7ek \u00e7\u0131kt\u0131"},"content":{"rendered":"<p style=\"text-align: justify;\"><a href=\"http:\/\/www.korhanyilmaz.com\/wp-content\/uploads\/2009\/08\/minare_efsanesi.jpg\"  class=\"lightview\"><img loading=\"lazy\" decoding=\"async\" class=\"aligncenter size-full wp-image-13573\" src=\"http:\/\/www.korhanyilmaz.com\/wp-content\/uploads\/2009\/08\/minare_efsanesi.jpg\" alt=\"\" width=\"329\" height=\"210\" \/><\/a><\/p>\n<p style=\"text-align: justify;\">K\u00fc\u00e7\u00fck\u00e7ekmecelilerin anlatti\u011fi kay\u0131p \u015fehir bulundu.<\/p>\n<p style=\"text-align: justify;\">Avrupa&#8217;n\u0131n ve \u0130stanbul\u2019un en eski yerle\u015fim yeri Yar\u0131mburgaz\u2019\u0131n bulundu\u011fu K\u00fc\u00e7\u00fck\u00e7ekmece havzas\u0131nda g\u00fcn \u0131\u015f\u0131\u011f\u0131na \u00e7\u0131kar\u0131lacak. K\u00fc\u00e7\u00fck\u00e7ekmece halk\u0131n\u0131n &#8216;g\u00f6l\u00fcn i\u00e7inde bir cami minaresi var&#8217; diye anlatt\u0131\u011f\u0131 \u015fehir efsanesi b\u00f6ylece a\u00e7\u0131\u011fa \u00e7\u0131kt\u0131.<\/p>\n<p style=\"text-align: justify;\">Avc\u0131lar Firuzk\u00f6y\u2019de K\u00fc\u00e7\u00fck\u00e7ekmece G\u00f6l\u00fc k\u0131y\u0131s\u0131nda izlerine rastlanan MS 4. Y\u00fczy\u0131la tarihlendi\u011fi d\u00fc\u015f\u00fcn\u00fclen antik kent Bathonea\u2019da kaz\u0131 \u00e7al\u0131\u015fmalar\u0131 ba\u015flad\u0131.<\/p>\n<p style=\"text-align: justify;\">Kocaeli \u00dcniversitesi\u2019nden Yard. Do\u00e7. Dr. \u015eeng\u00fcl Ayd\u0131ng\u00fcn, Avrupa ve \u0130stanbul\u2019un en eski yerle\u015fim yeri Yar\u0131mburgaz\u2019\u0131n bulundu\u011fu K\u00fc\u00e7\u00fck\u00e7ekmece havzas\u0131nda ge\u00e7en y\u0131l yapt\u0131klar\u0131 y\u00fczey ara\u015ft\u0131rmalar\u0131nda kentin izine rastlad\u0131klar\u0131n\u0131 hat\u0131rlatt\u0131. \u0130stanbul Tarih \u00f6ncesi \u00e7a\u011flar Ara\u015ft\u0131rmalar\u0131 (\u0130TA) Projesi Ba\u015fkan\u0131 Ayd\u0131ng\u00fcn bas\u0131na yapt\u0131\u011f\u0131 a\u00e7\u0131klamada, antik kaynaklarda ve co\u011frafyac\u0131lar eserlerinde Byzantion\u2019a (eski \u0130stanbul) yakla\u015f\u0131k 20 kilometre uzakl\u0131kta oldu\u011fu ifade edilen Bathonia ad\u0131ndaki antik liman kentinin yerinin, ge\u00e7en y\u0131l yapt\u0131klar\u0131 ara\u015ft\u0131rmalarda ortaya \u00e7\u0131kt\u0131\u011f\u0131n\u0131 anlatt\u0131. <!--more--><\/p>\n<p style=\"text-align: justify;\">Kaz\u0131lara ili\u015fkin izin s\u00fcrecinin ard\u0131ndan \u00e7al\u0131\u015fmalara ba\u015fland\u0131\u011f\u0131n\u0131 anlatan Ayd\u0131ng\u00fcn, &#8220;\u015eu anda \u00e7ok uzun s\u00fcrecek bir kaz\u0131 \u00e7al\u0131\u015fmas\u0131n\u0131n en ba\u015f\u0131nday\u0131z. Belki y\u00fcz y\u0131l s\u00fcrecek bir \u00e7al\u0131\u015fma bu&#8221; diye konu\u015ftu.<\/p>\n<p style=\"text-align: justify;\">Ara\u015ft\u0131rmalar \u00e7er\u00e7evesince kentte ilk olarak antik liman kal\u0131nt\u0131lar\u0131n\u0131n tespit edildi\u011fini, y\u00fczey ara\u015ft\u0131rmalar\u0131nda seramik ve benzeri k\u00fc\u00e7\u00fck buluntular elde ettiklerini anlatan Ayd\u0131ng\u00fcn, &#8220;Burada antik Bathonea kentinin, -ki bunun tarihi Helenistik d\u00f6neme kadar gider, 4-5. Y\u00fczy\u0131la kadar gider- bu alanda aranmas\u0131 gerekti\u011fini ortaya koydu. \u00c7al\u0131\u015fmalar\u0131m\u0131z\u0131 bu alanda yo\u011funla\u015ft\u0131rd\u0131k.<\/p>\n<p style=\"text-align: justify;\">Yap\u0131lan ot temizli\u011fi b\u00fct\u00fcn yap\u0131lar\u0131 g\u00f6rmemize imkan verdi&#8221; diye konu\u015ftu.<\/p>\n<p style=\"text-align: justify;\">Ayd\u0131ng\u00fcn, hava foto\u011fraflar\u0131nda kentteki antik yolun biraz alt\u0131nda &#8220;\u0131zgara sistemini&#8221; i\u015faret eden g\u00f6r\u00fcnt\u00fcler tespit ettiklerini, Efes ve di\u011fer antik kentlerdeki gibi planl\u0131 geli\u015fmi\u015f bir \u015fehircili\u011fin mevcut oldu\u011fu tahmin edilen kenti ortaya \u00e7\u0131karmay\u0131 d\u00fc\u015f\u00fcnd\u00fcklerini dile getirdi.<\/p>\n<p style=\"text-align: justify;\">\u0130lk kazmay\u0131 vurduklar\u0131 alan\u0131n b\u00f6lgenin en \u00f6nemli noktas\u0131 oldu\u011funu belirten Ayd\u0131ng\u00fcn, g\u00f6le hakim bir noktada, \u00fczerinde s\u00fctun ve kap\u0131 b\u00f6l\u00fcmleri gibi \u00f6nemli mimari kal\u0131nt\u0131lar\u0131n g\u00f6r\u00fcld\u00fc\u011f\u00fc alan\u0131n alt\u0131ndaki yap\u0131n\u0131n, konumundan dolay\u0131 bir tap\u0131nak oldu\u011funun d\u00fc\u015f\u00fcn\u00fcld\u00fc\u011f\u00fcn\u00fc ifade etti.<\/p>\n<p style=\"text-align: justify;\"><strong>-\u0130STANBUL\u2019UN YEN\u0130 &#8220;TAR\u0130H\u0130 YARIMADASI&#8221;-<\/strong><\/p>\n<p style=\"text-align: justify;\">Do\u011fu Akdeniz \u00dcniversitesi\u2019nden Sualt\u0131 Arkeolo\u011fu Prof. Hakan \u00d6niz de kentin bulundu\u011fu yerin bir yar\u0131mada oldu\u011funu g\u00f6stererek, kentteki yap\u0131lar\u0131n yar\u0131m adan\u0131n en u\u00e7 k\u0131sm\u0131nda bir mendirekle, bir liman ve bir deniz feneri ile birle\u015fti\u011finin g\u00f6r\u00fcld\u00fc\u011f\u00fcn\u00fc s\u00f6yledi.<\/p>\n<p style=\"text-align: justify;\">G\u00fcn\u00fcm\u00fczden 1000 y\u0131l \u00f6nce K\u00fc\u00e7\u00fck\u00e7ekmece g\u00f6l\u00fcn\u00fcn Marmara ile ba\u011flant\u0131s\u0131n\u0131n daha geni\u015f oldu\u011funu hat\u0131rlatan \u00d6niz, \u015fu anda liman\u0131n ve fenerin oldu\u011fu k\u0131s\u0131mda dalg\u0131\u00e7lar\u0131n y\u00fcr\u00fctt\u00fc\u011f\u00fc ara\u015ft\u0131rmalarla fenerin \u00e7izim \u00e7al\u0131\u015fmalar\u0131n\u0131n yap\u0131ld\u0131\u011f\u0131n\u0131 anlatt\u0131.<\/p>\n<p style=\"text-align: justify;\">Liman\u0131n 40\u2019tan fazla geminin demirleyebildi\u011fi bir askeri liman oldu\u011funu belirten \u00d6niz, deniz fenerine ula\u015fmalar\u0131n\u0131n halk aras\u0131nda burada bir minare oldu\u011fu s\u00f6ylentisi \u00fczerine yola \u00e7\u0131kmalar\u0131yla m\u00fcmk\u00fcn oldu\u011funu anlatt\u0131.<\/p>\n<p style=\"text-align: justify;\">\u00d6niz, fenerin denizin alt\u0131nda par\u00e7alar\u0131 etrafa da\u011f\u0131lm\u0131\u015f bir \u015fekilde oldu\u011funu belirterek, yap\u0131lacak bir restorasyon \u00e7al\u0131\u015fmas\u0131yla aya\u011fa kald\u0131r\u0131labilece\u011fini s\u00f6yledi.<\/p>\n<p style=\"text-align: justify;\"><strong>-\u00dc\u00c7 \u00d6NEML\u0130 DEN\u0130Z FENER\u0130NDEN B\u0130R\u0130-<\/strong><\/p>\n<p style=\"text-align: justify;\">K\u00fclt\u00fcr ve Turizm Bakanl\u0131\u011f\u0131 K\u00fclt\u00fcr Varl\u0131klar\u0131 ve M\u00fczeler Genel M\u00fcd\u00fcr\u00fc Orhan D\u00fczg\u00fcn ise T\u00fcrkiye genelinde y\u00fcr\u00fct\u00fclen 150\u2019nin \u00fczerindeki antik kent kaz\u0131s\u0131na Bathonea\u2019n\u0131n da eklendi\u011fini ifade etti. D\u00fczg\u00fcn, buradaki deniz fenerinin antik d\u00f6neme ait 3 \u00f6nemli deniz fenerinden birisi oldu\u011funu belirtti.<\/p>\n<p style=\"text-align: justify;\">\u0130l K\u00fclt\u00fcr ve Turizm M\u00fcd\u00fcr\u00fc Ahmet Emre Bilgili de kaz\u0131 alan\u0131n\u0131n korunmas\u0131 ve kaz\u0131lar\u0131n devam etmesi ile ilgili baz\u0131 endi\u015feleri oldu\u011funu, bunun i\u00e7in konuyu \u0130stanbul 2010 Avrupa K\u00fclt\u00fcr Ba\u015fkenti Ajans\u0131\u2019n\u0131n g\u00fcndemine ta\u015f\u0131yaca\u011f\u0131n\u0131 vurgulad\u0131.<\/p>\n<p style=\"text-align: justify;\">Antik kentin bulundu\u011fu yar\u0131madan\u0131n \u0130stanbul\u2019un turizmi a\u00e7\u0131s\u0131ndan \u00f6neminin alt\u0131n\u0131 \u00e7izen Bilgili, buray\u0131 bir turizm alan\u0131 haline getirmeye \u00e7al\u0131\u015facaklar\u0131n\u0131 ifade etti.<\/p>\n<p style=\"text-align: justify;\">K\u00fc\u00e7\u00fck\u00e7ekmece Belediye Ba\u015fkan\u0131 Aziz Yeniay ise belki de &#8220;Tarihi Yar\u0131mada&#8221;dan daha b\u00fcy\u00fck bir yerle\u015fimle kar\u015f\u0131 kar\u015f\u0131ya olundu\u011funu belirterek, &#8220;Buras\u0131 K\u00fc\u00e7\u00fck\u00e7ekmece g\u00f6l havzas\u0131nda. Burayla s\u0131n\u0131rl\u0131 olmayan bir \u00e7al\u0131\u015fma ba\u015flayacak. G\u00f6r\u00fcnen o ki, \u00f6n\u00fcm\u00fczde \u00e7ok b\u00fcy\u00fck bir kent merkezi ile kar\u015f\u0131 kar\u015f\u0131yay\u0131z&#8221; diye konu\u015ftu. \u0130ki y\u0131ld\u0131r projeye azami deste\u011fi verdiklerini bundan sonra da kaz\u0131 ekibinin ihtiya\u00e7lar\u0131n\u0131 kar\u015f\u0131lamak \u00fczere her t\u00fcrl\u00fc \u00e7al\u0131\u015fmay\u0131 y\u00fcr\u00fcteceklerini dile getiren Yeniay, K\u00fc\u00e7\u00fck\u00e7ekmece g\u00f6l\u00fcndeki temizlenme \u00e7al\u0131\u015fmalar\u0131n\u0131n da h\u0131zla devam etti\u011fi bilgisini verdi. Yeniay, biyolojik ar\u0131tma sisteminin 2-3 y\u0131l i\u00e7inde devreye girece\u011fini s\u00f6yledi.<\/p>\n<p style=\"text-align: justify;\">Avc\u0131lar Belediye Ba\u015fkan\u0131 Mustafa De\u011firmenci de K\u00fc\u00e7\u00fck\u00e7ekmece g\u00f6l havzas\u0131nda b\u00f6yle bir kentin varl\u0131\u011f\u0131n\u0131 tahmin ettikleri i\u00e7in imara a\u00e7mad\u0131klar\u0131n\u0131 belirterek, bu alan\u0131n bir a\u00e7\u0131k hava m\u00fczesi olmas\u0131n\u0131 istediklerini ifade etti.<\/p>\n<p style=\"text-align: justify;\">Arkeolojik kaz\u0131 \u00e7er\u00e7evesinde ilk \u00e7al\u0131\u015fma, konu\u015fmalar\u0131n ard\u0131ndan kentin tap\u0131nak oldu\u011fu d\u00fc\u015f\u00fcn\u00fclen noktas\u0131nda D\u00fczg\u00fcn, Bilgili, Yeniay, De\u011firmenci ile kaz\u0131 y\u00f6neticileri ve Do\u011fu Akdeniz ve \u0130stanbul \u00dcniversitesi\u2019nden yetkililer ile birlikte ba\u015flat\u0131ld\u0131.<\/p>\n<p style=\"text-align: justify;\"><strong>-ANT\u0130K KENTTE KISA B\u0130R GEZ\u0130- <\/strong><\/p>\n<p style=\"text-align: justify;\">Bathonea, K\u00fc\u00e7\u00fck\u00e7ekmece g\u00f6l\u00fcn\u00fcn Avc\u0131lar sahiliyle K\u00fc\u00e7\u00fck\u00e7ekmece k\u0131y\u0131lar\u0131 boyunca T\u00fcrkiye Atom Enerjisi Kurumunun arazisinin k\u0131y\u0131lar\u0131 da dahil 10 bin metre kareden fazla bir alan\u0131 kapl\u0131yor.<\/p>\n<p style=\"text-align: justify;\">Bathonea\u2019ya g\u00f6l taraf\u0131ndan tekne ile gelindi\u011finde ziyaret\u00e7ileri ilk olarak bir fener ve b\u00fcy\u00fck bir liman kar\u015f\u0131l\u0131yor. Liman\u0131n arkas\u0131nda bir sarn\u0131c\u0131n izleri g\u00f6r\u00fcl\u00fcyor. Yar\u0131madan\u0131n i\u00e7lerine do\u011fru 3 kilometrelik k\u0131y\u0131 boyunca ye\u015fil alanlarda tarihi kal\u0131nt\u0131lar\u0131n oldu\u011fu d\u00fc\u015f\u00fcn\u00fcl\u00fcrken, g\u00fcn\u00fcm\u00fcze kadar tarla olarak kullan\u0131lan alan\u0131n alt\u0131nda tarih \u00f6ncesi neolitik d\u00f6neme ait bulgular ve bir mezarl\u0131k (nekropol) alan\u0131 oldu\u011fu belitiliyor.<\/p>\n<p style=\"text-align: justify;\">Jeofizik \u00e7al\u0131\u015fmalarla tespit edilen alan \u0130stanbul \u00dcniversitesi Veterinerlik Fak\u00fcltesi\u2019ne ait arazisi i\u00e7inde bulunuyor.<\/p>\n<p style=\"text-align: justify;\">Tap\u0131na\u011f\u0131n bulundu\u011fu b\u00f6lgeden denize do\u011fru izleri g\u00f6r\u00fclen antik yoldan \u015fehrin \u00f6zel iskelesine iniliyor.Antik yol k\u0131y\u0131s\u0131nda kentin kal\u0131nt\u0131lar\u0131 kullan\u0131larak 20. Y\u00fczy\u0131l ba\u015flar\u0131nda in\u015fa edilmi\u015f \u00e7iftlik binalar\u0131n\u0131n izleri g\u00f6r\u00fcl\u00fcrken, y\u0131k\u0131lm\u0131\u015f bir \u00e7e\u015fme, yalak olarak kullan\u0131lm\u0131\u015f bir lahit par\u00e7as\u0131 ve Osmanl\u0131 d\u00f6nemine ait y\u0131k\u0131k bir hamam g\u00f6ze \u00e7arp\u0131yor.<\/p>\n<p style=\"text-align: justify;\">Tatl\u0131 su kaynaklar\u0131n\u0131n hala kullan\u0131ld\u0131\u011f\u0131 g\u00f6zlenen k\u0131y\u0131daki iskele g\u00f6zle g\u00f6r\u00fclebiliyor. \u0130skele \u00e7evresinde d\u00f6neme ait bir s\u00fctun da g\u00f6ze \u00e7arp\u0131yor.<\/p>\n<p style=\"text-align: justify;\">Antik kentin kaz\u0131 alan\u0131n\u0131n Firuzk\u00f6y\u2019de 10 kilometrelik bir k\u0131y\u0131 \u015feridindeki yap\u0131 izlerini takiben tespit edildi\u011fi belirtiliyor.<\/p>\n<p style=\"text-align: justify;\"><span style=\"color: #888888;\">Kaynak : Vatan<\/span><\/p>\n","protected":false},"excerpt":{"rendered":"<p style=\"text-align: justify;\">\n<p style=\"text-align: justify;\">K\u00fc\u00e7\u00fck\u00e7ekmecelilerin anlatti\u011fi kay\u0131p \u015fehir bulundu.<\/p>\n<p style=\"text-align: justify;\">Avrupa&#8217;n\u0131n ve \u0130stanbul\u2019un en eski yerle\u015fim yeri Yar\u0131mburgaz\u2019\u0131n bulundu\u011fu K\u00fc\u00e7\u00fck\u00e7ekmece havzas\u0131nda g\u00fcn \u0131\u015f\u0131\u011f\u0131na \u00e7\u0131kar\u0131lacak. K\u00fc\u00e7\u00fck\u00e7ekmece halk\u0131n\u0131n &#8216;g\u00f6l\u00fcn i\u00e7inde bir cami minaresi var&#8217; diye anlatt\u0131\u011f\u0131 \u015fehir efsanesi b\u00f6ylece a\u00e7\u0131\u011fa \u00e7\u0131kt\u0131.<\/p>\n<p style=\"text-align: justify;\">Avc\u0131lar Firuzk\u00f6y\u2019de K\u00fc\u00e7\u00fck\u00e7ekmece G\u00f6l\u00fc k\u0131y\u0131s\u0131nda izlerine rastlanan MS 4. Y\u00fczy\u0131la tarihlendi\u011fi d\u00fc\u015f\u00fcn\u00fclen <\/p>\n","protected":false},"author":1,"featured_media":0,"comment_status":"open","ping_status":"closed","sticky":false,"template":"","format":"standard","meta":{"footnotes":""},"categories":[7],"tags":[],"class_list":["post-13572","post","type-post","status-publish","format-standard","hentry","category-ekonomi","odd"],"_links":{"self":[{"href":"http:\/\/www.korhanyilmaz.com\/index.php?rest_route=\/wp\/v2\/posts\/13572","targetHints":{"allow":["GET"]}}],"collection":[{"href":"http:\/\/www.korhanyilmaz.com\/index.php?rest_route=\/wp\/v2\/posts"}],"about":[{"href":"http:\/\/www.korhanyilmaz.com\/index.php?rest_route=\/wp\/v2\/types\/post"}],"author":[{"embeddable":true,"href":"http:\/\/www.korhanyilmaz.com\/index.php?rest_route=\/wp\/v2\/users\/1"}],"replies":[{"embeddable":true,"href":"http:\/\/www.korhanyilmaz.com\/index.php?rest_route=%2Fwp%2Fv2%2Fcomments&post=13572"}],"version-history":[{"count":0,"href":"http:\/\/www.korhanyilmaz.com\/index.php?rest_route=\/wp\/v2\/posts\/13572\/revisions"}],"wp:attachment":[{"href":"http:\/\/www.korhanyilmaz.com\/index.php?rest_route=%2Fwp%2Fv2%2Fmedia&parent=13572"}],"wp:term":[{"taxonomy":"category","embeddable":true,"href":"http:\/\/www.korhanyilmaz.com\/index.php?rest_route=%2Fwp%2Fv2%2Fcategories&post=13572"},{"taxonomy":"post_tag","embeddable":true,"href":"http:\/\/www.korhanyilmaz.com\/index.php?rest_route=%2Fwp%2Fv2%2Ftags&post=13572"}],"curies":[{"name":"wp","href":"https:\/\/api.w.org\/{rel}","templated":true}]}}