{"id":13568,"date":"2009-08-17T17:30:38","date_gmt":"2009-08-17T14:30:38","guid":{"rendered":"http:\/\/www.korhanyilmaz.com\/?p=13568"},"modified":"2011-11-27T14:13:52","modified_gmt":"2011-11-27T12:13:52","slug":"tarikat-gozaltisina-mufettis-incelemesi","status":"publish","type":"post","link":"http:\/\/www.korhanyilmaz.com\/?p=13568","title":{"rendered":"Tarikat g\u00f6zalt\u0131s\u0131na m\u00fcfetti\u015f incelemesi"},"content":{"rendered":"<p style=\"text-align: center;\"><a href=\"http:\/\/www.korhanyilmaz.com\/wp-content\/uploads\/2009\/08\/ismailaga1.jpg\"  class=\"lightview\"><img loading=\"lazy\" decoding=\"async\" class=\"aligncenter size-full wp-image-13569\" src=\"http:\/\/www.korhanyilmaz.com\/wp-content\/uploads\/2009\/08\/ismailaga1.jpg\" alt=\"\" width=\"329\" height=\"210\" \/><\/a><\/p>\n<p style=\"text-align: justify;\">\u0130smaila\u011fa Cemaati&#8217;ne y\u00f6nelik operasyondan 20 g\u00fcn sonra 2 m\u00fcfetti\u015f geldi.<\/p>\n<p style=\"text-align: justify;\">\u0130SMA\u0130LA\u011eA Cemaatini mercek alt\u0131na ald\u0131\u011f\u0131 ileri s\u00fcr\u00fclen Erzincan Cumhuriyet Ba\u015fsavc\u0131s\u0131 \u0130lhan Cihaner hakk\u0131nda, Adelet Bakanl\u0131\u011f\u0131&#8217;ndan g\u00f6nderilen 2 m\u00fcfetti\u015fin 4 ay s\u00fcreyle soru\u015fturma yapt\u0131\u011f\u0131 ortaya \u00e7\u0131kt\u0131. 20 g\u00fcnden beri y\u0131ll\u0131k izinde olan ve g\u00f6revine d\u00f6nen Ba\u015fsavc\u0131 Cihaner, bas\u0131nda \u00e7\u0131kan haberlerle ilgili bir a\u00e7\u0131klama yapmayaca\u011f\u0131n\u0131 s\u00f6yledi.<!--more--><\/p>\n<p style=\"text-align: justify;\">Erzincan&#8217;da Cumhuriyet Ba\u015fsavc\u0131s\u0131 \u0130lhan Cihaner&#8217;in talimat\u0131 ile 23 \u015eubat 2009 g\u00fcn\u00fc ba\u015flat\u0131lan \u0130smaila\u011fa Cemaati&#8217;ne y\u00f6nelik operasyonda, jandarma taraf\u0131ndan 10&#8217;u kad\u0131n toplam 29 ki\u015fi g\u00f6zalt\u0131na al\u0131nd\u0131. Okul \u00f6ncesi ve ilk\u00f6\u011fretim \u00e7a\u011f\u0131ndaki \u00e7ocuklara yasalara ayk\u0131r\u0131 olarak e\u011fitim verdikleri ileri s\u00fcr\u00fclen 29 ki\u015finin, `yard\u0131m toplama kanununa muhalefet&#8217;, `doland\u0131r\u0131c\u0131l\u0131k&#8217; ve benzeri su\u00e7lardan g\u00f6zalt\u0131na al\u0131nd\u0131\u011f\u0131 a\u00e7\u0131kland\u0131.<\/p>\n<p style=\"text-align: justify;\">Operasyon s\u0131ras\u0131nda, cemaat evlerinde e\u011fitim alan 4- 6 ya\u015f grubundan 63 \u00e7ocuk ile 15- 18 ya\u015f grubundan 11 gen\u00e7 ailelerine teslim edildi. G\u00f6zalt\u0131na al\u0131nanlardan 20&#8217;si serbest b\u0131rak\u0131l\u0131rken, 9 ki\u015fi tutuklanarak Erzincan Cezaevi&#8217;ne g\u00f6nderildi. Tutuklananlardan 7&#8217;si ge\u00e7en 29 Haziran&#8217;da Erzincan&#8217;da, 2&#8217;si de 13 A\u011fustos&#8217;ta Erzurum&#8217;da, mahkemenin verdi\u011fi ara karar ile tutuksuz yarg\u0131lanmak \u00fczere serbest b\u0131rak\u0131ld\u0131.<\/p>\n<p style=\"text-align: justify;\"><strong>20 G\u00dcN SONRA 2 M\u00dcFETT\u0130\u015e GELD\u0130 <\/strong><\/p>\n<p style=\"text-align: justify;\">Yap\u0131lan ihbar ve mahkeme karar\u0131 ile ger\u00e7ekle\u015ftirilen 2 y\u0131l s\u00fcreli teknik takip ve 23 \u015eubat&#8217;ta operasyon yap\u0131lmas\u0131n\u0131n ard\u0131ndan, Erzincan Cumhuriyet Ba\u015fsavc\u0131l\u0131\u011f\u0131, iddiaya g\u00f6re \u0130smaila\u011fa Cemaati lideri Mahmut Ustaosmano\u011flu ile `C\u00fcbbeli Ahmet Hoca&#8217; olarak tan\u0131nan Ahmet Mahmut \u00dcnl\u00fc&#8217;n\u00fcn de aralar\u0131nda bulundu\u011fu 200&#8217;\u00fc a\u015fk\u0131n \u015f\u00fcpheli hakk\u0131nda soru\u015fturma a\u00e7\u0131lmas\u0131 i\u00e7in \u00e7al\u0131\u015fmalara ba\u015flad\u0131. Ancak, 16 Mart 2009&#8217;da Adalet Bakanl\u0131\u011f\u0131 Tefti\u015f Kurulu&#8217;ndan 2 m\u00fcfetti\u015f Erzincan&#8217;a gelerek, Cumhuriyet Ba\u015fsavc\u0131s\u0131 hakk\u0131nda yakla\u015f\u0131k 4 ay boyunca inceleme yapt\u0131.<\/p>\n<p style=\"text-align: justify;\">M\u00fcfetti\u015fler, operasyon kapsam\u0131nda tutuklanarak cezaevine g\u00f6nderilen \u015f\u00fcpheliler ba\u015fta olmak \u00fczere avukatlar, adliye \u00e7al\u0131\u015fanlar\u0131 ve kolluk kuvvetleriyle birlikte \u00e7ok say\u0131da ki\u015finin ifadesini ald\u0131. Yine m\u00fcfetti\u015fler, ba\u015fsavc\u0131l\u0131\u011f\u0131n ge\u00e7mi\u015fe y\u00f6nelik yapt\u0131\u011f\u0131 di\u011fer i\u015flemlerin dosyalar\u0131na bakt\u0131, tutuklama kararlar\u0131n\u0131 inceledi. \u0130ddiaya g\u00f6re operasyonun jandarma ile ni\u00e7in ger\u00e7ekle\u015ftirildi\u011fini de sorgulayan m\u00fcfetti\u015fler, yakla\u015f\u0131k bir ay s\u00fcreyle Ba\u015fsavc\u0131 Cihaner&#8217;in ifadesini ald\u0131. M\u00fcfetti\u015fler Erzincan&#8217;a 16 Mart&#8217;ta ba\u015flayan \u00e7al\u0131\u015fmalar\u0131n\u0131 17 Temmuz&#8217;da bitirdi.<\/p>\n<p style=\"text-align: justify;\"><strong>BA\u015eSAVCI YASAL HAKLARINI KULLANACAK <\/strong><\/p>\n<p style=\"text-align: justify;\">Erzincan Cumhuriyet Ba\u015fsavc\u0131s\u0131 \u0130lhan Cihaner, 20 g\u00fcnl\u00fck izini tamamlad\u0131ktan sonra bug\u00fcn kente gelerek g\u00f6revine ba\u015flad\u0131.<\/p>\n<p style=\"text-align: justify;\">Ba\u015fsavc\u0131 Cihaner, konuyla ilgili olarak herhangi bir a\u00e7\u0131klama yapmas\u0131n\u0131n s\u00f6z konusu olmad\u0131\u011f\u0131n\u0131 s\u00f6yledi, ancak bas\u0131nda aleyhine \u00e7\u0131kan ger\u00e7ek d\u0131\u015f\u0131 haberler ve maruz kald\u0131\u011f\u0131 hukuk d\u0131\u015f\u0131 uygulamalar i\u00e7in yasal haklar\u0131n\u0131 kullanaca\u011f\u0131n\u0131 s\u00f6yledi.<\/p>\n<p style=\"text-align: justify;\"><strong><em>\u0130lhan Cihaner kimdir? <\/em><\/strong><\/p>\n<p style=\"text-align: justify;\">1968 Kars do\u011fumlu. Reyhanl\u0131, \u0130dil, \u00c7aml\u0131dere&#8217;de Cumhuriyet Savc\u0131s\u0131 olarak \u00e7al\u0131\u015ft\u0131. Vezirk\u00f6pr\u00fc ve Ala\u015fehir Ba\u015fsavc\u0131l\u0131k g\u00f6revlerinin ard\u0131ndan, 2007 Temmuz ay\u0131ndan itibaren Erzincan Cumhuriyet Ba\u015fsavc\u0131s\u0131 olarak g\u00f6rev yap\u0131yor.<\/p>\n<p style=\"text-align: justify;\"><span style=\"color: #888888;\">Recep DEM\u0130RC\u0130\/ERZ\u0130NCAN, (DHA)<\/span><\/p>\n","protected":false},"excerpt":{"rendered":"<p style=\"text-align: center;\">\n<p style=\"text-align: justify;\">\u0130smaila\u011fa Cemaati&#8217;ne y\u00f6nelik operasyondan 20 g\u00fcn sonra 2 m\u00fcfetti\u015f geldi.<\/p>\n<p style=\"text-align: justify;\">\u0130SMA\u0130LA\u011eA Cemaatini mercek alt\u0131na ald\u0131\u011f\u0131 ileri s\u00fcr\u00fclen Erzincan Cumhuriyet Ba\u015fsavc\u0131s\u0131 \u0130lhan Cihaner hakk\u0131nda, Adelet Bakanl\u0131\u011f\u0131&#8217;ndan g\u00f6nderilen 2 m\u00fcfetti\u015fin 4 ay s\u00fcreyle soru\u015fturma yapt\u0131\u011f\u0131 ortaya \u00e7\u0131kt\u0131. 20 g\u00fcnden beri y\u0131ll\u0131k izinde olan ve g\u00f6revine d\u00f6nen Ba\u015fsavc\u0131 Cihaner, bas\u0131nda \u00e7\u0131kan <\/p>\n","protected":false},"author":1,"featured_media":0,"comment_status":"open","ping_status":"closed","sticky":false,"template":"","format":"standard","meta":{"footnotes":""},"categories":[105],"tags":[],"class_list":["post-13568","post","type-post","status-publish","format-standard","hentry","category-gundem","odd"],"_links":{"self":[{"href":"http:\/\/www.korhanyilmaz.com\/index.php?rest_route=\/wp\/v2\/posts\/13568","targetHints":{"allow":["GET"]}}],"collection":[{"href":"http:\/\/www.korhanyilmaz.com\/index.php?rest_route=\/wp\/v2\/posts"}],"about":[{"href":"http:\/\/www.korhanyilmaz.com\/index.php?rest_route=\/wp\/v2\/types\/post"}],"author":[{"embeddable":true,"href":"http:\/\/www.korhanyilmaz.com\/index.php?rest_route=\/wp\/v2\/users\/1"}],"replies":[{"embeddable":true,"href":"http:\/\/www.korhanyilmaz.com\/index.php?rest_route=%2Fwp%2Fv2%2Fcomments&post=13568"}],"version-history":[{"count":0,"href":"http:\/\/www.korhanyilmaz.com\/index.php?rest_route=\/wp\/v2\/posts\/13568\/revisions"}],"wp:attachment":[{"href":"http:\/\/www.korhanyilmaz.com\/index.php?rest_route=%2Fwp%2Fv2%2Fmedia&parent=13568"}],"wp:term":[{"taxonomy":"category","embeddable":true,"href":"http:\/\/www.korhanyilmaz.com\/index.php?rest_route=%2Fwp%2Fv2%2Fcategories&post=13568"},{"taxonomy":"post_tag","embeddable":true,"href":"http:\/\/www.korhanyilmaz.com\/index.php?rest_route=%2Fwp%2Fv2%2Ftags&post=13568"}],"curies":[{"name":"wp","href":"https:\/\/api.w.org\/{rel}","templated":true}]}}