{"id":13558,"date":"2009-08-16T13:08:52","date_gmt":"2009-08-16T11:08:52","guid":{"rendered":"http:\/\/www.korhanyilmaz.com\/?p=13558"},"modified":"2009-08-16T13:08:52","modified_gmt":"2009-08-16T11:08:52","slug":"simdi-de-baska-acilimlar-pesindeler","status":"publish","type":"post","link":"http:\/\/www.korhanyilmaz.com\/?p=13558","title":{"rendered":"\u015eimdi de ba\u015fka a\u00e7\u0131l\u0131mlar pe\u015findeler"},"content":{"rendered":"<p style=\"text-align: center;\"><a href=\"http:\/\/www.korhanyilmaz.com\/wp-content\/uploads\/2009\/08\/bahceli4.jpg\"  class=\"lightview\"><img loading=\"lazy\" decoding=\"async\" class=\"aligncenter size-full wp-image-13559\" src=\"http:\/\/www.korhanyilmaz.com\/wp-content\/uploads\/2009\/08\/bahceli4.jpg\" alt=\"\" width=\"274\" height=\"206\" \/><\/a><\/p>\n<p style=\"text-align: justify;\">Bah\u00e7eli, partisinin \u0130zmir \u0130l Kongresi\u2019nde h\u00fck\u00fcmetin \u2019K\u00fcrt a\u00e7\u0131l\u0131m\u0131\u2019n\u0131 ele\u015ftirdi.<\/p>\n<p style=\"text-align: justify;\">Erdo\u011fan\u2019\u0131n B\u00fcy\u00fckada\u2019da yapt\u0131\u011f\u0131 toplant\u0131ya tepki g\u00f6steren Bah\u00e7eli, \u201c\u015eimdi de ba\u015fka a\u00e7\u0131l\u0131m pe\u015findeler. Yass\u0131ada ve \u0130mral\u0131\u2019da \u00fclkeyi b\u00f6lmenin mi \u00fcniversitesini kuracaks\u0131n\u0131z?\u201d dedi.<\/p>\n<p style=\"text-align: justify;\">MHP Genel Ba\u015fkan\u0131 Devlet Bah\u00e7eli, partisinin \u0130zmir \u0130l Kongresi\u2019nde h\u00fck\u00fcmetin \u2019K\u00fcrt a\u00e7\u0131l\u0131m\u0131\u2019n\u0131 ele\u015ftirdi. Bah\u00e7eli, ele\u015ftirilerini, MHP\u2019nin \u2018K\u00fcrt a\u00e7\u0131l\u0131m\u0131na\u2019 verdi\u011fi tepkiden rahats\u0131z olanlarla y\u00f6neltirken \u00f6zetle \u015f\u00f6yle konu\u015ftu:<!--more--><\/p>\n<p style=\"text-align: justify;\"><strong>K\u00d6T\u00dc ADAMLAR:<\/strong> Baz\u0131 siyasi densizlerin dedi\u011fi gibi veya s\u00f6zde ayd\u0131nlar\u0131n kalemlerinden d\u00f6k\u00fclen karalar\u0131 okudu\u011fumuzda, \u2018bunlar kanla besleniyorlar\u2019s\u00f6z\u00fcn\u00fc kendilerine iade ediyoruz. Kimin kanla beslendi\u011fini biz biliyoruz. \u015eimdi de 25 y\u0131ld\u0131r devam eden bir b\u00f6l\u00fcc\u00fc ter\u00f6r\u00fc, karde\u015f kavgas\u0131na d\u00f6n\u00fc\u015ft\u00fcrmek i\u00e7in kalem oynat\u0131yorlar, televizyonlarda boy g\u00f6steriyorlar. Bunlar o nedenle k\u00f6t\u00fc adamd\u0131r. Ya zehir sa\u00e7maktan vazge\u00e7ecekler ya da T\u00fcrk adaletinin \u00f6n\u00fcde bir g\u00fcn hesap vereceklerdir.<\/p>\n<p style=\"text-align: justify;\"><strong>ARKASINDAN RUHBAN OKULU:<\/strong> \u00d6nce \u2019K\u00fcrt a\u00e7\u0131l\u0131mlar\u0131\u2019 ile yanl\u0131\u015f bir kavram kullan\u0131lm\u0131\u015ft\u0131r, sonra \u2019demokratik a\u00e7\u0131l\u0131ma\u2019d\u00f6n\u00fc\u015ft\u00fcrerek, \u00f6z\u00fcn\u00fc koruyarak, B\u00fcy\u00fckada\u2019da baz\u0131 \u00e7evrelerle g\u00f6r\u00fc\u015ferek, Ruhban Okulu ile bir ba\u015fka a\u00e7\u0131l\u0131m\u0131n pe\u015findedir. Ek\u00fcmenik ad\u0131 alt\u0131nda kendisini kabul ettirmek isteyen bir Patrikhanenin ba\u015f\u0131, Ba\u015fbakan\u2019a verdi\u011fi 88 maddelik, 15 sayfal\u0131k raporda, Yass\u0131ada\u2019da ve \u0130mral\u0131\u2019da \u00fcniversite kurulmas\u0131n\u0131 istiyorlarm\u0131\u015f. Neyin \u00fcniversitesini kuracas\u0131n\u0131z? T\u00fcrkiye\u2019yi b\u00f6lmenin \u00fcniversitesinin temelini mi atmak istiyorsunuz? B\u00fct\u00fcn bunlara bakt\u0131\u011f\u0131m\u0131z vakit sinsi oyunlarla T\u00fcrkiye kar\u015f\u0131 kar\u015f\u0131ya. Bu a\u00e7\u0131l\u0131ma bizden katk\u0131 bekleyenlere katk\u0131 sa\u011flayamay\u0131z. T\u00fcrkiye\u2019yi b\u00f6lmeye g\u00f6t\u00fcren bu felakaletin g\u00f6r\u00fc\u015fmelerini kabul edemeyiz. Biz MHP\u2019yiz, devletin \u00fclkesiyle milletiyle b\u00f6l\u00fcnmez b\u00fct\u00fcnl\u00fc\u011f\u00fcnden yanay\u0131z.<\/p>\n<p style=\"text-align: justify;\"><strong>O\u011eLUN KADAR D\u00dc\u015e\u00dcNEM\u0130YORSUN: <\/strong>\u0130deolojik b\u00f6l\u00fcnm\u00fc\u015fl\u00fckten T\u00fcrkiye\u2019nin bug\u00fcn yaralar\u0131n\u0131 yeni yeni sard\u0131\u011f\u0131 bir d\u00f6nemde, daha b\u00fcy\u00fck yaralar\u0131n a\u00e7\u0131lmas\u0131na f\u0131rsat vermemeliyiz. \u0130ki evlat vard\u0131r biri \u00fclk\u00fcc\u00fc, biri Marksist- Leninist olmu\u015ftur. Ama ak\u015fam ikisi de baba evine gelir. Etnik b\u00f6l\u00fcnm\u00fc\u015fl\u00fck \u00f6nce aileleri y\u0131kar. K\u00fcrt\u00e7e konu\u015fan karde\u015flerimizle T\u00fcrk\u00e7e konu\u015fan karde\u015flerimizin kurduklar\u0131 yuvan\u0131n ka\u00e7 tane oldu\u011funu g\u00f6rmek istemiyorlar. Bu yuvalar\u0131 kuranlar\u0131 ayr\u0131\u015ft\u0131rmamak laz\u0131m. Tayyip Erdo\u011fan, Bilal o\u011flun kadar d\u00fc\u015f\u00fcnm\u00fcyor musun?<\/p>\n<p style=\"text-align: justify;\"><strong><em>K\u0131rm\u0131z\u0131 plakal\u0131 <\/em><\/strong><\/p>\n<p style=\"text-align: justify;\">MHP Genel Ba\u015fkan\u0131 Devlet Bah\u00e7eli, partisinin \u0130zmir \u0130l Kongresi\u2019ne kat\u0131lmak i\u00e7in u\u00e7akla \u0130zmir Adnan Menderes Havaliman\u0131\u2019na geldi. Bah\u00e7eli\u2019yi, MHP \u0130zmir milletvekilleri Oktay Vural, \u015eenol Bal, Ahmet Kenan Tanr\u0131kulu, MHP \u0130l Ba\u015fkan Vekili \u00dcmit Akku\u015f, \u0130l Ba\u015fkan aday\u0131 M\u00fcsavat Dervi\u015fo\u011flu ile partililer kar\u015f\u0131lad\u0131. MHP lideri, havaliman\u0131ndan \u00fczerinde \u2018Devlet Bah\u00e7eli\u2019 yazan k\u0131rm\u0131z\u0131 plakal\u0131 siyah Mercedes marka otomobille ayr\u0131ld\u0131. Swissotel\u2019de dinlenmeye \u00e7ekilen Bah\u00e7eli, partisinin saat 13.00\u2019te K\u00fclt\u00fcrpark Fuar 1-B Hol\u2019de ba\u015flayacak, \u0130l Kongresi\u2019ne kat\u0131ld\u0131, saat 20.00\u2019de kentten ayr\u0131ld\u0131.<\/p>\n<p style=\"text-align: justify;\"><span style=\"color: #888888;\">Kaynak : Vatan<\/span><\/p>\n","protected":false},"excerpt":{"rendered":"<p style=\"text-align: center;\">\n<p style=\"text-align: justify;\">Bah\u00e7eli, partisinin \u0130zmir \u0130l Kongresi\u2019nde h\u00fck\u00fcmetin \u2019K\u00fcrt a\u00e7\u0131l\u0131m\u0131\u2019n\u0131 ele\u015ftirdi.<\/p>\n<p style=\"text-align: justify;\">Erdo\u011fan\u2019\u0131n B\u00fcy\u00fckada\u2019da yapt\u0131\u011f\u0131 toplant\u0131ya tepki g\u00f6steren Bah\u00e7eli, \u201c\u015eimdi de ba\u015fka a\u00e7\u0131l\u0131m pe\u015findeler. Yass\u0131ada ve \u0130mral\u0131\u2019da \u00fclkeyi b\u00f6lmenin mi \u00fcniversitesini kuracaks\u0131n\u0131z?\u201d dedi.<\/p>\n<p style=\"text-align: justify;\">MHP Genel Ba\u015fkan\u0131 Devlet Bah\u00e7eli, partisinin \u0130zmir \u0130l Kongresi\u2019nde h\u00fck\u00fcmetin \u2019K\u00fcrt a\u00e7\u0131l\u0131m\u0131\u2019n\u0131 ele\u015ftirdi. Bah\u00e7eli, ele\u015ftirilerini, MHP\u2019nin <\/p>\n","protected":false},"author":1,"featured_media":0,"comment_status":"open","ping_status":"closed","sticky":false,"template":"","format":"standard","meta":{"footnotes":""},"categories":[105],"tags":[],"class_list":["post-13558","post","type-post","status-publish","format-standard","hentry","category-gundem","odd"],"_links":{"self":[{"href":"http:\/\/www.korhanyilmaz.com\/index.php?rest_route=\/wp\/v2\/posts\/13558","targetHints":{"allow":["GET"]}}],"collection":[{"href":"http:\/\/www.korhanyilmaz.com\/index.php?rest_route=\/wp\/v2\/posts"}],"about":[{"href":"http:\/\/www.korhanyilmaz.com\/index.php?rest_route=\/wp\/v2\/types\/post"}],"author":[{"embeddable":true,"href":"http:\/\/www.korhanyilmaz.com\/index.php?rest_route=\/wp\/v2\/users\/1"}],"replies":[{"embeddable":true,"href":"http:\/\/www.korhanyilmaz.com\/index.php?rest_route=%2Fwp%2Fv2%2Fcomments&post=13558"}],"version-history":[{"count":0,"href":"http:\/\/www.korhanyilmaz.com\/index.php?rest_route=\/wp\/v2\/posts\/13558\/revisions"}],"wp:attachment":[{"href":"http:\/\/www.korhanyilmaz.com\/index.php?rest_route=%2Fwp%2Fv2%2Fmedia&parent=13558"}],"wp:term":[{"taxonomy":"category","embeddable":true,"href":"http:\/\/www.korhanyilmaz.com\/index.php?rest_route=%2Fwp%2Fv2%2Fcategories&post=13558"},{"taxonomy":"post_tag","embeddable":true,"href":"http:\/\/www.korhanyilmaz.com\/index.php?rest_route=%2Fwp%2Fv2%2Ftags&post=13558"}],"curies":[{"name":"wp","href":"https:\/\/api.w.org\/{rel}","templated":true}]}}