{"id":13554,"date":"2009-08-17T11:36:42","date_gmt":"2009-08-17T09:36:42","guid":{"rendered":"http:\/\/www.korhanyilmaz.com\/?p=13554"},"modified":"2009-08-17T11:36:42","modified_gmt":"2009-08-17T09:36:42","slug":"hukumete-calik-sorusu","status":"publish","type":"post","link":"http:\/\/www.korhanyilmaz.com\/?p=13554","title":{"rendered":"H\u00fck\u00fcmete \u00c7al\u0131k sorusu!"},"content":{"rendered":"<p><a href=\"http:\/\/www.korhanyilmaz.com\/wp-content\/uploads\/2009\/08\/calik_sorusu.jpg\"  class=\"lightview\"><img loading=\"lazy\" decoding=\"async\" class=\"aligncenter size-full wp-image-13555\" src=\"http:\/\/www.korhanyilmaz.com\/wp-content\/uploads\/2009\/08\/calik_sorusu.jpg\" alt=\"\" width=\"320\" height=\"100\" \/><\/a><\/p>\n<p style=\"text-align: justify;\">&#8216;Yenilenebilir Enerji Te\u015fvik Yasa Tasar\u0131s\u0131&#8217; neden bekletiliyor?<\/p>\n<p style=\"text-align: justify;\">H\u00fck\u00fcmetin, \u00c7al\u0131k Enerji\u2019ye ihalesiz olarak Samsun-Ceyhan petrol boru hatt\u0131 projesini vermesinin ard\u0131ndan \u201cYenilenebilir Enerji Te\u015fvik Yasa Tasar\u0131s\u0131n\u0131\u201d TBMM Genel Kuruluna getirmeyerek geciktirmesi TBMM\u2019de; \u201cAKP h\u00fck\u00fcmetinin kendine yak\u0131n \u015firketlere sa\u011flanacak kolayl\u0131klar i\u00e7in s\u00f6z konusu tasar\u0131y\u0131 rafta bekletti\u011fi\u201d iddialar\u0131n\u0131 g\u00fcndeme getirdi.<\/p>\n<p style=\"text-align: justify;\">Son haftalarda uluslararas\u0131 alanda yap\u0131lan enerji anla\u015fmalar\u0131nda \u201ch\u00fck\u00fcmete yak\u0131n\u201d \u015firketlerin ihalesiz projelerde yer almas\u0131 TBMM\u2019de gerilime neden oldu. CHP \u0130zmir Milletvekili Sel\u00e7uk Ayhan, Enerji ve Tabii Kaynaklar Bakan\u0131 Taner Y\u0131ld\u0131z\u2019\u0131n yan\u0131tlamas\u0131 istemiyle verdi\u011fi soru \u00f6nergesinde de s\u00f6z konusu ili\u015fkilere dikkat \u00e7ekti. <!--more-->Rusya ile T\u00fcrkiye aras\u0131nda imzalanan enerji anla\u015fmalar\u0131nda Ba\u015fbakan Recep Tayip Erdo\u011fan\u2019\u0131n damad\u0131 Berat Albayrak&#8217;\u0131n Genel M\u00fcd\u00fcr\u00fc oldu\u011fu \u00c7al\u0131k Enerji\u2019nin Bakanlar Kurulu karar\u0131yla ihalesiz olarak Samsun-Ceyhan petrol boru hatt\u0131 projesini \u00fcstlendi\u011fini an\u0131msatan Ayhan, \u015funlar\u0131 kaydetti:<\/p>\n<p style=\"text-align: justify;\">\u201cYap\u0131lan anla\u015fmadan da g\u00f6r\u00fclece\u011fi \u00fczere, AKP h\u00fck\u00fcmetince, yerli ve yenilenebilir enerji, kaynaklar\u0131 bir kenara itilmi\u015f, \u00e7ok uluslu enerji tekellerinin istemleri do\u011frultusunda, T\u00fcrkiye\u2019nin enerjide d\u0131\u015fa ba\u011f\u0131ml\u0131l\u0131\u011f\u0131 bir kez daha uluslararas\u0131 anla\u015fmalarla garanti alt\u0131na al\u0131nm\u0131\u015ft\u0131r. Onca yasay\u0131 apar topar TBMM\u2019den ge\u00e7irmeyi sa\u011flayan AKP h\u00fck\u00fcmetinin, g\u00fcne\u015f, r\u00fczg\u00e2r, jeotermal, biyo-at\u0131klar gibi yenilenebilir enerji kaynaklar\u0131n\u0131n, elektrik \u00fcretiminde kullan\u0131lmas\u0131n\u0131 te\u015fvik edecek Yenilenebilir Enerji Te\u015fvik Yasa Tasar\u0131s\u0131n\u0131 TBMM Genel Kuruluna getirmemi\u015f olmas\u0131, AKP h\u00fck\u00fcmetinin kendine yak\u0131n kimi \u015firketlere sa\u011flanacak kolayl\u0131klar ad\u0131na s\u00f6z konusu tasar\u0131y\u0131 rafta bekletti\u011fi iddialar\u0131na neden olmu\u015ftur.\u201d<\/p>\n<p style=\"text-align: justify;\"><strong>-\u201c\u0130L\u0130\u015eK\u0130 A\u00c7IKLANSIN\u201d- <\/strong><\/p>\n<p style=\"text-align: justify;\">Co\u011frafi konum gere\u011fi, T\u00fcrkiye\u2019nin g\u00fcne\u015f, r\u00fczgar, su, jeotermal ve biyoyak\u0131ttan enerji \u00fcretebilmek i\u00e7in d\u00fcnyan\u0131n bir\u00e7ok \u00fclkesine g\u00f6re avantajl\u0131 oldu\u011funa dikkat \u00e7eken Ayhan, buna kar\u015f\u0131n potansiyelin kullan\u0131lmad\u0131\u011f\u0131n\u0131 s\u00f6yledi. Son y\u0131larda ya\u015fanan elektrik kesintileri ve do\u011fal gaz krizlerinin; ithal ba\u011f\u0131ml\u0131 enerji planlamalar\u0131n\u0131n ve uygulamalar\u0131n\u0131n ulusal g\u00fcvenli\u011fi tehdit edebilece\u011fini g\u00f6sterdi\u011fini kaydeden Ayhan, T\u00fcrkiye\u2019nin yenilenebilir enerji kaynaklar\u0131na \u201cneden\u201d y\u00f6nelmedi\u011fini sordu.<\/p>\n<p style=\"text-align: justify;\">Ayhan, Bakan Y\u0131ld\u0131z\u2019dan \u201cYenilenebilir Enerji Kaynaklar\u0131 Yasa Tasar\u0131s\u0131n\u0131n rafa kald\u0131r\u0131lmas\u0131nda; \u00c7al\u0131k Holdinge ihalesiz verilen Samsun-Ceyhan petrol boru hatt\u0131na petrol; N\u00fckleer Santral ihalesinin de Rus-T\u00fcrk ortakl\u0131\u011fa verilmek istenmesi aras\u0131nda bir ili\u015fki var m\u0131d\u0131r?\u201d sorusunu yan\u0131tlamas\u0131n\u0131 istedi. Bakanl\u0131k taraf\u0131ndan, T\u00fcrkiye\u2019nin enerji envanterinin \u00e7\u0131kar\u0131l\u0131p \u00e7\u0131kar\u0131lmad\u0131\u011f\u0131n\u0131n da a\u00e7\u0131klanmas\u0131n\u0131 isteyen Ayhan, \u201cT\u00fcrkiye\u2019nin r\u00fczg\u00e2r, g\u00fcne\u015f, jeotermal gibi enerji potansiyelleri Avrupa \u00fclkelerine oranla y\u00fcksek olmas\u0131na kar\u015f\u0131n, h\u00fck\u00fcmetinizin yenilenebilir enerji alan\u0131nda yava\u015f ve etkisiz bir politika izlemesinde \u00e7ok uluslu enerji tekellerinin rol\u00fcn\u00fcn bulundu\u011fu iddialar\u0131 do\u011fru mudur?\u201d dedi.<\/p>\n<p style=\"text-align: justify;\"><span style=\"color: #888888;\">Kaynak : Vatan<\/span><\/p>\n","protected":false},"excerpt":{"rendered":"<\/p>\n<p style=\"text-align: justify;\">&#8216;Yenilenebilir Enerji Te\u015fvik Yasa Tasar\u0131s\u0131&#8217; neden bekletiliyor?<\/p>\n<p style=\"text-align: justify;\">H\u00fck\u00fcmetin, \u00c7al\u0131k Enerji\u2019ye ihalesiz olarak Samsun-Ceyhan petrol boru hatt\u0131 projesini vermesinin ard\u0131ndan \u201cYenilenebilir Enerji Te\u015fvik Yasa Tasar\u0131s\u0131n\u0131\u201d TBMM Genel Kuruluna getirmeyerek geciktirmesi TBMM\u2019de; \u201cAKP h\u00fck\u00fcmetinin kendine yak\u0131n \u015firketlere sa\u011flanacak kolayl\u0131klar i\u00e7in s\u00f6z konusu tasar\u0131y\u0131 rafta bekletti\u011fi\u201d iddialar\u0131n\u0131 g\u00fcndeme getirdi.<\/p>\n<p style=\"text-align: justify;\">Son haftalarda <\/p>\n","protected":false},"author":1,"featured_media":0,"comment_status":"open","ping_status":"closed","sticky":false,"template":"","format":"standard","meta":{"footnotes":""},"categories":[105],"tags":[],"class_list":["post-13554","post","type-post","status-publish","format-standard","hentry","category-gundem","odd"],"_links":{"self":[{"href":"http:\/\/www.korhanyilmaz.com\/index.php?rest_route=\/wp\/v2\/posts\/13554","targetHints":{"allow":["GET"]}}],"collection":[{"href":"http:\/\/www.korhanyilmaz.com\/index.php?rest_route=\/wp\/v2\/posts"}],"about":[{"href":"http:\/\/www.korhanyilmaz.com\/index.php?rest_route=\/wp\/v2\/types\/post"}],"author":[{"embeddable":true,"href":"http:\/\/www.korhanyilmaz.com\/index.php?rest_route=\/wp\/v2\/users\/1"}],"replies":[{"embeddable":true,"href":"http:\/\/www.korhanyilmaz.com\/index.php?rest_route=%2Fwp%2Fv2%2Fcomments&post=13554"}],"version-history":[{"count":0,"href":"http:\/\/www.korhanyilmaz.com\/index.php?rest_route=\/wp\/v2\/posts\/13554\/revisions"}],"wp:attachment":[{"href":"http:\/\/www.korhanyilmaz.com\/index.php?rest_route=%2Fwp%2Fv2%2Fmedia&parent=13554"}],"wp:term":[{"taxonomy":"category","embeddable":true,"href":"http:\/\/www.korhanyilmaz.com\/index.php?rest_route=%2Fwp%2Fv2%2Fcategories&post=13554"},{"taxonomy":"post_tag","embeddable":true,"href":"http:\/\/www.korhanyilmaz.com\/index.php?rest_route=%2Fwp%2Fv2%2Ftags&post=13554"}],"curies":[{"name":"wp","href":"https:\/\/api.w.org\/{rel}","templated":true}]}}